{"id":2356,"date":"2023-01-25T11:26:40","date_gmt":"2023-01-25T11:26:40","guid":{"rendered":"https:\/\/rolfbenker.com\/2023\/01\/25\/puertas-y-ventanas-de-aluminio\/"},"modified":"2023-02-28T08:05:41","modified_gmt":"2023-02-28T08:05:41","slug":"tueren-und-fenster-aus-aluminium","status":"publish","type":"post","link":"https:\/\/rolfbenker.com\/de\/tueren-und-fenster-aus-aluminium\/","title":{"rendered":"T\u00fcren und Fenster aus Aluminium"},"content":{"rendered":"<div class=\"x11i5rnm xat24cr x1mh8g0r x1vvkbs xdj266r x126k92a\">\n<div dir=\"auto\">\n<div class=\"x11i5rnm xat24cr x1mh8g0r x1vvkbs xtlvy1s x126k92a\">\n<div dir=\"auto\"><span class=\"x3nfvp2 x1j61x8r x1fcty0u xdj266r xhhsvwb xat24cr xgzva0m xxymvpz xlup9mm x1kky2od\"><img decoding=\"async\" src=\"https:\/\/static.xx.fbcdn.net\/images\/emoji.php\/v9\/t16\/1\/16\/1f1e9_1f1ea.png\" alt=\"\ud83c\udde9\ud83c\uddea\" width=\"16\" height=\"16\" title=\"\" fetchpriority=\"high\"><\/span> Die durch uns hergestellten Aluminiumfenster und -t\u00fcren sind nicht nur wunderbar vielseitig, was die Gestaltung angeht, sondern zeichnen sich insbesondere auch durch ihr hohes Ma\u00df an Stabilit\u00e4t und Energieeffizienz aus. Wo immer es um sehr gro\u00dfe und statisch anspruchsvolle Glasfl\u00e4chen geht, sind Fenster aus Aluminium daher das Mittel der Wahl.<\/div>\n<\/div>\n<div class=\"x11i5rnm xat24cr x1mh8g0r x1vvkbs xtlvy1s x126k92a\">\n<div dir=\"auto\">Langlebig, energieeffizient, stabil.<\/div>\n<\/div>\n<\/div>\n<\/div>\n<div class=\"x11i5rnm xat24cr x1mh8g0r x1vvkbs xtlvy1s x126k92a\">\n<div dir=\"auto\"><\/div>\n<\/div>\n","protected":false},"excerpt":{"rendered":"<p>Die durch uns hergestellten Aluminiumfenster und -t\u00fcren sind nicht nur wunderbar vielseitig, was die Gestaltung angeht, sondern zeichnen sich insbesondere auch durch ihr hohes Ma\u00df an Stabilit\u00e4t und Energieeffizienz aus. Wo immer es um sehr gro\u00dfe und statisch anspruchsvolle Glasfl\u00e4chen&#8230;<\/p>\n","protected":false},"author":1,"featured_media":2316,"comment_status":"open","ping_status":"open","sticky":false,"template":"","format":"standard","meta":{"footnotes":""},"categories":[61],"tags":[62],"class_list":["post-2356","post","type-post","status-publish","format-standard","has-post-thumbnail","hentry","category-ventanas-y-puertas-aluminio-de","tag-aislamiento-de"],"_links":{"self":[{"href":"https:\/\/rolfbenker.com\/de\/wp-json\/wp\/v2\/posts\/2356","targetHints":{"allow":["GET"]}}],"collection":[{"href":"https:\/\/rolfbenker.com\/de\/wp-json\/wp\/v2\/posts"}],"about":[{"href":"https:\/\/rolfbenker.com\/de\/wp-json\/wp\/v2\/types\/post"}],"author":[{"embeddable":true,"href":"https:\/\/rolfbenker.com\/de\/wp-json\/wp\/v2\/users\/1"}],"replies":[{"embeddable":true,"href":"https:\/\/rolfbenker.com\/de\/wp-json\/wp\/v2\/comments?post=2356"}],"version-history":[{"count":1,"href":"https:\/\/rolfbenker.com\/de\/wp-json\/wp\/v2\/posts\/2356\/revisions"}],"predecessor-version":[{"id":2357,"href":"https:\/\/rolfbenker.com\/de\/wp-json\/wp\/v2\/posts\/2356\/revisions\/2357"}],"wp:featuredmedia":[{"embeddable":true,"href":"https:\/\/rolfbenker.com\/de\/wp-json\/wp\/v2\/media\/2316"}],"wp:attachment":[{"href":"https:\/\/rolfbenker.com\/de\/wp-json\/wp\/v2\/media?parent=2356"}],"wp:term":[{"taxonomy":"category","embeddable":true,"href":"https:\/\/rolfbenker.com\/de\/wp-json\/wp\/v2\/categories?post=2356"},{"taxonomy":"post_tag","embeddable":true,"href":"https:\/\/rolfbenker.com\/de\/wp-json\/wp\/v2\/tags?post=2356"}],"curies":[{"name":"wp","href":"https:\/\/api.w.org\/{rel}","templated":true}]}}