{"id":2528,"date":"2023-02-03T11:09:35","date_gmt":"2023-02-03T11:09:35","guid":{"rendered":"https:\/\/rolfbenker.com\/2023\/02\/03\/diseno-y-creacion-de-muebles-a-medida\/"},"modified":"2023-02-03T11:11:40","modified_gmt":"2023-02-03T11:11:40","slug":"design-und-herstellung-von-individuellen-moebeln","status":"publish","type":"post","link":"https:\/\/rolfbenker.com\/de\/design-und-herstellung-von-individuellen-moebeln\/","title":{"rendered":"Design und Herstellung von individuellen M\u00f6beln"},"content":{"rendered":"<div class=\"x11i5rnm xat24cr x1mh8g0r x1vvkbs xdj266r x126k92a\">\n<div dir=\"auto\"><span class=\"x3nfvp2 x1j61x8r x1fcty0u xdj266r xhhsvwb xat24cr xgzva0m xxymvpz xlup9mm x1kky2od\"><img decoding=\"async\" src=\"https:\/\/static.xx.fbcdn.net\/images\/emoji.php\/v9\/t16\/1\/16\/1f1e9_1f1ea.png\" alt=\"\ud83c\udde9\ud83c\uddea\" width=\"16\" height=\"16\" title=\"\" fetchpriority=\"high\"><\/span> Wir erstellen individuelle M\u00f6bel nach Ihren Vorgaben und lassen Ihre Tr\u00e4ume Wirklichkeit werden. Egal ob Zimmert\u00fcren, Tische, begehbarer Kleiderschrank, Sauna in der Form eines Fasses, Parkett, Badezimmer- oder Schlafzimmerm\u00f6bel, oder au\u03b2ergew\u00f6hnliche Blickf\u00e4nge, wir sind die richtigen Ansprechpartner.<\/div>\n<div dir=\"auto\"><\/div>\n<\/div>\n<p><!--more--><\/p>\n<div class=\"x11i5rnm xat24cr x1mh8g0r x1vvkbs xtlvy1s x126k92a\">\n<div dir=\"auto\"><\/div>\n<\/div>\n<div class=\"x11i5rnm xat24cr x1mh8g0r x1vvkbs xtlvy1s x126k92a\">\n<div dir=\"auto\"><span class=\"x3nfvp2 x1j61x8r x1fcty0u xdj266r xhhsvwb xat24cr xgzva0m xxymvpz xlup9mm x1kky2od\"><img loading=\"lazy\" decoding=\"async\" src=\"https:\/\/static.xx.fbcdn.net\/images\/emoji.php\/v9\/t22\/1\/16\/260e.png\" alt=\"\u260e\" width=\"16\" height=\"16\" title=\"\" fetchpriority=\"low\"><\/span> Ll\u00e1manos sin compromiso al +34 664 797 435 o vis\u00edtanos en C\/ La Garza, 25, El Paso.<\/div>\n<\/div>\n<div dir=\"auto\"><\/div>\n<div dir=\"auto\"><img loading=\"lazy\" decoding=\"async\" class=\"aligncenter wp-image-2364 size-full\" src=\"http:\/\/rolfbenker.com\/wp-content\/uploads\/2023\/02\/mesa-maderamaciza-rolfbenker.jpg\" alt=\"\" width=\"800\" height=\"440\" title=\"\" srcset=\"https:\/\/rolfbenker.com\/wp-content\/uploads\/2023\/02\/mesa-maderamaciza-rolfbenker.jpg 800w, https:\/\/rolfbenker.com\/wp-content\/uploads\/2023\/02\/mesa-maderamaciza-rolfbenker-300x165.jpg 300w, https:\/\/rolfbenker.com\/wp-content\/uploads\/2023\/02\/mesa-maderamaciza-rolfbenker-768x422.jpg 768w, https:\/\/rolfbenker.com\/wp-content\/uploads\/2023\/02\/mesa-maderamaciza-rolfbenker-370x204.jpg 370w, https:\/\/rolfbenker.com\/wp-content\/uploads\/2023\/02\/mesa-maderamaciza-rolfbenker-360x198.jpg 360w\" sizes=\"auto, (max-width: 800px) 100vw, 800px\" \/ fetchpriority=\"low\"><\/div>\n<div dir=\"auto\"><\/div>\n<div dir=\"auto\"><img loading=\"lazy\" decoding=\"async\" class=\"aligncenter wp-image-2361 size-large\" src=\"http:\/\/rolfbenker.com\/wp-content\/uploads\/2023\/02\/disenomuebles-rolfbenker-lapalma-768x1024.jpg\" alt=\"\" width=\"768\" height=\"1024\" title=\"\" srcset=\"https:\/\/rolfbenker.com\/wp-content\/uploads\/2023\/02\/disenomuebles-rolfbenker-lapalma-768x1024.jpg 768w, https:\/\/rolfbenker.com\/wp-content\/uploads\/2023\/02\/disenomuebles-rolfbenker-lapalma-225x300.jpg 225w, https:\/\/rolfbenker.com\/wp-content\/uploads\/2023\/02\/disenomuebles-rolfbenker-lapalma-1152x1536.jpg 1152w, https:\/\/rolfbenker.com\/wp-content\/uploads\/2023\/02\/disenomuebles-rolfbenker-lapalma-270x360.jpg 270w, https:\/\/rolfbenker.com\/wp-content\/uploads\/2023\/02\/disenomuebles-rolfbenker-lapalma-360x480.jpg 360w, https:\/\/rolfbenker.com\/wp-content\/uploads\/2023\/02\/disenomuebles-rolfbenker-lapalma.jpg 1200w\" sizes=\"auto, (max-width: 768px) 100vw, 768px\" \/ fetchpriority=\"low\"><\/div>\n","protected":false},"excerpt":{"rendered":"<p>Wir erstellen individuelle M\u00f6bel nach Ihren Vorgaben und lassen Ihre Tr\u00e4ume Wirklichkeit werden. Egal ob Zimmert\u00fcren, Tische, begehbarer Kleiderschrank, Sauna in der Form eines Fasses, Parkett, Badezimmer- oder Schlafzimmerm\u00f6bel, oder au\u03b2ergew\u00f6hnliche Blickf\u00e4nge, wir sind die richtigen Ansprechpartner.<\/p>\n","protected":false},"author":1,"featured_media":2405,"comment_status":"open","ping_status":"open","sticky":false,"template":"","format":"standard","meta":{"footnotes":""},"categories":[66],"tags":[67],"class_list":["post-2528","post","type-post","status-publish","format-standard","has-post-thumbnail","hentry","category-diseno-de-muebles-de","tag-diseno-muebles-de"],"_links":{"self":[{"href":"https:\/\/rolfbenker.com\/de\/wp-json\/wp\/v2\/posts\/2528","targetHints":{"allow":["GET"]}}],"collection":[{"href":"https:\/\/rolfbenker.com\/de\/wp-json\/wp\/v2\/posts"}],"about":[{"href":"https:\/\/rolfbenker.com\/de\/wp-json\/wp\/v2\/types\/post"}],"author":[{"embeddable":true,"href":"https:\/\/rolfbenker.com\/de\/wp-json\/wp\/v2\/users\/1"}],"replies":[{"embeddable":true,"href":"https:\/\/rolfbenker.com\/de\/wp-json\/wp\/v2\/comments?post=2528"}],"version-history":[{"count":1,"href":"https:\/\/rolfbenker.com\/de\/wp-json\/wp\/v2\/posts\/2528\/revisions"}],"predecessor-version":[{"id":2529,"href":"https:\/\/rolfbenker.com\/de\/wp-json\/wp\/v2\/posts\/2528\/revisions\/2529"}],"wp:featuredmedia":[{"embeddable":true,"href":"https:\/\/rolfbenker.com\/de\/wp-json\/wp\/v2\/media\/2405"}],"wp:attachment":[{"href":"https:\/\/rolfbenker.com\/de\/wp-json\/wp\/v2\/media?parent=2528"}],"wp:term":[{"taxonomy":"category","embeddable":true,"href":"https:\/\/rolfbenker.com\/de\/wp-json\/wp\/v2\/categories?post=2528"},{"taxonomy":"post_tag","embeddable":true,"href":"https:\/\/rolfbenker.com\/de\/wp-json\/wp\/v2\/tags?post=2528"}],"curies":[{"name":"wp","href":"https:\/\/api.w.org\/{rel}","templated":true}]}}