{"id":2628,"date":"2023-03-02T09:12:06","date_gmt":"2023-03-02T09:12:06","guid":{"rendered":"https:\/\/rolfbenker.com\/diseno-de-muebles-para-espacios-dificiles\/"},"modified":"2023-03-02T09:16:21","modified_gmt":"2023-03-02T09:16:21","slug":"moebeldesign-fuer-schwierige-raeume","status":"publish","type":"post","link":"https:\/\/rolfbenker.com\/de\/moebeldesign-fuer-schwierige-raeume\/","title":{"rendered":"M\u00f6beldesign f\u00fcr schwierige R\u00e4ume"},"content":{"rendered":"<p>Wir m\u00f6chten nicht, dass Sie vergessen, dass wir bei Rolf Benker Carpinter\u00eda ein M\u00f6belhersteller nach Ma\u00df sind und au\u00dferdem Spezialisten f\u00fcr schwierige R\u00e4ume und komplizierte Ecken.<\/p>\n<p><!--more--><\/p>\n<p>Wir l\u00f6sen Ihre Probleme bei der Dekoration Ihres Hauses, und wenn wir \u00fcber kleine R\u00e4ume sprechen, bieten wir Ihnen das perfekte M\u00f6belst\u00fcck f\u00fcr diesen unm\u00f6glichen Raum. Wir m\u00f6chten Ihnen einige Tipps zu allen ma\u00dfgefertigten M\u00f6beln f\u00fcr schwierige R\u00e4ume geben, die sich m\u00f6glicherweise in Ihrem Zuhause befinden. Worauf warten Sie, um uns zu kontaktieren?<\/p>\n<p><img decoding=\"async\" class=\"alignnone size-full wp-image-2623\" src=\"https:\/\/rolfbenker.com\/wp-content\/uploads\/2023\/03\/rolfbenker-carpinteria-lapalma.jpg\" alt=\"\" width=\"382\" height=\"510\" title=\"\" srcset=\"https:\/\/rolfbenker.com\/wp-content\/uploads\/2023\/03\/rolfbenker-carpinteria-lapalma.jpg 382w, https:\/\/rolfbenker.com\/wp-content\/uploads\/2023\/03\/rolfbenker-carpinteria-lapalma-225x300.jpg 225w, https:\/\/rolfbenker.com\/wp-content\/uploads\/2023\/03\/rolfbenker-carpinteria-lapalma-270x360.jpg 270w, https:\/\/rolfbenker.com\/wp-content\/uploads\/2023\/03\/rolfbenker-carpinteria-lapalma-360x481.jpg 360w\" sizes=\"auto, (max-width: 382px) 100vw, 382px\" \/ fetchpriority=\"high\"><\/p>\n<p><img loading=\"lazy\" decoding=\"async\" class=\"alignnone size-full wp-image-2621\" src=\"https:\/\/rolfbenker.com\/wp-content\/uploads\/2023\/03\/rolfbenker-carpinterialapalma.jpg\" alt=\"\" width=\"382\" height=\"510\" title=\"\" srcset=\"https:\/\/rolfbenker.com\/wp-content\/uploads\/2023\/03\/rolfbenker-carpinterialapalma.jpg 382w, https:\/\/rolfbenker.com\/wp-content\/uploads\/2023\/03\/rolfbenker-carpinterialapalma-225x300.jpg 225w, https:\/\/rolfbenker.com\/wp-content\/uploads\/2023\/03\/rolfbenker-carpinterialapalma-270x360.jpg 270w, https:\/\/rolfbenker.com\/wp-content\/uploads\/2023\/03\/rolfbenker-carpinterialapalma-360x481.jpg 360w\" sizes=\"auto, (max-width: 382px) 100vw, 382px\" \/ fetchpriority=\"low\"><\/p>\n","protected":false},"excerpt":{"rendered":"<p>Wir m\u00f6chten nicht, dass Sie vergessen, dass wir bei Rolf Benker Carpinter\u00eda ein M\u00f6belhersteller nach Ma\u00df sind und au\u00dferdem Spezialisten f\u00fcr schwierige R\u00e4ume und komplizierte Ecken.<\/p>\n","protected":false},"author":1,"featured_media":2620,"comment_status":"open","ping_status":"open","sticky":false,"template":"","format":"standard","meta":{"footnotes":""},"categories":[66],"tags":[72,73],"class_list":["post-2628","post","type-post","status-publish","format-standard","has-post-thumbnail","hentry","category-diseno-de-muebles-de","tag-muebles-a-medida-de","tag-rincones-difiles-de"],"_links":{"self":[{"href":"https:\/\/rolfbenker.com\/de\/wp-json\/wp\/v2\/posts\/2628","targetHints":{"allow":["GET"]}}],"collection":[{"href":"https:\/\/rolfbenker.com\/de\/wp-json\/wp\/v2\/posts"}],"about":[{"href":"https:\/\/rolfbenker.com\/de\/wp-json\/wp\/v2\/types\/post"}],"author":[{"embeddable":true,"href":"https:\/\/rolfbenker.com\/de\/wp-json\/wp\/v2\/users\/1"}],"replies":[{"embeddable":true,"href":"https:\/\/rolfbenker.com\/de\/wp-json\/wp\/v2\/comments?post=2628"}],"version-history":[{"count":2,"href":"https:\/\/rolfbenker.com\/de\/wp-json\/wp\/v2\/posts\/2628\/revisions"}],"predecessor-version":[{"id":2630,"href":"https:\/\/rolfbenker.com\/de\/wp-json\/wp\/v2\/posts\/2628\/revisions\/2630"}],"wp:featuredmedia":[{"embeddable":true,"href":"https:\/\/rolfbenker.com\/de\/wp-json\/wp\/v2\/media\/2620"}],"wp:attachment":[{"href":"https:\/\/rolfbenker.com\/de\/wp-json\/wp\/v2\/media?parent=2628"}],"wp:term":[{"taxonomy":"category","embeddable":true,"href":"https:\/\/rolfbenker.com\/de\/wp-json\/wp\/v2\/categories?post=2628"},{"taxonomy":"post_tag","embeddable":true,"href":"https:\/\/rolfbenker.com\/de\/wp-json\/wp\/v2\/tags?post=2628"}],"curies":[{"name":"wp","href":"https:\/\/api.w.org\/{rel}","templated":true}]}}