{"id":2639,"date":"2023-03-09T08:32:20","date_gmt":"2023-03-09T08:32:20","guid":{"rendered":"https:\/\/rolfbenker.com\/instalacion-de-ventanas-y-puertas-de-aluminio\/"},"modified":"2023-03-13T09:50:58","modified_gmt":"2023-03-13T09:50:58","slug":"aluminiumfenster","status":"publish","type":"post","link":"https:\/\/rolfbenker.com\/de\/aluminiumfenster\/","title":{"rendered":"Aluminiumfenster"},"content":{"rendered":"<p>Die durch uns hergestellten Aluminiumfenster und -t\u00fcren sind nicht nur wunderbar vielseitig, was die Gestaltung angeht, sondern zeichnen sich insbesondere auch durch ihr hohes Ma\u00df an Stabilit\u00e4t und Energieeffizienz aus. Wo immer es um sehr gro\u00dfe und statisch anspruchsvolle Glasfl\u00e4chen geht, sind Fenster aus Aluminium daher das Mittel der Wahl.<\/p>\n<p><!--more--><\/p>\n<p>\u260e Rufen Sie uns an unter +34 664 797 435 oder besuchen Sie uns in C\/ La Garza, 25 \u00b7 El Paso und wir informieren Sie unverbindlich. Bei Rolf Benker stellen wir uns immer auf die Bed\u00fcrfnisse unserer Kunden ein.<\/p>\n","protected":false},"excerpt":{"rendered":"<p>Die durch uns hergestellten Aluminiumfenster und -t\u00fcren sind nicht nur wunderbar vielseitig, was die Gestaltung angeht, sondern zeichnen sich insbesondere auch durch ihr hohes Ma\u00df an Stabilit\u00e4t und Energieeffizienz aus. Wo immer es um sehr gro\u00dfe und statisch anspruchsvolle Glasfl\u00e4chen&#8230;<\/p>\n","protected":false},"author":1,"featured_media":2637,"comment_status":"open","ping_status":"open","sticky":false,"template":"","format":"standard","meta":{"footnotes":""},"categories":[61],"tags":[76,77],"class_list":["post-2639","post","type-post","status-publish","format-standard","has-post-thumbnail","hentry","category-ventanas-y-puertas-aluminio-de","tag-puertas-de","tag-ventanas-de"],"_links":{"self":[{"href":"https:\/\/rolfbenker.com\/de\/wp-json\/wp\/v2\/posts\/2639","targetHints":{"allow":["GET"]}}],"collection":[{"href":"https:\/\/rolfbenker.com\/de\/wp-json\/wp\/v2\/posts"}],"about":[{"href":"https:\/\/rolfbenker.com\/de\/wp-json\/wp\/v2\/types\/post"}],"author":[{"embeddable":true,"href":"https:\/\/rolfbenker.com\/de\/wp-json\/wp\/v2\/users\/1"}],"replies":[{"embeddable":true,"href":"https:\/\/rolfbenker.com\/de\/wp-json\/wp\/v2\/comments?post=2639"}],"version-history":[{"count":1,"href":"https:\/\/rolfbenker.com\/de\/wp-json\/wp\/v2\/posts\/2639\/revisions"}],"predecessor-version":[{"id":2640,"href":"https:\/\/rolfbenker.com\/de\/wp-json\/wp\/v2\/posts\/2639\/revisions\/2640"}],"wp:featuredmedia":[{"embeddable":true,"href":"https:\/\/rolfbenker.com\/de\/wp-json\/wp\/v2\/media\/2637"}],"wp:attachment":[{"href":"https:\/\/rolfbenker.com\/de\/wp-json\/wp\/v2\/media?parent=2639"}],"wp:term":[{"taxonomy":"category","embeddable":true,"href":"https:\/\/rolfbenker.com\/de\/wp-json\/wp\/v2\/categories?post=2639"},{"taxonomy":"post_tag","embeddable":true,"href":"https:\/\/rolfbenker.com\/de\/wp-json\/wp\/v2\/tags?post=2639"}],"curies":[{"name":"wp","href":"https:\/\/api.w.org\/{rel}","templated":true}]}}