{"id":2652,"date":"2023-03-13T09:20:20","date_gmt":"2023-03-13T09:20:20","guid":{"rendered":"https:\/\/rolfbenker.com\/instalacion-de-tragaluces-o-claraboyas\/"},"modified":"2023-03-13T09:26:43","modified_gmt":"2023-03-13T09:26:43","slug":"installation-von-oberlichtern-oder-oberlichtern","status":"publish","type":"post","link":"https:\/\/rolfbenker.com\/de\/installation-von-oberlichtern-oder-oberlichtern\/","title":{"rendered":"Installation von Oberlichtern oder Oberlichtern"},"content":{"rendered":"<p>Ein Oberlicht oder ein Oberlicht sind Fenster in der Decke, durch die nat\u00fcrliches Licht in einen Raum eindringen kann.<\/p>\n<p><!--more--><\/p>\n<p>Wir k\u00f6nnen in jedem Raum unseres Hauses ein Oberlicht anbringen, sofern der Innen- und Au\u00dfenraum dies zul\u00e4sst. Wir teilen einige seiner Vorteile:<\/p>\n<ol>\n<li>Im Vergleich zu einem normalen Fenster bieten Oberlichter viel mehr Licht. Sie m\u00fcssen nicht gro\u00df sein, um dem Raum durch das von oben einfallende Sonnenlicht eine gro\u00dfe Leuchtkraft zu verleihen.<\/li>\n<li>Sie erm\u00f6glichen eine Sichtverbindung nach au\u00dfen durch einen nicht genutzten Teil des Raumes, das Dach. Im Bett liegen und die Sterne sehen zu k\u00f6nnen, ist ein Luxus! Die Oberlichter \u00fcber den Betten sind ein Fenster zum Himmel.<\/li>\n<li>Sie versorgen Innenr\u00e4ume ohne Fenster mit nat\u00fcrlichem Licht: Korridore, Eing\u00e4nge, Badezimmer&#8230; H\u00e4user haben nicht immer \u00d6ffnungen an allen Fassaden, daher kann ein Oberlicht eine L\u00f6sung f\u00fcr das Problem des nat\u00fcrlichen Lichts sein.<\/li>\n<li>Die Oberlichter sind nicht nur ein Element, das Licht spendet, sondern gewinnen im Allgemeinen auch eine gro\u00dfe Bedeutung im Raum. Als dekoratives Element k\u00f6nnen sie verschiedene Formen haben: quadratisch, rechteckig, kreisf\u00f6rmig, pyramidenf\u00f6rmig usw.<\/li>\n<li>In stark genutzten Bereichen wie der K\u00fcche sorgt ein Oberlicht f\u00fcr nat\u00fcrliches Licht, das den Einsatz von k\u00fcnstlichem Licht zu jeder Zeit vermeidet. Damit erreichen wir gr\u00f6\u00dfere Energieeinsparungen in unserem Haus.<\/li>\n<li>Da sie sich an der Decke befinden, lassen sie die Seitenw\u00e4nde frei, was der Dekoration und der Platzierung der M\u00f6bel mehr Spielraum gibt.<\/li>\n<li>Sie erleichtern die Luftzirkulation und insbesondere den Austritt hei\u00dfer Luft.<\/li>\n<li>Zus\u00e4tzlich zu den oben genannten Vorteilen garantieren Oberlichter Privatsph\u00e4re in R\u00e4umen wie dem Badezimmer.<\/li>\n<\/ol>\n\n\t\t<style type=\"text\/css\">\n\t\t\t#gallery-1 {\n\t\t\t\tmargin: auto;\n\t\t\t}\n\t\t\t#gallery-1 .gallery-item {\n\t\t\t\tfloat: left;\n\t\t\t\tmargin-top: 10px;\n\t\t\t\ttext-align: center;\n\t\t\t\twidth: 50%;\n\t\t\t}\n\t\t\t#gallery-1 img {\n\t\t\t\tborder: 2px solid #cfcfcf;\n\t\t\t}\n\t\t\t#gallery-1 .gallery-caption {\n\t\t\t\tmargin-left: 0;\n\t\t\t}\n\t\t\t\/* see gallery_shortcode() in wp-includes\/media.php *\/\n\t\t<\/style>\n\t\t<div id='gallery-1' class='gallery galleryid-2652 gallery-columns-2 gallery-size-large'><dl class='gallery-item'>\n\t\t\t<dt class='gallery-icon landscape'>\n\t\t\t\t<a href='https:\/\/rolfbenker.com\/de\/installation-von-oberlichtern-oder-oberlichtern\/rolfbenker-lapalma-2\/'><img width=\"1024\" height=\"498\" src=\"https:\/\/rolfbenker.com\/wp-content\/uploads\/2023\/03\/rolfbenker-lapalma-1024x498.jpg\" class=\"attachment-large size-large\" alt=\"\" srcset=\"https:\/\/rolfbenker.com\/wp-content\/uploads\/2023\/03\/rolfbenker-lapalma-1024x498.jpg 1024w, https:\/\/rolfbenker.com\/wp-content\/uploads\/2023\/03\/rolfbenker-lapalma-300x146.jpg 300w, https:\/\/rolfbenker.com\/wp-content\/uploads\/2023\/03\/rolfbenker-lapalma-768x373.jpg 768w, https:\/\/rolfbenker.com\/wp-content\/uploads\/2023\/03\/rolfbenker-lapalma-1536x746.jpg 1536w, https:\/\/rolfbenker.com\/wp-content\/uploads\/2023\/03\/rolfbenker-lapalma-2048x995.jpg 2048w, https:\/\/rolfbenker.com\/wp-content\/uploads\/2023\/03\/rolfbenker-lapalma-370x180.jpg 370w, https:\/\/rolfbenker.com\/wp-content\/uploads\/2023\/03\/rolfbenker-lapalma-1200x583.jpg 1200w, https:\/\/rolfbenker.com\/wp-content\/uploads\/2023\/03\/rolfbenker-lapalma-360x175.jpg 360w\" sizes=\"(max-width: 1024px) 100vw, 1024px\" decoding=\"async\" fetchpriority=\"high\" title=\"\" loading=\"lazy\"><\/a>\n\t\t\t<\/dt><\/dl><dl class='gallery-item'>\n\t\t\t<dt class='gallery-icon landscape'>\n\t\t\t\t<a href='https:\/\/rolfbenker.com\/de\/installation-von-oberlichtern-oder-oberlichtern\/rolf-benker-lapalmacarpintero-2\/'><img width=\"1024\" height=\"498\" src=\"https:\/\/rolfbenker.com\/wp-content\/uploads\/2023\/03\/rolf-benker-lapalmacarpintero-1024x498.jpg\" class=\"attachment-large size-large\" alt=\"\" srcset=\"https:\/\/rolfbenker.com\/wp-content\/uploads\/2023\/03\/rolf-benker-lapalmacarpintero-1024x498.jpg 1024w, https:\/\/rolfbenker.com\/wp-content\/uploads\/2023\/03\/rolf-benker-lapalmacarpintero-300x146.jpg 300w, https:\/\/rolfbenker.com\/wp-content\/uploads\/2023\/03\/rolf-benker-lapalmacarpintero-768x373.jpg 768w, https:\/\/rolfbenker.com\/wp-content\/uploads\/2023\/03\/rolf-benker-lapalmacarpintero-1536x746.jpg 1536w, https:\/\/rolfbenker.com\/wp-content\/uploads\/2023\/03\/rolf-benker-lapalmacarpintero-2048x995.jpg 2048w, https:\/\/rolfbenker.com\/wp-content\/uploads\/2023\/03\/rolf-benker-lapalmacarpintero-370x180.jpg 370w, https:\/\/rolfbenker.com\/wp-content\/uploads\/2023\/03\/rolf-benker-lapalmacarpintero-1200x583.jpg 1200w, https:\/\/rolfbenker.com\/wp-content\/uploads\/2023\/03\/rolf-benker-lapalmacarpintero-360x175.jpg 360w\" sizes=\"auto, (max-width: 1024px) 100vw, 1024px\" loading=\"lazy\" decoding=\"async\" fetchpriority=\"low\" title=\"\"><\/a>\n\t\t\t<\/dt><\/dl><br style=\"clear: both\" \/>\n\t\t<\/div>\n\n<p><img loading=\"lazy\" decoding=\"async\" class=\"alignnone size-1536x1536 wp-image-2648\" src=\"https:\/\/rolfbenker.com\/wp-content\/uploads\/2023\/03\/rolf-benker-1536x1153.jpg\" alt=\"\" width=\"1536\" height=\"1153\" title=\"\" srcset=\"https:\/\/rolfbenker.com\/wp-content\/uploads\/2023\/03\/rolf-benker-1536x1153.jpg 1536w, https:\/\/rolfbenker.com\/wp-content\/uploads\/2023\/03\/rolf-benker-300x225.jpg 300w, https:\/\/rolfbenker.com\/wp-content\/uploads\/2023\/03\/rolf-benker-1024x768.jpg 1024w, https:\/\/rolfbenker.com\/wp-content\/uploads\/2023\/03\/rolf-benker-768x576.jpg 768w, https:\/\/rolfbenker.com\/wp-content\/uploads\/2023\/03\/rolf-benker-370x278.jpg 370w, https:\/\/rolfbenker.com\/wp-content\/uploads\/2023\/03\/rolf-benker-1200x901.jpg 1200w, https:\/\/rolfbenker.com\/wp-content\/uploads\/2023\/03\/rolf-benker-360x270.jpg 360w, https:\/\/rolfbenker.com\/wp-content\/uploads\/2023\/03\/rolf-benker.jpg 1599w\" sizes=\"auto, (max-width: 1536px) 100vw, 1536px\" \/ fetchpriority=\"low\"><\/p>\n","protected":false},"excerpt":{"rendered":"<p>Ein Oberlicht oder ein Oberlicht sind Fenster in der Decke, durch die nat\u00fcrliches Licht in einen Raum eindringen kann.<\/p>\n","protected":false},"author":1,"featured_media":2643,"comment_status":"open","ping_status":"open","sticky":false,"template":"","format":"standard","meta":{"footnotes":""},"categories":[61],"tags":[82],"class_list":["post-2652","post","type-post","status-publish","format-standard","has-post-thumbnail","hentry","category-ventanas-y-puertas-aluminio-de","tag-oberlicht"],"_links":{"self":[{"href":"https:\/\/rolfbenker.com\/de\/wp-json\/wp\/v2\/posts\/2652","targetHints":{"allow":["GET"]}}],"collection":[{"href":"https:\/\/rolfbenker.com\/de\/wp-json\/wp\/v2\/posts"}],"about":[{"href":"https:\/\/rolfbenker.com\/de\/wp-json\/wp\/v2\/types\/post"}],"author":[{"embeddable":true,"href":"https:\/\/rolfbenker.com\/de\/wp-json\/wp\/v2\/users\/1"}],"replies":[{"embeddable":true,"href":"https:\/\/rolfbenker.com\/de\/wp-json\/wp\/v2\/comments?post=2652"}],"version-history":[{"count":2,"href":"https:\/\/rolfbenker.com\/de\/wp-json\/wp\/v2\/posts\/2652\/revisions"}],"predecessor-version":[{"id":2654,"href":"https:\/\/rolfbenker.com\/de\/wp-json\/wp\/v2\/posts\/2652\/revisions\/2654"}],"wp:featuredmedia":[{"embeddable":true,"href":"https:\/\/rolfbenker.com\/de\/wp-json\/wp\/v2\/media\/2643"}],"wp:attachment":[{"href":"https:\/\/rolfbenker.com\/de\/wp-json\/wp\/v2\/media?parent=2652"}],"wp:term":[{"taxonomy":"category","embeddable":true,"href":"https:\/\/rolfbenker.com\/de\/wp-json\/wp\/v2\/categories?post=2652"},{"taxonomy":"post_tag","embeddable":true,"href":"https:\/\/rolfbenker.com\/de\/wp-json\/wp\/v2\/tags?post=2652"}],"curies":[{"name":"wp","href":"https:\/\/api.w.org\/{rel}","templated":true}]}}