{"id":2658,"date":"2023-03-17T09:26:45","date_gmt":"2023-03-17T09:26:45","guid":{"rendered":"https:\/\/rolfbenker.com\/mesas-de-madera-maciza\/"},"modified":"2023-03-21T09:28:45","modified_gmt":"2023-03-21T09:28:45","slug":"tische-aus-massivholz","status":"publish","type":"post","link":"https:\/\/rolfbenker.com\/de\/tische-aus-massivholz\/","title":{"rendered":"Tische aus Massivholz"},"content":{"rendered":"<div dir=\"auto\">\n<div dir=\"auto\"><span class=\"x3nfvp2 x1j61x8r x1fcty0u xdj266r xhhsvwb xat24cr xgzva0m xxymvpz xlup9mm x1kky2od\"><img decoding=\"async\" src=\"https:\/\/static.xx.fbcdn.net\/images\/emoji.php\/v9\/t16\/1\/16\/1f1e9_1f1ea.png\" alt=\"\ud83c\udde9\ud83c\uddea\" width=\"16\" height=\"16\" title=\"\" fetchpriority=\"high\"><\/span> Wenn Sie sich f\u00fcr Massivholztische entscheiden, entscheiden Sie sich f\u00fcr hochwertige M\u00f6bel, die ein Leben lang halten.<\/div>\n<p><!--more--><\/p>\n<div dir=\"auto\">Seine H\u00f6lzer sind sehr widerstandsf\u00e4hig, pflegeleicht und sehr langlebig. Bei Rolf Benker ist er Spezialist f\u00fcr M\u00f6beldesign und individuelle M\u00f6belanfertigung.<\/div>\n<div dir=\"auto\"><span class=\"x3nfvp2 x1j61x8r x1fcty0u xdj266r xhhsvwb xat24cr xgzva0m xxymvpz xlup9mm x1kky2od\"><img loading=\"lazy\" decoding=\"async\" src=\"https:\/\/static.xx.fbcdn.net\/images\/emoji.php\/v9\/t22\/1\/16\/260e.png\" alt=\"\u260e\" width=\"16\" height=\"16\" title=\"\" fetchpriority=\"low\"><\/span> Rufen Sie uns an unter +34 664 797 435 oder besuchen Sie uns in C\/ La Garza, 25 \u00b7 El Paso und wir informieren Sie unverbindlich.<\/div>\n<\/div>\n","protected":false},"excerpt":{"rendered":"<p>Wenn Sie sich f\u00fcr Massivholztische entscheiden, entscheiden Sie sich f\u00fcr hochwertige M\u00f6bel, die ein Leben lang halten.<\/p>\n","protected":false},"author":1,"featured_media":2330,"comment_status":"open","ping_status":"open","sticky":false,"template":"","format":"standard","meta":{"footnotes":""},"categories":[66],"tags":[84],"class_list":["post-2658","post","type-post","status-publish","format-standard","has-post-thumbnail","hentry","category-diseno-de-muebles-de","tag-mesas-de"],"_links":{"self":[{"href":"https:\/\/rolfbenker.com\/de\/wp-json\/wp\/v2\/posts\/2658","targetHints":{"allow":["GET"]}}],"collection":[{"href":"https:\/\/rolfbenker.com\/de\/wp-json\/wp\/v2\/posts"}],"about":[{"href":"https:\/\/rolfbenker.com\/de\/wp-json\/wp\/v2\/types\/post"}],"author":[{"embeddable":true,"href":"https:\/\/rolfbenker.com\/de\/wp-json\/wp\/v2\/users\/1"}],"replies":[{"embeddable":true,"href":"https:\/\/rolfbenker.com\/de\/wp-json\/wp\/v2\/comments?post=2658"}],"version-history":[{"count":2,"href":"https:\/\/rolfbenker.com\/de\/wp-json\/wp\/v2\/posts\/2658\/revisions"}],"predecessor-version":[{"id":2660,"href":"https:\/\/rolfbenker.com\/de\/wp-json\/wp\/v2\/posts\/2658\/revisions\/2660"}],"wp:featuredmedia":[{"embeddable":true,"href":"https:\/\/rolfbenker.com\/de\/wp-json\/wp\/v2\/media\/2330"}],"wp:attachment":[{"href":"https:\/\/rolfbenker.com\/de\/wp-json\/wp\/v2\/media?parent=2658"}],"wp:term":[{"taxonomy":"category","embeddable":true,"href":"https:\/\/rolfbenker.com\/de\/wp-json\/wp\/v2\/categories?post=2658"},{"taxonomy":"post_tag","embeddable":true,"href":"https:\/\/rolfbenker.com\/de\/wp-json\/wp\/v2\/tags?post=2658"}],"curies":[{"name":"wp","href":"https:\/\/api.w.org\/{rel}","templated":true}]}}