{"id":2729,"date":"2023-04-10T09:27:12","date_gmt":"2023-04-10T09:27:12","guid":{"rendered":"https:\/\/rolfbenker.com\/?p=2729"},"modified":"2023-04-03T14:41:20","modified_gmt":"2023-04-03T14:41:20","slug":"einbau-von-schiebeladen-mit-aluminiumlamellen","status":"publish","type":"post","link":"https:\/\/rolfbenker.com\/de\/einbau-von-schiebeladen-mit-aluminiumlamellen\/","title":{"rendered":"Einbau von Schiebel\u00e4den mit Aluminiumlamellen"},"content":{"rendered":"<p>Schiebel\u00e4den sch\u00fctzen optimal vor Sonne und Hitze und garantieren eine nahezu vollst\u00e4ndige Verdunkelung des Innenraums.<\/p>\n<p><!--more--><\/p>\n<p>Charakteristisch f\u00fcr dieses System ist das obere F\u00fchrungssystem, durch das die Rollladenfl\u00fcgel gleiten.<\/p>\n<p>Vorteile:<\/p>\n<ol>\n<li>Passend f\u00fcr alle Gr\u00f6\u00dfen von T\u00fcren und Fenstern.<\/li>\n<li>Bietet hervorragende W\u00e4rme- und Schalld\u00e4mmung.<\/li>\n<li>Es nimmt wenig Platz an der Fassade ein.<\/li>\n<li>Es ist in verschiedenen Materialien, Texturen und Farben erh\u00e4ltlich.<\/li>\n<\/ol>\n<p><img decoding=\"async\" class=\"alignnone size-1536x1536 wp-image-2718\" src=\"https:\/\/rolfbenker.com\/wp-content\/uploads\/2023\/04\/rolfbenker-contraventana-1536x1153.jpg\" alt=\"\" width=\"1536\" height=\"1153\" title=\"\" srcset=\"https:\/\/rolfbenker.com\/wp-content\/uploads\/2023\/04\/rolfbenker-contraventana-1536x1153.jpg 1536w, https:\/\/rolfbenker.com\/wp-content\/uploads\/2023\/04\/rolfbenker-contraventana-300x225.jpg 300w, https:\/\/rolfbenker.com\/wp-content\/uploads\/2023\/04\/rolfbenker-contraventana-1024x768.jpg 1024w, https:\/\/rolfbenker.com\/wp-content\/uploads\/2023\/04\/rolfbenker-contraventana-768x576.jpg 768w, https:\/\/rolfbenker.com\/wp-content\/uploads\/2023\/04\/rolfbenker-contraventana-370x278.jpg 370w, https:\/\/rolfbenker.com\/wp-content\/uploads\/2023\/04\/rolfbenker-contraventana-1200x901.jpg 1200w, https:\/\/rolfbenker.com\/wp-content\/uploads\/2023\/04\/rolfbenker-contraventana-360x270.jpg 360w, https:\/\/rolfbenker.com\/wp-content\/uploads\/2023\/04\/rolfbenker-contraventana.jpg 1599w\" sizes=\"auto, (max-width: 1536px) 100vw, 1536px\" \/ fetchpriority=\"high\"> <img loading=\"lazy\" decoding=\"async\" class=\"alignnone size-1536x1536 wp-image-2720\" src=\"https:\/\/rolfbenker.com\/wp-content\/uploads\/2023\/04\/rolfbenker-aluminio-1536x1153.jpg\" alt=\"\" width=\"1536\" height=\"1153\" title=\"\" srcset=\"https:\/\/rolfbenker.com\/wp-content\/uploads\/2023\/04\/rolfbenker-aluminio-1536x1153.jpg 1536w, https:\/\/rolfbenker.com\/wp-content\/uploads\/2023\/04\/rolfbenker-aluminio-300x225.jpg 300w, https:\/\/rolfbenker.com\/wp-content\/uploads\/2023\/04\/rolfbenker-aluminio-1024x768.jpg 1024w, https:\/\/rolfbenker.com\/wp-content\/uploads\/2023\/04\/rolfbenker-aluminio-768x576.jpg 768w, https:\/\/rolfbenker.com\/wp-content\/uploads\/2023\/04\/rolfbenker-aluminio-370x278.jpg 370w, https:\/\/rolfbenker.com\/wp-content\/uploads\/2023\/04\/rolfbenker-aluminio-1200x901.jpg 1200w, https:\/\/rolfbenker.com\/wp-content\/uploads\/2023\/04\/rolfbenker-aluminio-360x270.jpg 360w, https:\/\/rolfbenker.com\/wp-content\/uploads\/2023\/04\/rolfbenker-aluminio.jpg 1599w\" sizes=\"auto, (max-width: 1536px) 100vw, 1536px\" \/ fetchpriority=\"low\"> <img loading=\"lazy\" decoding=\"async\" class=\"alignnone size-1536x1536 wp-image-2722\" src=\"https:\/\/rolfbenker.com\/wp-content\/uploads\/2023\/04\/contraventa-corredera-rolfbenkerlapalma-1536x1153.jpg\" alt=\"\" width=\"1536\" height=\"1153\" title=\"\" srcset=\"https:\/\/rolfbenker.com\/wp-content\/uploads\/2023\/04\/contraventa-corredera-rolfbenkerlapalma-1536x1153.jpg 1536w, https:\/\/rolfbenker.com\/wp-content\/uploads\/2023\/04\/contraventa-corredera-rolfbenkerlapalma-300x225.jpg 300w, https:\/\/rolfbenker.com\/wp-content\/uploads\/2023\/04\/contraventa-corredera-rolfbenkerlapalma-1024x768.jpg 1024w, https:\/\/rolfbenker.com\/wp-content\/uploads\/2023\/04\/contraventa-corredera-rolfbenkerlapalma-768x576.jpg 768w, https:\/\/rolfbenker.com\/wp-content\/uploads\/2023\/04\/contraventa-corredera-rolfbenkerlapalma-370x278.jpg 370w, https:\/\/rolfbenker.com\/wp-content\/uploads\/2023\/04\/contraventa-corredera-rolfbenkerlapalma-1200x901.jpg 1200w, https:\/\/rolfbenker.com\/wp-content\/uploads\/2023\/04\/contraventa-corredera-rolfbenkerlapalma-360x270.jpg 360w, https:\/\/rolfbenker.com\/wp-content\/uploads\/2023\/04\/contraventa-corredera-rolfbenkerlapalma.jpg 1599w\" sizes=\"auto, (max-width: 1536px) 100vw, 1536px\" \/ fetchpriority=\"low\"> <img loading=\"lazy\" decoding=\"async\" class=\"alignnone size-1536x1536 wp-image-2724\" src=\"https:\/\/rolfbenker.com\/wp-content\/uploads\/2023\/04\/contraventana-corredera-rolfbenker-1536x1156.jpg\" alt=\"\" width=\"1536\" height=\"1156\" title=\"\" srcset=\"https:\/\/rolfbenker.com\/wp-content\/uploads\/2023\/04\/contraventana-corredera-rolfbenker-1536x1156.jpg 1536w, https:\/\/rolfbenker.com\/wp-content\/uploads\/2023\/04\/contraventana-corredera-rolfbenker-300x226.jpg 300w, https:\/\/rolfbenker.com\/wp-content\/uploads\/2023\/04\/contraventana-corredera-rolfbenker-1024x771.jpg 1024w, https:\/\/rolfbenker.com\/wp-content\/uploads\/2023\/04\/contraventana-corredera-rolfbenker-768x578.jpg 768w, https:\/\/rolfbenker.com\/wp-content\/uploads\/2023\/04\/contraventana-corredera-rolfbenker-370x278.jpg 370w, https:\/\/rolfbenker.com\/wp-content\/uploads\/2023\/04\/contraventana-corredera-rolfbenker-1200x903.jpg 1200w, https:\/\/rolfbenker.com\/wp-content\/uploads\/2023\/04\/contraventana-corredera-rolfbenker-360x271.jpg 360w, https:\/\/rolfbenker.com\/wp-content\/uploads\/2023\/04\/contraventana-corredera-rolfbenker.jpg 1600w\" sizes=\"auto, (max-width: 1536px) 100vw, 1536px\" \/ fetchpriority=\"low\"> <img loading=\"lazy\" decoding=\"async\" class=\"alignnone size-1536x1536 wp-image-2726\" src=\"https:\/\/rolfbenker.com\/wp-content\/uploads\/2023\/04\/persiana-corredera-rolfbenker-1536x1156.jpg\" alt=\"\" width=\"1536\" height=\"1156\" title=\"\" srcset=\"https:\/\/rolfbenker.com\/wp-content\/uploads\/2023\/04\/persiana-corredera-rolfbenker-1536x1156.jpg 1536w, https:\/\/rolfbenker.com\/wp-content\/uploads\/2023\/04\/persiana-corredera-rolfbenker-300x226.jpg 300w, https:\/\/rolfbenker.com\/wp-content\/uploads\/2023\/04\/persiana-corredera-rolfbenker-1024x771.jpg 1024w, https:\/\/rolfbenker.com\/wp-content\/uploads\/2023\/04\/persiana-corredera-rolfbenker-768x578.jpg 768w, https:\/\/rolfbenker.com\/wp-content\/uploads\/2023\/04\/persiana-corredera-rolfbenker-370x278.jpg 370w, https:\/\/rolfbenker.com\/wp-content\/uploads\/2023\/04\/persiana-corredera-rolfbenker-1200x903.jpg 1200w, https:\/\/rolfbenker.com\/wp-content\/uploads\/2023\/04\/persiana-corredera-rolfbenker-360x271.jpg 360w, https:\/\/rolfbenker.com\/wp-content\/uploads\/2023\/04\/persiana-corredera-rolfbenker.jpg 1600w\" sizes=\"auto, (max-width: 1536px) 100vw, 1536px\" \/ fetchpriority=\"low\"><\/p>\n","protected":false},"excerpt":{"rendered":"<p>Schiebel\u00e4den sch\u00fctzen optimal vor Sonne und Hitze und garantieren eine nahezu vollst\u00e4ndige Verdunkelung des Innenraums.<\/p>\n","protected":false},"author":1,"featured_media":2727,"comment_status":"open","ping_status":"open","sticky":false,"template":"","format":"standard","meta":{"footnotes":""},"categories":[61],"tags":[100,101,103],"class_list":["post-2729","post","type-post","status-publish","format-standard","has-post-thumbnail","hentry","category-ventanas-y-puertas-aluminio-de","tag-contraventana-de","tag-persiana-deslizante-de","tag-schiebeladen-de"],"_links":{"self":[{"href":"https:\/\/rolfbenker.com\/de\/wp-json\/wp\/v2\/posts\/2729","targetHints":{"allow":["GET"]}}],"collection":[{"href":"https:\/\/rolfbenker.com\/de\/wp-json\/wp\/v2\/posts"}],"about":[{"href":"https:\/\/rolfbenker.com\/de\/wp-json\/wp\/v2\/types\/post"}],"author":[{"embeddable":true,"href":"https:\/\/rolfbenker.com\/de\/wp-json\/wp\/v2\/users\/1"}],"replies":[{"embeddable":true,"href":"https:\/\/rolfbenker.com\/de\/wp-json\/wp\/v2\/comments?post=2729"}],"version-history":[{"count":2,"href":"https:\/\/rolfbenker.com\/de\/wp-json\/wp\/v2\/posts\/2729\/revisions"}],"predecessor-version":[{"id":2732,"href":"https:\/\/rolfbenker.com\/de\/wp-json\/wp\/v2\/posts\/2729\/revisions\/2732"}],"wp:featuredmedia":[{"embeddable":true,"href":"https:\/\/rolfbenker.com\/de\/wp-json\/wp\/v2\/media\/2727"}],"wp:attachment":[{"href":"https:\/\/rolfbenker.com\/de\/wp-json\/wp\/v2\/media?parent=2729"}],"wp:term":[{"taxonomy":"category","embeddable":true,"href":"https:\/\/rolfbenker.com\/de\/wp-json\/wp\/v2\/categories?post=2729"},{"taxonomy":"post_tag","embeddable":true,"href":"https:\/\/rolfbenker.com\/de\/wp-json\/wp\/v2\/tags?post=2729"}],"curies":[{"name":"wp","href":"https:\/\/api.w.org\/{rel}","templated":true}]}}