{"id":2743,"date":"2023-04-13T09:58:43","date_gmt":"2023-04-13T09:58:43","guid":{"rendered":"https:\/\/rolfbenker.com\/?p=2743"},"modified":"2023-04-10T10:09:53","modified_gmt":"2023-04-10T10:09:53","slug":"benutzerdefinierte-betten","status":"publish","type":"post","link":"https:\/\/rolfbenker.com\/de\/benutzerdefinierte-betten\/","title":{"rendered":"Benutzerdefinierte Betten"},"content":{"rendered":"<h4 class=\"tm-custom-heading \">Wir konstruieren, fertigen und montieren Betten nach Ihren W\u00fcnschen<\/h4>\n<p><!--more--><\/p>\n<div class=\"wpb_text_column wpb_content_element \">\n<div class=\"wpb_wrapper\">\n<p>Ma\u00dfgeschneiderte Holzbetten, einzigartig, exklusiv und individuell nach Ihrem Geschmack und Ihren Bed\u00fcrfnissen. Wir stellen Betten nach Ma\u00df her und bieten Ihnen hochwertige Materialien, Oberfl\u00e4chen und personalisierte Details, Design, Verteilung und Funktionalit\u00e4t. Wir stellen Betten her, die Ihrem Stil angepasst sind: rustikal, modern, minimalistisch, vintage, nordisch, industriell&#8230; Neben Betten stellen wir in unserer Werkstatt alle Arten von M\u00f6beln nach Ma\u00df her: Wohnzimmerm\u00f6bel, Schlafzimmerm\u00f6bel, Kopfteile, Schreibtische, Badezimmerm\u00f6bel, Regale, Tische, B\u00fccherregale, Schr\u00e4nke, Gondeln, Gartenm\u00f6bel, B\u00fcrom\u00f6bel usw.<\/p>\n<p><img decoding=\"async\" class=\"alignnone size-1536x1536 wp-image-2740\" src=\"https:\/\/rolfbenker.com\/wp-content\/uploads\/2023\/04\/rolfbenker-disenomuebles-1536x746.jpg\" alt=\"\" width=\"1536\" height=\"746\" title=\"\" srcset=\"https:\/\/rolfbenker.com\/wp-content\/uploads\/2023\/04\/rolfbenker-disenomuebles-1536x746.jpg 1536w, https:\/\/rolfbenker.com\/wp-content\/uploads\/2023\/04\/rolfbenker-disenomuebles-300x146.jpg 300w, https:\/\/rolfbenker.com\/wp-content\/uploads\/2023\/04\/rolfbenker-disenomuebles-1024x498.jpg 1024w, https:\/\/rolfbenker.com\/wp-content\/uploads\/2023\/04\/rolfbenker-disenomuebles-768x373.jpg 768w, https:\/\/rolfbenker.com\/wp-content\/uploads\/2023\/04\/rolfbenker-disenomuebles-2048x995.jpg 2048w, https:\/\/rolfbenker.com\/wp-content\/uploads\/2023\/04\/rolfbenker-disenomuebles-370x180.jpg 370w, https:\/\/rolfbenker.com\/wp-content\/uploads\/2023\/04\/rolfbenker-disenomuebles-1200x583.jpg 1200w, https:\/\/rolfbenker.com\/wp-content\/uploads\/2023\/04\/rolfbenker-disenomuebles-360x175.jpg 360w\" sizes=\"auto, (max-width: 1536px) 100vw, 1536px\" \/ fetchpriority=\"high\"><\/p>\n<\/div>\n<\/div>\n","protected":false},"excerpt":{"rendered":"<p>Wir konstruieren, fertigen und montieren Betten nach Ihren W\u00fcnschen<\/p>\n","protected":false},"author":1,"featured_media":2739,"comment_status":"closed","ping_status":"closed","sticky":false,"template":"","format":"standard","meta":{"footnotes":""},"categories":[66],"tags":[106,104],"class_list":["post-2743","post","type-post","status-publish","format-standard","has-post-thumbnail","hentry","category-diseno-de-muebles-de","tag-benutzerdefinierte-betten","tag-camas-a-medida"],"_links":{"self":[{"href":"https:\/\/rolfbenker.com\/de\/wp-json\/wp\/v2\/posts\/2743","targetHints":{"allow":["GET"]}}],"collection":[{"href":"https:\/\/rolfbenker.com\/de\/wp-json\/wp\/v2\/posts"}],"about":[{"href":"https:\/\/rolfbenker.com\/de\/wp-json\/wp\/v2\/types\/post"}],"author":[{"embeddable":true,"href":"https:\/\/rolfbenker.com\/de\/wp-json\/wp\/v2\/users\/1"}],"replies":[{"embeddable":true,"href":"https:\/\/rolfbenker.com\/de\/wp-json\/wp\/v2\/comments?post=2743"}],"version-history":[{"count":2,"href":"https:\/\/rolfbenker.com\/de\/wp-json\/wp\/v2\/posts\/2743\/revisions"}],"predecessor-version":[{"id":2745,"href":"https:\/\/rolfbenker.com\/de\/wp-json\/wp\/v2\/posts\/2743\/revisions\/2745"}],"wp:featuredmedia":[{"embeddable":true,"href":"https:\/\/rolfbenker.com\/de\/wp-json\/wp\/v2\/media\/2739"}],"wp:attachment":[{"href":"https:\/\/rolfbenker.com\/de\/wp-json\/wp\/v2\/media?parent=2743"}],"wp:term":[{"taxonomy":"category","embeddable":true,"href":"https:\/\/rolfbenker.com\/de\/wp-json\/wp\/v2\/categories?post=2743"},{"taxonomy":"post_tag","embeddable":true,"href":"https:\/\/rolfbenker.com\/de\/wp-json\/wp\/v2\/tags?post=2743"}],"curies":[{"name":"wp","href":"https:\/\/api.w.org\/{rel}","templated":true}]}}