{"id":2757,"date":"2023-04-17T10:48:57","date_gmt":"2023-04-17T10:48:57","guid":{"rendered":"https:\/\/rolfbenker.com\/?p=2757"},"modified":"2023-04-14T13:00:45","modified_gmt":"2023-04-14T13:00:45","slug":"aluminium-aussenschrank-fuer-photovoltaikbatterie","status":"publish","type":"post","link":"https:\/\/rolfbenker.com\/de\/aluminium-aussenschrank-fuer-photovoltaikbatterie\/","title":{"rendered":"Aluminium-Au\u00dfenschrank f\u00fcr Photovoltaikbatterie"},"content":{"rendered":"<p>Design und Erstellung eines Outdoor-Aluminiumschranks zur Aufbewahrung der Photovoltaikbatterie eines Hauses.<\/p>\n<p><!--more--><\/p>\n<p>Es ist eine ausgezeichnete Option, um Photovoltaikbatterien vor schlechtem Wetter und anderen Umwelteinfl\u00fcssen zu sch\u00fctzen. Aluminium ist ein starkes und langlebiges Material, das den h\u00e4rtesten Bedingungen standh\u00e4lt.<\/p>\n<p>Ein Schrank mit gen\u00fcgend Platz f\u00fcr die Batterien und mit einem Design, das ihre Installation und Wartung erleichtert. Der Schrank ist ausreichend bel\u00fcftet, um einen Hitze- und Feuchtigkeitsstau im Inneren zu verhindern und somit eine Besch\u00e4digung der Batterien zu verhindern.<\/p>\n<p>Dar\u00fcber hinaus verf\u00fcgt der Schrank \u00fcber Schl\u00f6sser, um unbefugten Zugriff auf die Batterien zu verhindern. Der Schrank hat eine korrosions- und verschlei\u00dffeste Oberfl\u00e4che, da er lange Zeit den Elementen ausgesetzt ist.<\/p>\n<p>&nbsp;<\/p>\n\n\t\t<style type=\"text\/css\">\n\t\t\t#gallery-1 {\n\t\t\t\tmargin: auto;\n\t\t\t}\n\t\t\t#gallery-1 .gallery-item {\n\t\t\t\tfloat: left;\n\t\t\t\tmargin-top: 10px;\n\t\t\t\ttext-align: center;\n\t\t\t\twidth: 50%;\n\t\t\t}\n\t\t\t#gallery-1 img {\n\t\t\t\tborder: 2px solid #cfcfcf;\n\t\t\t}\n\t\t\t#gallery-1 .gallery-caption {\n\t\t\t\tmargin-left: 0;\n\t\t\t}\n\t\t\t\/* see gallery_shortcode() in wp-includes\/media.php *\/\n\t\t<\/style>\n\t\t<div id='gallery-1' class='gallery galleryid-2757 gallery-columns-2 gallery-size-large'><dl class='gallery-item'>\n\t\t\t<dt class='gallery-icon landscape'>\n\t\t\t\t<a href='https:\/\/rolfbenker.com\/de\/aluminium-aussenschrank-fuer-photovoltaikbatterie\/rolfbenker-armario-lapalma-2\/'><img width=\"1024\" height=\"1024\" src=\"https:\/\/rolfbenker.com\/wp-content\/uploads\/2023\/04\/rolfbenker-armario-lapalma-1024x1024.jpg\" class=\"attachment-large size-large\" alt=\"\" srcset=\"https:\/\/rolfbenker.com\/wp-content\/uploads\/2023\/04\/rolfbenker-armario-lapalma-1024x1024.jpg 1024w, https:\/\/rolfbenker.com\/wp-content\/uploads\/2023\/04\/rolfbenker-armario-lapalma-300x300.jpg 300w, https:\/\/rolfbenker.com\/wp-content\/uploads\/2023\/04\/rolfbenker-armario-lapalma-150x150.jpg 150w, https:\/\/rolfbenker.com\/wp-content\/uploads\/2023\/04\/rolfbenker-armario-lapalma-768x768.jpg 768w, https:\/\/rolfbenker.com\/wp-content\/uploads\/2023\/04\/rolfbenker-armario-lapalma-360x360.jpg 360w, https:\/\/rolfbenker.com\/wp-content\/uploads\/2023\/04\/rolfbenker-armario-lapalma.jpg 1200w\" sizes=\"(max-width: 1024px) 100vw, 1024px\" decoding=\"async\" fetchpriority=\"high\" title=\"\" loading=\"lazy\"><\/a>\n\t\t\t<\/dt><\/dl><dl class='gallery-item'>\n\t\t\t<dt class='gallery-icon landscape'>\n\t\t\t\t<a href='https:\/\/rolfbenker.com\/de\/aluminium-aussenschrank-fuer-photovoltaikbatterie\/rolf-benker-armarioaluminio-2\/'><img width=\"1024\" height=\"1024\" src=\"https:\/\/rolfbenker.com\/wp-content\/uploads\/2023\/04\/rolf-benker-armarioaluminio-1024x1024.jpg\" class=\"attachment-large size-large\" alt=\"\" srcset=\"https:\/\/rolfbenker.com\/wp-content\/uploads\/2023\/04\/rolf-benker-armarioaluminio-1024x1024.jpg 1024w, https:\/\/rolfbenker.com\/wp-content\/uploads\/2023\/04\/rolf-benker-armarioaluminio-300x300.jpg 300w, https:\/\/rolfbenker.com\/wp-content\/uploads\/2023\/04\/rolf-benker-armarioaluminio-150x150.jpg 150w, https:\/\/rolfbenker.com\/wp-content\/uploads\/2023\/04\/rolf-benker-armarioaluminio-768x768.jpg 768w, https:\/\/rolfbenker.com\/wp-content\/uploads\/2023\/04\/rolf-benker-armarioaluminio-360x360.jpg 360w, https:\/\/rolfbenker.com\/wp-content\/uploads\/2023\/04\/rolf-benker-armarioaluminio.jpg 1200w\" sizes=\"auto, (max-width: 1024px) 100vw, 1024px\" loading=\"lazy\" decoding=\"async\" fetchpriority=\"low\" title=\"\"><\/a>\n\t\t\t<\/dt><\/dl><br style=\"clear: both\" \/><dl class='gallery-item'>\n\t\t\t<dt class='gallery-icon landscape'>\n\t\t\t\t<a href='https:\/\/rolfbenker.com\/de\/aluminium-aussenschrank-fuer-photovoltaikbatterie\/rolfbenker-armario-2\/'><img width=\"1024\" height=\"1024\" src=\"https:\/\/rolfbenker.com\/wp-content\/uploads\/2023\/04\/rolfbenker-armario-1024x1024.jpg\" class=\"attachment-large size-large\" alt=\"\" srcset=\"https:\/\/rolfbenker.com\/wp-content\/uploads\/2023\/04\/rolfbenker-armario-1024x1024.jpg 1024w, https:\/\/rolfbenker.com\/wp-content\/uploads\/2023\/04\/rolfbenker-armario-300x300.jpg 300w, https:\/\/rolfbenker.com\/wp-content\/uploads\/2023\/04\/rolfbenker-armario-150x150.jpg 150w, https:\/\/rolfbenker.com\/wp-content\/uploads\/2023\/04\/rolfbenker-armario-768x768.jpg 768w, https:\/\/rolfbenker.com\/wp-content\/uploads\/2023\/04\/rolfbenker-armario-360x360.jpg 360w, https:\/\/rolfbenker.com\/wp-content\/uploads\/2023\/04\/rolfbenker-armario.jpg 1200w\" sizes=\"auto, (max-width: 1024px) 100vw, 1024px\" loading=\"lazy\" decoding=\"async\" fetchpriority=\"low\" title=\"\"><\/a>\n\t\t\t<\/dt><\/dl><dl class='gallery-item'>\n\t\t\t<dt class='gallery-icon landscape'>\n\t\t\t\t<a href='https:\/\/rolfbenker.com\/de\/aluminium-aussenschrank-fuer-photovoltaikbatterie\/rolfbenker-2-2\/'><img width=\"1024\" height=\"1024\" src=\"https:\/\/rolfbenker.com\/wp-content\/uploads\/2023\/04\/rolfbenker-1024x1024.jpg\" class=\"attachment-large size-large\" alt=\"\" srcset=\"https:\/\/rolfbenker.com\/wp-content\/uploads\/2023\/04\/rolfbenker-1024x1024.jpg 1024w, https:\/\/rolfbenker.com\/wp-content\/uploads\/2023\/04\/rolfbenker-300x300.jpg 300w, https:\/\/rolfbenker.com\/wp-content\/uploads\/2023\/04\/rolfbenker-150x150.jpg 150w, https:\/\/rolfbenker.com\/wp-content\/uploads\/2023\/04\/rolfbenker-768x768.jpg 768w, https:\/\/rolfbenker.com\/wp-content\/uploads\/2023\/04\/rolfbenker-360x360.jpg 360w, https:\/\/rolfbenker.com\/wp-content\/uploads\/2023\/04\/rolfbenker.jpg 1200w\" sizes=\"auto, (max-width: 1024px) 100vw, 1024px\" loading=\"lazy\" decoding=\"async\" fetchpriority=\"low\" title=\"\"><\/a>\n\t\t\t<\/dt><\/dl><br style=\"clear: both\" \/>\n\t\t<\/div>\n\n","protected":false},"excerpt":{"rendered":"<p>Design und Erstellung eines Outdoor-Aluminiumschranks zur Aufbewahrung der Photovoltaikbatterie eines Hauses.<\/p>\n","protected":false},"author":1,"featured_media":2751,"comment_status":"closed","ping_status":"closed","sticky":false,"template":"","format":"standard","meta":{"footnotes":""},"categories":[66],"tags":[109,108],"class_list":["post-2757","post","type-post","status-publish","format-standard","has-post-thumbnail","hentry","category-diseno-de-muebles-de","tag-aluminium-aussenschrank","tag-armario-aluminio-de"],"_links":{"self":[{"href":"https:\/\/rolfbenker.com\/de\/wp-json\/wp\/v2\/posts\/2757","targetHints":{"allow":["GET"]}}],"collection":[{"href":"https:\/\/rolfbenker.com\/de\/wp-json\/wp\/v2\/posts"}],"about":[{"href":"https:\/\/rolfbenker.com\/de\/wp-json\/wp\/v2\/types\/post"}],"author":[{"embeddable":true,"href":"https:\/\/rolfbenker.com\/de\/wp-json\/wp\/v2\/users\/1"}],"replies":[{"embeddable":true,"href":"https:\/\/rolfbenker.com\/de\/wp-json\/wp\/v2\/comments?post=2757"}],"version-history":[{"count":2,"href":"https:\/\/rolfbenker.com\/de\/wp-json\/wp\/v2\/posts\/2757\/revisions"}],"predecessor-version":[{"id":2759,"href":"https:\/\/rolfbenker.com\/de\/wp-json\/wp\/v2\/posts\/2757\/revisions\/2759"}],"wp:featuredmedia":[{"embeddable":true,"href":"https:\/\/rolfbenker.com\/de\/wp-json\/wp\/v2\/media\/2751"}],"wp:attachment":[{"href":"https:\/\/rolfbenker.com\/de\/wp-json\/wp\/v2\/media?parent=2757"}],"wp:term":[{"taxonomy":"category","embeddable":true,"href":"https:\/\/rolfbenker.com\/de\/wp-json\/wp\/v2\/categories?post=2757"},{"taxonomy":"post_tag","embeddable":true,"href":"https:\/\/rolfbenker.com\/de\/wp-json\/wp\/v2\/tags?post=2757"}],"curies":[{"name":"wp","href":"https:\/\/api.w.org\/{rel}","templated":true}]}}