{"id":2789,"date":"2023-04-25T10:14:54","date_gmt":"2023-04-25T10:14:54","guid":{"rendered":"https:\/\/rolfbenker.com\/instalacion-de-ventanas-de-cajon-de-aluminio\/"},"modified":"2023-04-25T10:17:59","modified_gmt":"2023-04-25T10:17:59","slug":"einbau-von-kastenfenstern-aus-aluminium","status":"publish","type":"post","link":"https:\/\/rolfbenker.com\/de\/einbau-von-kastenfenstern-aus-aluminium\/","title":{"rendered":"Einbau von Kastenfenstern aus Aluminium"},"content":{"rendered":"<p>Aluminium-Kastenfenster sind Fenster, die anstelle eines Rahmens aus Holz oder PVC einen Rahmen aus Aluminium in Form eines Kastens haben.<\/p>\n<p><!--more--><\/p>\n<p>Aluminium ist ein sehr starkes und langlebiges Material, das sich aufgrund seiner Best\u00e4ndigkeit gegen Rost und Korrosion ideal f\u00fcr den Einsatz in Fenstern eignet.<\/p>\n<p>Kastenfenster aus Aluminium sind in der Regel energieeffizienter als Holzfenster, da Aluminium ein guter W\u00e4rmeisolator ist.<\/p>\n<p>Aluminium-Kastenfenster k\u00f6nnen an die spezifischen Anforderungen jedes Projekts angepasst werden und sind in einer Vielzahl von Farben und Oberfl\u00e4chen erh\u00e4ltlich. Sie sind leicht zu pflegen und zu reinigen und haben oft eine l\u00e4ngere Lebensdauer als Holz- oder PVC-Fenster.<\/p>\n<p>Rufen Sie uns an unter +34 664 797 435 oder besuchen Sie uns in C\/ La Garza, 25 \u00b7 <a href=\"https:\/\/rolfbenker.com\/de\/kontakt\/\">El Paso und wir informieren Sie unverbindlich<\/a>.<\/p>\n\n\t\t<style type=\"text\/css\">\n\t\t\t#gallery-1 {\n\t\t\t\tmargin: auto;\n\t\t\t}\n\t\t\t#gallery-1 .gallery-item {\n\t\t\t\tfloat: left;\n\t\t\t\tmargin-top: 10px;\n\t\t\t\ttext-align: center;\n\t\t\t\twidth: 33%;\n\t\t\t}\n\t\t\t#gallery-1 img {\n\t\t\t\tborder: 2px solid #cfcfcf;\n\t\t\t}\n\t\t\t#gallery-1 .gallery-caption {\n\t\t\t\tmargin-left: 0;\n\t\t\t}\n\t\t\t\/* see gallery_shortcode() in wp-includes\/media.php *\/\n\t\t<\/style>\n\t\t<div id='gallery-1' class='gallery galleryid-2789 gallery-columns-3 gallery-size-large'><dl class='gallery-item'>\n\t\t\t<dt class='gallery-icon portrait'>\n\t\t\t\t<a href='https:\/\/rolfbenker.com\/de\/einbau-von-kastenfenstern-aus-aluminium\/rolfbenker-ventanas07-2\/'><img width=\"768\" height=\"1024\" src=\"https:\/\/rolfbenker.com\/wp-content\/uploads\/2023\/04\/rolfbenker-ventanas07-768x1024.jpg\" class=\"attachment-large size-large\" alt=\"\" srcset=\"https:\/\/rolfbenker.com\/wp-content\/uploads\/2023\/04\/rolfbenker-ventanas07-768x1024.jpg 768w, https:\/\/rolfbenker.com\/wp-content\/uploads\/2023\/04\/rolfbenker-ventanas07-225x300.jpg 225w, https:\/\/rolfbenker.com\/wp-content\/uploads\/2023\/04\/rolfbenker-ventanas07-1152x1536.jpg 1152w, https:\/\/rolfbenker.com\/wp-content\/uploads\/2023\/04\/rolfbenker-ventanas07-270x360.jpg 270w, https:\/\/rolfbenker.com\/wp-content\/uploads\/2023\/04\/rolfbenker-ventanas07-1200x1600.jpg 1200w, https:\/\/rolfbenker.com\/wp-content\/uploads\/2023\/04\/rolfbenker-ventanas07-360x480.jpg 360w, https:\/\/rolfbenker.com\/wp-content\/uploads\/2023\/04\/rolfbenker-ventanas07.jpg 1500w\" sizes=\"(max-width: 768px) 100vw, 768px\" decoding=\"async\" fetchpriority=\"high\" title=\"\" loading=\"lazy\"><\/a>\n\t\t\t<\/dt><\/dl><dl class='gallery-item'>\n\t\t\t<dt class='gallery-icon portrait'>\n\t\t\t\t<a href='https:\/\/rolfbenker.com\/de\/einbau-von-kastenfenstern-aus-aluminium\/rolfbenker-ventanas06-2\/'><img width=\"768\" height=\"1024\" src=\"https:\/\/rolfbenker.com\/wp-content\/uploads\/2023\/04\/rolfbenker-ventanas06-768x1024.jpg\" class=\"attachment-large size-large\" alt=\"\" srcset=\"https:\/\/rolfbenker.com\/wp-content\/uploads\/2023\/04\/rolfbenker-ventanas06-768x1024.jpg 768w, https:\/\/rolfbenker.com\/wp-content\/uploads\/2023\/04\/rolfbenker-ventanas06-225x300.jpg 225w, https:\/\/rolfbenker.com\/wp-content\/uploads\/2023\/04\/rolfbenker-ventanas06-1152x1536.jpg 1152w, https:\/\/rolfbenker.com\/wp-content\/uploads\/2023\/04\/rolfbenker-ventanas06-270x360.jpg 270w, https:\/\/rolfbenker.com\/wp-content\/uploads\/2023\/04\/rolfbenker-ventanas06-1200x1600.jpg 1200w, https:\/\/rolfbenker.com\/wp-content\/uploads\/2023\/04\/rolfbenker-ventanas06-360x480.jpg 360w, https:\/\/rolfbenker.com\/wp-content\/uploads\/2023\/04\/rolfbenker-ventanas06.jpg 1500w\" sizes=\"auto, (max-width: 768px) 100vw, 768px\" loading=\"lazy\" decoding=\"async\" fetchpriority=\"low\" title=\"\"><\/a>\n\t\t\t<\/dt><\/dl><dl class='gallery-item'>\n\t\t\t<dt class='gallery-icon portrait'>\n\t\t\t\t<a href='https:\/\/rolfbenker.com\/de\/einbau-von-kastenfenstern-aus-aluminium\/rolfbenker-ventanas-2-2\/'><img width=\"768\" height=\"1024\" src=\"https:\/\/rolfbenker.com\/wp-content\/uploads\/2023\/04\/rolfbenker-ventanas-768x1024.jpg\" class=\"attachment-large size-large\" alt=\"\" srcset=\"https:\/\/rolfbenker.com\/wp-content\/uploads\/2023\/04\/rolfbenker-ventanas-768x1023.jpg 768w, https:\/\/rolfbenker.com\/wp-content\/uploads\/2023\/04\/rolfbenker-ventanas-225x300.jpg 225w, https:\/\/rolfbenker.com\/wp-content\/uploads\/2023\/04\/rolfbenker-ventanas-1153x1536.jpg 1153w, https:\/\/rolfbenker.com\/wp-content\/uploads\/2023\/04\/rolfbenker-ventanas-270x360.jpg 270w, https:\/\/rolfbenker.com\/wp-content\/uploads\/2023\/04\/rolfbenker-ventanas-360x480.jpg 360w, https:\/\/rolfbenker.com\/wp-content\/uploads\/2023\/04\/rolfbenker-ventanas.jpg 1200w\" sizes=\"auto, (max-width: 768px) 100vw, 768px\" loading=\"lazy\" decoding=\"async\" fetchpriority=\"low\" title=\"\"><\/a>\n\t\t\t<\/dt><\/dl><br style=\"clear: both\" \/><dl class='gallery-item'>\n\t\t\t<dt class='gallery-icon landscape'>\n\t\t\t\t<a href='https:\/\/rolfbenker.com\/de\/einbau-von-kastenfenstern-aus-aluminium\/rolfbenker-ventanas05-2\/'><img width=\"1024\" height=\"768\" src=\"https:\/\/rolfbenker.com\/wp-content\/uploads\/2023\/04\/rolfbenker-ventanas05-1024x768.jpg\" class=\"attachment-large size-large\" alt=\"\" srcset=\"https:\/\/rolfbenker.com\/wp-content\/uploads\/2023\/04\/rolfbenker-ventanas05-1024x768.jpg 1024w, https:\/\/rolfbenker.com\/wp-content\/uploads\/2023\/04\/rolfbenker-ventanas05-300x225.jpg 300w, https:\/\/rolfbenker.com\/wp-content\/uploads\/2023\/04\/rolfbenker-ventanas05-768x576.jpg 768w, https:\/\/rolfbenker.com\/wp-content\/uploads\/2023\/04\/rolfbenker-ventanas05-1536x1152.jpg 1536w, https:\/\/rolfbenker.com\/wp-content\/uploads\/2023\/04\/rolfbenker-ventanas05-370x278.jpg 370w, https:\/\/rolfbenker.com\/wp-content\/uploads\/2023\/04\/rolfbenker-ventanas05-1200x900.jpg 1200w, https:\/\/rolfbenker.com\/wp-content\/uploads\/2023\/04\/rolfbenker-ventanas05-360x270.jpg 360w, https:\/\/rolfbenker.com\/wp-content\/uploads\/2023\/04\/rolfbenker-ventanas05.jpg 2000w\" sizes=\"auto, (max-width: 1024px) 100vw, 1024px\" loading=\"lazy\" decoding=\"async\" fetchpriority=\"low\" title=\"\"><\/a>\n\t\t\t<\/dt><\/dl><dl class='gallery-item'>\n\t\t\t<dt class='gallery-icon landscape'>\n\t\t\t\t<a href='https:\/\/rolfbenker.com\/de\/einbau-von-kastenfenstern-aus-aluminium\/rolfbenker-ventanas04-2\/'><img width=\"1024\" height=\"768\" src=\"https:\/\/rolfbenker.com\/wp-content\/uploads\/2023\/04\/rolfbenker-ventanas04-1024x768.jpg\" class=\"attachment-large size-large\" alt=\"\" srcset=\"https:\/\/rolfbenker.com\/wp-content\/uploads\/2023\/04\/rolfbenker-ventanas04-1024x768.jpg 1024w, https:\/\/rolfbenker.com\/wp-content\/uploads\/2023\/04\/rolfbenker-ventanas04-300x225.jpg 300w, https:\/\/rolfbenker.com\/wp-content\/uploads\/2023\/04\/rolfbenker-ventanas04-768x576.jpg 768w, https:\/\/rolfbenker.com\/wp-content\/uploads\/2023\/04\/rolfbenker-ventanas04-1536x1153.jpg 1536w, https:\/\/rolfbenker.com\/wp-content\/uploads\/2023\/04\/rolfbenker-ventanas04-370x278.jpg 370w, https:\/\/rolfbenker.com\/wp-content\/uploads\/2023\/04\/rolfbenker-ventanas04-1200x901.jpg 1200w, https:\/\/rolfbenker.com\/wp-content\/uploads\/2023\/04\/rolfbenker-ventanas04-360x270.jpg 360w, https:\/\/rolfbenker.com\/wp-content\/uploads\/2023\/04\/rolfbenker-ventanas04.jpg 1599w\" sizes=\"auto, (max-width: 1024px) 100vw, 1024px\" loading=\"lazy\" decoding=\"async\" fetchpriority=\"low\" title=\"\"><\/a>\n\t\t\t<\/dt><\/dl><dl class='gallery-item'>\n\t\t\t<dt class='gallery-icon landscape'>\n\t\t\t\t<a href='https:\/\/rolfbenker.com\/de\/einbau-von-kastenfenstern-aus-aluminium\/rolfbenker-ventanas01-2\/'><img width=\"1024\" height=\"768\" src=\"https:\/\/rolfbenker.com\/wp-content\/uploads\/2023\/04\/rolfbenker-ventanas01-1024x768.jpg\" class=\"attachment-large size-large\" alt=\"\" srcset=\"https:\/\/rolfbenker.com\/wp-content\/uploads\/2023\/04\/rolfbenker-ventanas01-1024x768.jpg 1024w, https:\/\/rolfbenker.com\/wp-content\/uploads\/2023\/04\/rolfbenker-ventanas01-300x225.jpg 300w, https:\/\/rolfbenker.com\/wp-content\/uploads\/2023\/04\/rolfbenker-ventanas01-768x576.jpg 768w, https:\/\/rolfbenker.com\/wp-content\/uploads\/2023\/04\/rolfbenker-ventanas01-1536x1153.jpg 1536w, https:\/\/rolfbenker.com\/wp-content\/uploads\/2023\/04\/rolfbenker-ventanas01-370x278.jpg 370w, https:\/\/rolfbenker.com\/wp-content\/uploads\/2023\/04\/rolfbenker-ventanas01-1200x901.jpg 1200w, https:\/\/rolfbenker.com\/wp-content\/uploads\/2023\/04\/rolfbenker-ventanas01-360x270.jpg 360w, https:\/\/rolfbenker.com\/wp-content\/uploads\/2023\/04\/rolfbenker-ventanas01.jpg 1599w\" sizes=\"auto, (max-width: 1024px) 100vw, 1024px\" loading=\"lazy\" decoding=\"async\" fetchpriority=\"low\" title=\"\"><\/a>\n\t\t\t<\/dt><\/dl><br style=\"clear: both\" \/>\n\t\t<\/div>\n\n<p>&nbsp;<\/p>\n<p>&nbsp;<\/p>\n","protected":false},"excerpt":{"rendered":"<p>Aluminium-Kastenfenster sind Fenster, die anstelle eines Rahmens aus Holz oder PVC einen Rahmen aus Aluminium in Form eines Kastens haben.<\/p>\n","protected":false},"author":1,"featured_media":2783,"comment_status":"closed","ping_status":"closed","sticky":false,"template":"","format":"standard","meta":{"footnotes":""},"categories":[61],"tags":[120,119],"class_list":["post-2789","post","type-post","status-publish","format-standard","has-post-thumbnail","hentry","category-ventanas-y-puertas-aluminio-de","tag-fenster-de","tag-schubladenfenster-aus-aluminium-de"],"_links":{"self":[{"href":"https:\/\/rolfbenker.com\/de\/wp-json\/wp\/v2\/posts\/2789","targetHints":{"allow":["GET"]}}],"collection":[{"href":"https:\/\/rolfbenker.com\/de\/wp-json\/wp\/v2\/posts"}],"about":[{"href":"https:\/\/rolfbenker.com\/de\/wp-json\/wp\/v2\/types\/post"}],"author":[{"embeddable":true,"href":"https:\/\/rolfbenker.com\/de\/wp-json\/wp\/v2\/users\/1"}],"replies":[{"embeddable":true,"href":"https:\/\/rolfbenker.com\/de\/wp-json\/wp\/v2\/comments?post=2789"}],"version-history":[{"count":2,"href":"https:\/\/rolfbenker.com\/de\/wp-json\/wp\/v2\/posts\/2789\/revisions"}],"predecessor-version":[{"id":2791,"href":"https:\/\/rolfbenker.com\/de\/wp-json\/wp\/v2\/posts\/2789\/revisions\/2791"}],"wp:featuredmedia":[{"embeddable":true,"href":"https:\/\/rolfbenker.com\/de\/wp-json\/wp\/v2\/media\/2783"}],"wp:attachment":[{"href":"https:\/\/rolfbenker.com\/de\/wp-json\/wp\/v2\/media?parent=2789"}],"wp:term":[{"taxonomy":"category","embeddable":true,"href":"https:\/\/rolfbenker.com\/de\/wp-json\/wp\/v2\/categories?post=2789"},{"taxonomy":"post_tag","embeddable":true,"href":"https:\/\/rolfbenker.com\/de\/wp-json\/wp\/v2\/tags?post=2789"}],"curies":[{"name":"wp","href":"https:\/\/api.w.org\/{rel}","templated":true}]}}