{"id":2823,"date":"2023-05-05T07:31:14","date_gmt":"2023-05-05T07:31:14","guid":{"rendered":"https:\/\/rolfbenker.com\/diseno-de-muebles-a-medida-y-totalmente-personalizados\/"},"modified":"2023-05-05T07:38:54","modified_gmt":"2023-05-05T07:38:54","slug":"kundenspezifisches-und-vollstaendig-kundenspezifisches-moebeldesign","status":"publish","type":"post","link":"https:\/\/rolfbenker.com\/de\/kundenspezifisches-und-vollstaendig-kundenspezifisches-moebeldesign\/","title":{"rendered":"Kundenspezifisches und vollst\u00e4ndig kundenspezifisches M\u00f6beldesign"},"content":{"rendered":"<p>Bei Rolf Benker Carpinter\u00eda sind wir auf das Design von ma\u00dfgeschneiderten und personalisierten M\u00f6beln spezialisiert und schaffen einzigartige St\u00fccke, die an die Bed\u00fcrfnisse und den Geschmack des Kunden angepasst sind.<\/p>\n<p><!--more--><\/p>\n<p>Diese Art von M\u00f6beln unterscheidet sich von vorgefertigten M\u00f6beln in Serie, da sie speziell f\u00fcr einen bestimmten Raum und eine bestimmte Funktion entwickelt wurden.<\/p>\n<p>Die Schritte, die wir befolgen, sind die folgenden:<\/p>\n<p>Wir treffen uns mit dem Kunden, um seine Bed\u00fcrfnisse und Vorlieben herauszufinden. Wir fragen Sie, welche Art von M\u00f6bel Sie ben\u00f6tigen, wof\u00fcr Sie es verwenden m\u00f6chten, welchen Stil Sie m\u00f6gen und wie hoch Ihr Budget ist.<br \/>\nWir nehmen die Ma\u00dfe: Nachdem wir die Bed\u00fcrfnisse des Kunden kennen, nehmen wir die Ma\u00dfe des Raums, in dem die M\u00f6bel aufgestellt werden sollen, damit das Design perfekt zum Ort passt.<br \/>\nWir entwerfen die M\u00f6bel: Unter Ber\u00fccksichtigung der Ma\u00dfe und Vorlieben des Kunden entwerfen wir die M\u00f6bel. Wir ber\u00fccksichtigen immer die Funktion der M\u00f6bel, die \u00c4sthetik und die verwendeten Materialien.<br \/>\nWir pr\u00e4sentieren das Design: Sobald wir das Design haben, legen wir es dem Kunden zur Genehmigung vor.<br \/>\nHerstellung: Nachdem der Kunde das Design genehmigt hat, stellen wir die M\u00f6bel her.<br \/>\nLieferung und Montage: Schlie\u00dflich liefern und montieren wir die M\u00f6bel an dem mit dem Kunden vereinbarten Ort. Stellen Sie sicher, dass die M\u00f6bel in einwandfreiem Zustand sind und den Erwartungen des Kunden entsprechen.<\/p>\n<p>Wenn Sie individuelle, personalisierte und hochwertige M\u00f6bel ben\u00f6tigen, z\u00f6gern Sie nicht, <strong><a href=\"https:\/\/rolfbenker.com\/de\/kontakt\/\">uns unverbindlich zu kontaktieren.<\/a><\/strong><\/p>\n<p>&nbsp;<\/p>\n\n\t\t<style type=\"text\/css\">\n\t\t\t#gallery-1 {\n\t\t\t\tmargin: auto;\n\t\t\t}\n\t\t\t#gallery-1 .gallery-item {\n\t\t\t\tfloat: left;\n\t\t\t\tmargin-top: 10px;\n\t\t\t\ttext-align: center;\n\t\t\t\twidth: 33%;\n\t\t\t}\n\t\t\t#gallery-1 img {\n\t\t\t\tborder: 2px solid #cfcfcf;\n\t\t\t}\n\t\t\t#gallery-1 .gallery-caption {\n\t\t\t\tmargin-left: 0;\n\t\t\t}\n\t\t\t\/* see gallery_shortcode() in wp-includes\/media.php *\/\n\t\t<\/style>\n\t\t<div id='gallery-1' class='gallery galleryid-2823 gallery-columns-3 gallery-size-large'><dl class='gallery-item'>\n\t\t\t<dt class='gallery-icon landscape'>\n\t\t\t\t<a href='https:\/\/rolfbenker.com\/de\/kundenspezifisches-und-vollstaendig-kundenspezifisches-moebeldesign\/muebles-a-medida-mesas-2\/'><img width=\"1024\" height=\"890\" src=\"https:\/\/rolfbenker.com\/wp-content\/uploads\/2023\/05\/muebles-a-medida-mesas-1024x890.jpg\" class=\"attachment-large size-large\" alt=\"\" srcset=\"https:\/\/rolfbenker.com\/wp-content\/uploads\/2023\/05\/muebles-a-medida-mesas-1024x890.jpg 1024w, https:\/\/rolfbenker.com\/wp-content\/uploads\/2023\/05\/muebles-a-medida-mesas-300x261.jpg 300w, https:\/\/rolfbenker.com\/wp-content\/uploads\/2023\/05\/muebles-a-medida-mesas-768x667.jpg 768w, https:\/\/rolfbenker.com\/wp-content\/uploads\/2023\/05\/muebles-a-medida-mesas-370x322.jpg 370w, https:\/\/rolfbenker.com\/wp-content\/uploads\/2023\/05\/muebles-a-medida-mesas-1200x1043.jpg 1200w, https:\/\/rolfbenker.com\/wp-content\/uploads\/2023\/05\/muebles-a-medida-mesas-360x313.jpg 360w, https:\/\/rolfbenker.com\/wp-content\/uploads\/2023\/05\/muebles-a-medida-mesas.jpg 1381w\" sizes=\"(max-width: 1024px) 100vw, 1024px\" decoding=\"async\" fetchpriority=\"high\" title=\"\" loading=\"lazy\"><\/a>\n\t\t\t<\/dt><\/dl><dl class='gallery-item'>\n\t\t\t<dt class='gallery-icon landscape'>\n\t\t\t\t<a href='https:\/\/rolfbenker.com\/de\/kundenspezifisches-und-vollstaendig-kundenspezifisches-moebeldesign\/muebles-bano-amedida-rolfbenker-2\/'><img width=\"1024\" height=\"890\" src=\"https:\/\/rolfbenker.com\/wp-content\/uploads\/2023\/05\/muebles-bano-amedida-rolfbenker-1024x890.jpg\" class=\"attachment-large size-large\" alt=\"\" srcset=\"https:\/\/rolfbenker.com\/wp-content\/uploads\/2023\/05\/muebles-bano-amedida-rolfbenker-1024x890.jpg 1024w, https:\/\/rolfbenker.com\/wp-content\/uploads\/2023\/05\/muebles-bano-amedida-rolfbenker-300x261.jpg 300w, https:\/\/rolfbenker.com\/wp-content\/uploads\/2023\/05\/muebles-bano-amedida-rolfbenker-768x667.jpg 768w, https:\/\/rolfbenker.com\/wp-content\/uploads\/2023\/05\/muebles-bano-amedida-rolfbenker-370x322.jpg 370w, https:\/\/rolfbenker.com\/wp-content\/uploads\/2023\/05\/muebles-bano-amedida-rolfbenker-1200x1043.jpg 1200w, https:\/\/rolfbenker.com\/wp-content\/uploads\/2023\/05\/muebles-bano-amedida-rolfbenker-360x313.jpg 360w, https:\/\/rolfbenker.com\/wp-content\/uploads\/2023\/05\/muebles-bano-amedida-rolfbenker.jpg 1381w\" sizes=\"auto, (max-width: 1024px) 100vw, 1024px\" loading=\"lazy\" decoding=\"async\" fetchpriority=\"low\" title=\"\"><\/a>\n\t\t\t<\/dt><\/dl><dl class='gallery-item'>\n\t\t\t<dt class='gallery-icon landscape'>\n\t\t\t\t<a href='https:\/\/rolfbenker.com\/de\/kundenspezifisches-und-vollstaendig-kundenspezifisches-moebeldesign\/mueblesamedida-elpaso-2\/'><img width=\"1024\" height=\"890\" src=\"https:\/\/rolfbenker.com\/wp-content\/uploads\/2023\/05\/mueblesamedida-elpaso-1024x890.jpg\" class=\"attachment-large size-large\" alt=\"\" srcset=\"https:\/\/rolfbenker.com\/wp-content\/uploads\/2023\/05\/mueblesamedida-elpaso-1024x890.jpg 1024w, https:\/\/rolfbenker.com\/wp-content\/uploads\/2023\/05\/mueblesamedida-elpaso-300x261.jpg 300w, https:\/\/rolfbenker.com\/wp-content\/uploads\/2023\/05\/mueblesamedida-elpaso-768x667.jpg 768w, https:\/\/rolfbenker.com\/wp-content\/uploads\/2023\/05\/mueblesamedida-elpaso-370x322.jpg 370w, https:\/\/rolfbenker.com\/wp-content\/uploads\/2023\/05\/mueblesamedida-elpaso-1200x1043.jpg 1200w, https:\/\/rolfbenker.com\/wp-content\/uploads\/2023\/05\/mueblesamedida-elpaso-360x313.jpg 360w, https:\/\/rolfbenker.com\/wp-content\/uploads\/2023\/05\/mueblesamedida-elpaso.jpg 1381w\" sizes=\"auto, (max-width: 1024px) 100vw, 1024px\" loading=\"lazy\" decoding=\"async\" fetchpriority=\"low\" title=\"\"><\/a>\n\t\t\t<\/dt><\/dl><br style=\"clear: both\" \/>\n\t\t<\/div>\n\n<p>&nbsp;<\/p>\n","protected":false},"excerpt":{"rendered":"<p>Bei Rolf Benker Carpinter\u00eda sind wir auf das Design von ma\u00dfgeschneiderten und personalisierten M\u00f6beln spezialisiert und schaffen einzigartige St\u00fccke, die an die Bed\u00fcrfnisse und den Geschmack des Kunden angepasst sind.<\/p>\n","protected":false},"author":1,"featured_media":2813,"comment_status":"closed","ping_status":"closed","sticky":false,"template":"","format":"standard","meta":{"footnotes":""},"categories":[66],"tags":[121],"class_list":["post-2823","post","type-post","status-publish","format-standard","has-post-thumbnail","hentry","category-diseno-de-muebles-de","tag-moebeldesign"],"_links":{"self":[{"href":"https:\/\/rolfbenker.com\/de\/wp-json\/wp\/v2\/posts\/2823","targetHints":{"allow":["GET"]}}],"collection":[{"href":"https:\/\/rolfbenker.com\/de\/wp-json\/wp\/v2\/posts"}],"about":[{"href":"https:\/\/rolfbenker.com\/de\/wp-json\/wp\/v2\/types\/post"}],"author":[{"embeddable":true,"href":"https:\/\/rolfbenker.com\/de\/wp-json\/wp\/v2\/users\/1"}],"replies":[{"embeddable":true,"href":"https:\/\/rolfbenker.com\/de\/wp-json\/wp\/v2\/comments?post=2823"}],"version-history":[{"count":2,"href":"https:\/\/rolfbenker.com\/de\/wp-json\/wp\/v2\/posts\/2823\/revisions"}],"predecessor-version":[{"id":2825,"href":"https:\/\/rolfbenker.com\/de\/wp-json\/wp\/v2\/posts\/2823\/revisions\/2825"}],"wp:featuredmedia":[{"embeddable":true,"href":"https:\/\/rolfbenker.com\/de\/wp-json\/wp\/v2\/media\/2813"}],"wp:attachment":[{"href":"https:\/\/rolfbenker.com\/de\/wp-json\/wp\/v2\/media?parent=2823"}],"wp:term":[{"taxonomy":"category","embeddable":true,"href":"https:\/\/rolfbenker.com\/de\/wp-json\/wp\/v2\/categories?post=2823"},{"taxonomy":"post_tag","embeddable":true,"href":"https:\/\/rolfbenker.com\/de\/wp-json\/wp\/v2\/tags?post=2823"}],"curies":[{"name":"wp","href":"https:\/\/api.w.org\/{rel}","templated":true}]}}