{"id":2856,"date":"2023-05-13T09:23:34","date_gmt":"2023-05-13T09:23:34","guid":{"rendered":"https:\/\/rolfbenker.com\/?p=2856"},"modified":"2023-05-12T10:36:41","modified_gmt":"2023-05-12T10:36:41","slug":"massgeschneiderte-und-personalisierte-schlafzimmer","status":"publish","type":"post","link":"https:\/\/rolfbenker.com\/de\/massgeschneiderte-und-personalisierte-schlafzimmer\/","title":{"rendered":"Ma\u00dfgeschneiderte und personalisierte Schlafzimmer"},"content":{"rendered":"<div class=\"flex-1 overflow-hidden\">\n<div class=\"react-scroll-to-bottom--css-jgpyy-79elbk h-full dark:bg-gray-800\">\n<div class=\"react-scroll-to-bottom--css-jgpyy-1n7m0yu\">\n<div class=\"flex flex-col items-center text-sm dark:bg-gray-800\">\n<div class=\"group w-full text-gray-800 dark:text-gray-100 border-b border-black\/10 dark:border-gray-900\/50 bg-gray-50 dark:bg-[#444654]\">\n<div class=\"flex p-4 gap-4 text-base md:gap-6 md:max-w-2xl lg:max-w-xl xl:max-w-3xl md:py-6 lg:px-0 m-auto\">\n<div class=\"relative flex w-[calc(100%-50px)] flex-col gap-1 md:gap-3 lg:w-[calc(100%-115px)]\">\n<div class=\"flex flex-grow flex-col gap-3\">\n<div class=\"min-h-[20px] flex flex-col items-start gap-4 whitespace-pre-wrap break-words\">\n<div class=\"markdown prose w-full break-words dark:prose-invert light\">\n<p>Bei Rolf Benker gestalten wir das Schlafzimmer Ihrer Tr\u00e4ume. Wir schaffen ma\u00dfgeschneiderte und personalisierte Schlafzimmer, angepasst an die individuellen Bed\u00fcrfnisse und Geschm\u00e4cker jedes Kunden.<\/p>\n<p><!--more--><\/p>\n<div class=\"absolute bottom-0 left-0 w-full border-t md:border-t-0 dark:border-white\/20 md:border-transparent md:dark:border-transparent md:bg-vert-light-gradient bg-white dark:bg-gray-800 md:!bg-transparent dark:md:bg-vert-dark-gradient pt-2\">\n<form class=\"stretch mx-2 flex flex-row gap-3 last:mb-2 md:mx-4 md:last:mb-6 lg:mx-auto lg:max-w-2xl xl:max-w-3xl\">\n<div class=\"relative flex h-full flex-1 items-stretch md:flex-col\">Diese Schlafzimmer sind oft einzigartig, da sie nach den Vorgaben und Vorlieben des Eigent\u00fcmers gestaltet werden. Einige Vorteile eines ma\u00dfgeschneiderten Schlafzimmers sind:<\/div>\n<\/form>\n<\/div>\n<p>Anpassungsf\u00e4higkeit: Es kann so gestaltet werden, dass es sich an jeden Raum anpasst, unabh\u00e4ngig von seiner Form oder Gr\u00f6\u00dfe. Dadurch kann jede Ecke des Raumes optimal genutzt werden, inklusive Abstellfl\u00e4chen, Schr\u00e4nke usw.<br \/>\nPersonalisierung: Durch ein individuelles Schlafzimmer k\u00f6nnen Sie den Raum an die individuellen Bed\u00fcrfnisse und Geschm\u00e4cker anpassen. Dazu kann die Wahl des Betttyps, der Matratze, der Bettw\u00e4sche, der Materialien und Oberfl\u00e4chen, der Beleuchtung, der Farben usw. geh\u00f6ren.<br \/>\nRaumnutzung: Sie k\u00f6nnen kleine R\u00e4ume optimal nutzen und zus\u00e4tzliche Lagerfl\u00e4chen wie Schubladen, Regale, Einbauschr\u00e4nke usw. schaffen.<br \/>\nHaltbarkeit: Es ist aus hochwertigen Materialien gefertigt und passt sich dem Geschmack und den Bed\u00fcrfnissen des Besitzers an, sodass es viele Jahre halten kann, ohne dass gr\u00f6\u00dfere Reparaturen oder \u00c4nderungen erforderlich sind.<br \/>\n\u00c4sthetik: Ein individuelles Schlafzimmer kann so gestaltet werden, dass eine einzigartige und personalisierte \u00c4sthetik entsteht. Dies kann besonders f\u00fcr diejenigen von Vorteil sein, die eine thematische Dekoration schaffen oder einen pers\u00f6nlichen Stil widerspiegeln m\u00f6chten.<\/p>\n<p><a href=\"https:\/\/rolfbenker.com\/de\/kontakt\/\">Kontaktieren Sie uns unverbindlich.<\/a><\/p>\n\n\t\t<style type=\"text\/css\">\n\t\t\t#gallery-1 {\n\t\t\t\tmargin: auto;\n\t\t\t}\n\t\t\t#gallery-1 .gallery-item {\n\t\t\t\tfloat: left;\n\t\t\t\tmargin-top: 10px;\n\t\t\t\ttext-align: center;\n\t\t\t\twidth: 50%;\n\t\t\t}\n\t\t\t#gallery-1 img {\n\t\t\t\tborder: 2px solid #cfcfcf;\n\t\t\t}\n\t\t\t#gallery-1 .gallery-caption {\n\t\t\t\tmargin-left: 0;\n\t\t\t}\n\t\t\t\/* see gallery_shortcode() in wp-includes\/media.php *\/\n\t\t<\/style>\n\t\t<div id='gallery-1' class='gallery galleryid-2856 gallery-columns-2 gallery-size-large'><dl class='gallery-item'>\n\t\t\t<dt class='gallery-icon portrait'>\n\t\t\t\t<a href='https:\/\/rolfbenker.com\/de\/massgeschneiderte-und-personalisierte-schlafzimmer\/disenocamas-2\/'><img width=\"576\" height=\"768\" src=\"https:\/\/rolfbenker.com\/wp-content\/uploads\/2023\/05\/disenocamas.jpg\" class=\"attachment-large size-large\" alt=\"\" srcset=\"https:\/\/rolfbenker.com\/wp-content\/uploads\/2023\/05\/disenocamas.jpg 576w, https:\/\/rolfbenker.com\/wp-content\/uploads\/2023\/05\/disenocamas-225x300.jpg 225w, https:\/\/rolfbenker.com\/wp-content\/uploads\/2023\/05\/disenocamas-270x360.jpg 270w, https:\/\/rolfbenker.com\/wp-content\/uploads\/2023\/05\/disenocamas-360x480.jpg 360w\" sizes=\"(max-width: 576px) 100vw, 576px\" decoding=\"async\" fetchpriority=\"high\" title=\"\" loading=\"lazy\"><\/a>\n\t\t\t<\/dt><\/dl><dl class='gallery-item'>\n\t\t\t<dt class='gallery-icon portrait'>\n\t\t\t\t<a href='https:\/\/rolfbenker.com\/de\/massgeschneiderte-und-personalisierte-schlafzimmer\/disenodormitorios-2\/'><img width=\"576\" height=\"768\" src=\"https:\/\/rolfbenker.com\/wp-content\/uploads\/2023\/05\/disenodormitorios.jpg\" class=\"attachment-large size-large\" alt=\"\" srcset=\"https:\/\/rolfbenker.com\/wp-content\/uploads\/2023\/05\/disenodormitorios.jpg 576w, https:\/\/rolfbenker.com\/wp-content\/uploads\/2023\/05\/disenodormitorios-225x300.jpg 225w, https:\/\/rolfbenker.com\/wp-content\/uploads\/2023\/05\/disenodormitorios-270x360.jpg 270w, https:\/\/rolfbenker.com\/wp-content\/uploads\/2023\/05\/disenodormitorios-360x480.jpg 360w\" sizes=\"auto, (max-width: 576px) 100vw, 576px\" loading=\"lazy\" decoding=\"async\" fetchpriority=\"low\" title=\"\"><\/a>\n\t\t\t<\/dt><\/dl><br style=\"clear: both\" \/><dl class='gallery-item'>\n\t\t\t<dt class='gallery-icon portrait'>\n\t\t\t\t<a href='https:\/\/rolfbenker.com\/de\/massgeschneiderte-und-personalisierte-schlafzimmer\/diseno-2\/'><img width=\"576\" height=\"768\" src=\"https:\/\/rolfbenker.com\/wp-content\/uploads\/2023\/05\/diseno.jpg\" class=\"attachment-large size-large\" alt=\"\" srcset=\"https:\/\/rolfbenker.com\/wp-content\/uploads\/2023\/05\/diseno.jpg 576w, https:\/\/rolfbenker.com\/wp-content\/uploads\/2023\/05\/diseno-225x300.jpg 225w, https:\/\/rolfbenker.com\/wp-content\/uploads\/2023\/05\/diseno-270x360.jpg 270w, https:\/\/rolfbenker.com\/wp-content\/uploads\/2023\/05\/diseno-360x480.jpg 360w\" sizes=\"auto, (max-width: 576px) 100vw, 576px\" loading=\"lazy\" decoding=\"async\" fetchpriority=\"low\" title=\"\"><\/a>\n\t\t\t<\/dt><\/dl><dl class='gallery-item'>\n\t\t\t<dt class='gallery-icon portrait'>\n\t\t\t\t<a href='https:\/\/rolfbenker.com\/de\/massgeschneiderte-und-personalisierte-schlafzimmer\/disenocamas-rolfbenker-2\/'><img width=\"576\" height=\"768\" src=\"https:\/\/rolfbenker.com\/wp-content\/uploads\/2023\/05\/disenocamas-rolfbenker.jpg\" class=\"attachment-large size-large\" alt=\"\" srcset=\"https:\/\/rolfbenker.com\/wp-content\/uploads\/2023\/05\/disenocamas-rolfbenker.jpg 576w, https:\/\/rolfbenker.com\/wp-content\/uploads\/2023\/05\/disenocamas-rolfbenker-225x300.jpg 225w, https:\/\/rolfbenker.com\/wp-content\/uploads\/2023\/05\/disenocamas-rolfbenker-270x360.jpg 270w, https:\/\/rolfbenker.com\/wp-content\/uploads\/2023\/05\/disenocamas-rolfbenker-360x480.jpg 360w\" sizes=\"auto, (max-width: 576px) 100vw, 576px\" loading=\"lazy\" decoding=\"async\" fetchpriority=\"low\" title=\"\"><\/a>\n\t\t\t<\/dt><\/dl><br style=\"clear: both\" \/>\n\t\t<\/div>\n\n<\/div>\n<\/div>\n<\/div>\n<div class=\"flex justify-between lg:block\"><\/div>\n<\/div>\n<\/div>\n<\/div>\n<\/div>\n<\/div>\n<\/div>\n<\/div>\n<div class=\"absolute bottom-0 left-0 w-full border-t md:border-t-0 dark:border-white\/20 md:border-transparent md:dark:border-transparent md:bg-vert-light-gradient bg-white dark:bg-gray-800 md:!bg-transparent dark:md:bg-vert-dark-gradient pt-2\">\n<form class=\"stretch mx-2 flex flex-row gap-3 last:mb-2 md:mx-4 md:last:mb-6 lg:mx-auto lg:max-w-2xl xl:max-w-3xl\">\n<div class=\"relative flex h-full flex-1 items-stretch md:flex-col\"><\/div>\n<\/form>\n<\/div>\n","protected":false},"excerpt":{"rendered":"<p>Bei Rolf Benker gestalten wir das Schlafzimmer Ihrer Tr\u00e4ume. Wir schaffen ma\u00dfgeschneiderte und personalisierte Schlafzimmer, angepasst an die individuellen Bed\u00fcrfnisse und Geschm\u00e4cker jedes Kunden.<\/p>\n","protected":false},"author":1,"featured_media":2851,"comment_status":"closed","ping_status":"closed","sticky":false,"template":"","format":"standard","meta":{"footnotes":""},"categories":[66],"tags":[104,126],"class_list":["post-2856","post","type-post","status-publish","format-standard","has-post-thumbnail","hentry","category-diseno-de-muebles-de","tag-camas-a-medida","tag-individuelle-schlafzimmer"],"_links":{"self":[{"href":"https:\/\/rolfbenker.com\/de\/wp-json\/wp\/v2\/posts\/2856","targetHints":{"allow":["GET"]}}],"collection":[{"href":"https:\/\/rolfbenker.com\/de\/wp-json\/wp\/v2\/posts"}],"about":[{"href":"https:\/\/rolfbenker.com\/de\/wp-json\/wp\/v2\/types\/post"}],"author":[{"embeddable":true,"href":"https:\/\/rolfbenker.com\/de\/wp-json\/wp\/v2\/users\/1"}],"replies":[{"embeddable":true,"href":"https:\/\/rolfbenker.com\/de\/wp-json\/wp\/v2\/comments?post=2856"}],"version-history":[{"count":2,"href":"https:\/\/rolfbenker.com\/de\/wp-json\/wp\/v2\/posts\/2856\/revisions"}],"predecessor-version":[{"id":2858,"href":"https:\/\/rolfbenker.com\/de\/wp-json\/wp\/v2\/posts\/2856\/revisions\/2858"}],"wp:featuredmedia":[{"embeddable":true,"href":"https:\/\/rolfbenker.com\/de\/wp-json\/wp\/v2\/media\/2851"}],"wp:attachment":[{"href":"https:\/\/rolfbenker.com\/de\/wp-json\/wp\/v2\/media?parent=2856"}],"wp:term":[{"taxonomy":"category","embeddable":true,"href":"https:\/\/rolfbenker.com\/de\/wp-json\/wp\/v2\/categories?post=2856"},{"taxonomy":"post_tag","embeddable":true,"href":"https:\/\/rolfbenker.com\/de\/wp-json\/wp\/v2\/tags?post=2856"}],"curies":[{"name":"wp","href":"https:\/\/api.w.org\/{rel}","templated":true}]}}