{"id":2877,"date":"2023-05-18T07:12:51","date_gmt":"2023-05-18T07:12:51","guid":{"rendered":"https:\/\/rolfbenker.com\/acristalamiento-de-terrazas\/"},"modified":"2023-05-18T07:29:36","modified_gmt":"2023-05-18T07:29:36","slug":"verglasung-von-terrassen","status":"publish","type":"post","link":"https:\/\/rolfbenker.com\/de\/verglasung-von-terrassen\/","title":{"rendered":"Verglasung von Terrassen"},"content":{"rendered":"<p>Wir bei Rolf Benker sind Spezialisten f\u00fcr Terrassenverglasungen und garantieren eine sichere und qualitativ hochwertige Montage.<\/p>\n<p><!--more--><\/p>\n<p>Die Verglasung einer Terrasse bietet mehrere wesentliche Vorteile, darunter:<\/p>\n<ol>\n<li>Schutz vor Witterungseinfl\u00fcssen: Die Verglasung einer Terrasse bietet eine wirksame Barriere gegen Wind, Regen, Schnee und andere raue Wettereinfl\u00fcsse. Dadurch kann die Terrasse das ganze Jahr \u00fcber genutzt werden, unabh\u00e4ngig von den Wetterbedingungen.<\/li>\n<li>W\u00e4rmed\u00e4mmung: Moderne Verglasungssysteme sind aus hochwertigen Materialien gefertigt, die eine hervorragende W\u00e4rmed\u00e4mmung bieten. Dies tr\u00e4gt dazu bei, die Innentemperatur der Terrasse aufrechtzuerhalten, was zu einer angenehmeren Umgebung f\u00fchrt und den Bedarf an zus\u00e4tzlicher Heizung oder Klimaanlage verringert.<\/li>\n<li>L\u00e4rmminderung: Die Verglasung der Terrasse wirkt als akustische Barriere und reduziert den Au\u00dfenl\u00e4rm deutlich. Dies ist besonders vorteilhaft, wenn Sie in der N\u00e4he einer belebten Stra\u00dfe, eines Parks oder einer anderen L\u00e4rmquelle wohnen.<\/li>\n<li>Erh\u00f6hte Sicherheit: Verglasungssysteme bestehen in der Regel aus geh\u00e4rtetem oder laminiertem Glas, das viel st\u00e4rker ist als normales Glas. Dies erh\u00f6ht die Sicherheit der Terrasse, da sie schwerer zu zerbrechen ist und verringert das Risiko von Diebst\u00e4hlen oder Unf\u00e4llen.<\/li>\n<li>Geringerer Wartungsaufwand: Terrassenverglasungen erfordern im Vergleich zu anderen Optionen wie Markisen oder Stoff\u00fcberdachungen weniger Wartung. Die Gl\u00e4ser sind leicht zu reinigen und werden weder durch Sonneneinstrahlung noch durch Feuchtigkeit besch\u00e4digt.<\/li>\n<li>Erh\u00f6hter Immobilienwert: Ein Wintergarten kann den Wert Ihrer Immobilie steigern, indem er zus\u00e4tzlichen Wohnraum hinzuf\u00fcgt, der das ganze Jahr \u00fcber genutzt werden kann. Dies ist insbesondere dann relevant, wenn Sie erw\u00e4gen, Ihre Immobilie in Zukunft zu verkaufen oder zu vermieten.<\/li>\n<\/ol>\n<p>Grunds\u00e4tzlich bietet die Verglasung einer Terrasse Schutz vor Witterungseinfl\u00fcssen, W\u00e4rmed\u00e4mmung, L\u00e4rmreduzierung, erh\u00f6hte Sicherheit, geringeren Wartungsaufwand und kann den Immobilienwert steigern. Diese Vorteile machen Verglasungen zu einer beliebten Wahl, um Terrassen zu jeder Jahreszeit aufzuwerten und zu genie\u00dfen.<\/p>\n<p><strong><a href=\"https:\/\/rolfbenker.com\/de\/kontakt\/\">Kontaktieren Sie uns unverbindlich.<\/a><\/strong><\/p>\n\n\t\t<style type=\"text\/css\">\n\t\t\t#gallery-1 {\n\t\t\t\tmargin: auto;\n\t\t\t}\n\t\t\t#gallery-1 .gallery-item {\n\t\t\t\tfloat: left;\n\t\t\t\tmargin-top: 10px;\n\t\t\t\ttext-align: center;\n\t\t\t\twidth: 50%;\n\t\t\t}\n\t\t\t#gallery-1 img {\n\t\t\t\tborder: 2px solid #cfcfcf;\n\t\t\t}\n\t\t\t#gallery-1 .gallery-caption {\n\t\t\t\tmargin-left: 0;\n\t\t\t}\n\t\t\t\/* see gallery_shortcode() in wp-includes\/media.php *\/\n\t\t<\/style>\n\t\t<div id='gallery-1' class='gallery galleryid-2877 gallery-columns-2 gallery-size-large'><dl class='gallery-item'>\n\t\t\t<dt class='gallery-icon landscape'>\n\t\t\t\t<a href='https:\/\/rolfbenker.com\/de\/verglasung-von-terrassen\/rolfbenker-acristalamientoterraza-lapalma-2\/'><img width=\"1024\" height=\"768\" src=\"https:\/\/rolfbenker.com\/wp-content\/uploads\/2023\/05\/rolfbenker-acristalamientoterraza-lapalma-1024x768.jpg\" class=\"attachment-large size-large\" alt=\"\" srcset=\"https:\/\/rolfbenker.com\/wp-content\/uploads\/2023\/05\/rolfbenker-acristalamientoterraza-lapalma-1024x768.jpg 1024w, https:\/\/rolfbenker.com\/wp-content\/uploads\/2023\/05\/rolfbenker-acristalamientoterraza-lapalma-300x225.jpg 300w, https:\/\/rolfbenker.com\/wp-content\/uploads\/2023\/05\/rolfbenker-acristalamientoterraza-lapalma-768x576.jpg 768w, https:\/\/rolfbenker.com\/wp-content\/uploads\/2023\/05\/rolfbenker-acristalamientoterraza-lapalma-1536x1153.jpg 1536w, https:\/\/rolfbenker.com\/wp-content\/uploads\/2023\/05\/rolfbenker-acristalamientoterraza-lapalma-370x278.jpg 370w, https:\/\/rolfbenker.com\/wp-content\/uploads\/2023\/05\/rolfbenker-acristalamientoterraza-lapalma-1200x901.jpg 1200w, https:\/\/rolfbenker.com\/wp-content\/uploads\/2023\/05\/rolfbenker-acristalamientoterraza-lapalma-360x270.jpg 360w, https:\/\/rolfbenker.com\/wp-content\/uploads\/2023\/05\/rolfbenker-acristalamientoterraza-lapalma.jpg 1599w\" sizes=\"(max-width: 1024px) 100vw, 1024px\" decoding=\"async\" fetchpriority=\"high\" title=\"\" loading=\"lazy\"><\/a>\n\t\t\t<\/dt><\/dl><dl class='gallery-item'>\n\t\t\t<dt class='gallery-icon landscape'>\n\t\t\t\t<a href='https:\/\/rolfbenker.com\/de\/verglasung-von-terrassen\/rolfbenker-acristalamientoterraza-la-palma-2\/'><img width=\"1024\" height=\"768\" src=\"https:\/\/rolfbenker.com\/wp-content\/uploads\/2023\/05\/rolfbenker-acristalamientoterraza-la-palma-1024x768.jpg\" class=\"attachment-large size-large\" alt=\"ventajas acristalamiento de una terraza\" srcset=\"https:\/\/rolfbenker.com\/wp-content\/uploads\/2023\/05\/rolfbenker-acristalamientoterraza-la-palma-1024x768.jpg 1024w, https:\/\/rolfbenker.com\/wp-content\/uploads\/2023\/05\/rolfbenker-acristalamientoterraza-la-palma-300x225.jpg 300w, https:\/\/rolfbenker.com\/wp-content\/uploads\/2023\/05\/rolfbenker-acristalamientoterraza-la-palma-768x576.jpg 768w, https:\/\/rolfbenker.com\/wp-content\/uploads\/2023\/05\/rolfbenker-acristalamientoterraza-la-palma-1536x1153.jpg 1536w, https:\/\/rolfbenker.com\/wp-content\/uploads\/2023\/05\/rolfbenker-acristalamientoterraza-la-palma-370x278.jpg 370w, https:\/\/rolfbenker.com\/wp-content\/uploads\/2023\/05\/rolfbenker-acristalamientoterraza-la-palma-1200x901.jpg 1200w, https:\/\/rolfbenker.com\/wp-content\/uploads\/2023\/05\/rolfbenker-acristalamientoterraza-la-palma-360x270.jpg 360w, https:\/\/rolfbenker.com\/wp-content\/uploads\/2023\/05\/rolfbenker-acristalamientoterraza-la-palma.jpg 1599w\" sizes=\"auto, (max-width: 1024px) 100vw, 1024px\" loading=\"lazy\" decoding=\"async\" fetchpriority=\"low\" title=\"\"><\/a>\n\t\t\t<\/dt><\/dl><br style=\"clear: both\" \/><dl class='gallery-item'>\n\t\t\t<dt class='gallery-icon landscape'>\n\t\t\t\t<a href='https:\/\/rolfbenker.com\/de\/verglasung-von-terrassen\/rolf-benker-acristalamientoterraza-la-palma-2\/'><img width=\"1024\" height=\"768\" src=\"https:\/\/rolfbenker.com\/wp-content\/uploads\/2023\/05\/rolf-benker-acristalamientoterraza-la-palma-1024x768.jpg\" class=\"attachment-large size-large\" alt=\"ventajas acristalamiento de una terraza\" srcset=\"https:\/\/rolfbenker.com\/wp-content\/uploads\/2023\/05\/rolf-benker-acristalamientoterraza-la-palma-1024x768.jpg 1024w, https:\/\/rolfbenker.com\/wp-content\/uploads\/2023\/05\/rolf-benker-acristalamientoterraza-la-palma-300x225.jpg 300w, https:\/\/rolfbenker.com\/wp-content\/uploads\/2023\/05\/rolf-benker-acristalamientoterraza-la-palma-768x576.jpg 768w, https:\/\/rolfbenker.com\/wp-content\/uploads\/2023\/05\/rolf-benker-acristalamientoterraza-la-palma-1536x1153.jpg 1536w, https:\/\/rolfbenker.com\/wp-content\/uploads\/2023\/05\/rolf-benker-acristalamientoterraza-la-palma-370x278.jpg 370w, https:\/\/rolfbenker.com\/wp-content\/uploads\/2023\/05\/rolf-benker-acristalamientoterraza-la-palma-1200x901.jpg 1200w, https:\/\/rolfbenker.com\/wp-content\/uploads\/2023\/05\/rolf-benker-acristalamientoterraza-la-palma-360x270.jpg 360w, https:\/\/rolfbenker.com\/wp-content\/uploads\/2023\/05\/rolf-benker-acristalamientoterraza-la-palma.jpg 1599w\" sizes=\"auto, (max-width: 1024px) 100vw, 1024px\" loading=\"lazy\" decoding=\"async\" fetchpriority=\"low\" title=\"\"><\/a>\n\t\t\t<\/dt><\/dl><dl class='gallery-item'>\n\t\t\t<dt class='gallery-icon landscape'>\n\t\t\t\t<a href='https:\/\/rolfbenker.com\/de\/verglasung-von-terrassen\/rolf-benker-la-palma-2\/'><img width=\"1024\" height=\"768\" src=\"https:\/\/rolfbenker.com\/wp-content\/uploads\/2023\/05\/rolf-benker-la-palma-1024x768.jpg\" class=\"attachment-large size-large\" alt=\"ventajas acristalamiento de una terraza\" srcset=\"https:\/\/rolfbenker.com\/wp-content\/uploads\/2023\/05\/rolf-benker-la-palma-1024x768.jpg 1024w, https:\/\/rolfbenker.com\/wp-content\/uploads\/2023\/05\/rolf-benker-la-palma-300x225.jpg 300w, https:\/\/rolfbenker.com\/wp-content\/uploads\/2023\/05\/rolf-benker-la-palma-768x576.jpg 768w, https:\/\/rolfbenker.com\/wp-content\/uploads\/2023\/05\/rolf-benker-la-palma-1536x1153.jpg 1536w, https:\/\/rolfbenker.com\/wp-content\/uploads\/2023\/05\/rolf-benker-la-palma-370x278.jpg 370w, https:\/\/rolfbenker.com\/wp-content\/uploads\/2023\/05\/rolf-benker-la-palma-1200x901.jpg 1200w, https:\/\/rolfbenker.com\/wp-content\/uploads\/2023\/05\/rolf-benker-la-palma-360x270.jpg 360w, https:\/\/rolfbenker.com\/wp-content\/uploads\/2023\/05\/rolf-benker-la-palma.jpg 1599w\" sizes=\"auto, (max-width: 1024px) 100vw, 1024px\" loading=\"lazy\" decoding=\"async\" fetchpriority=\"low\" title=\"\"><\/a>\n\t\t\t<\/dt><\/dl><br style=\"clear: both\" \/><dl class='gallery-item'>\n\t\t\t<dt class='gallery-icon landscape'>\n\t\t\t\t<a href='https:\/\/rolfbenker.com\/de\/verglasung-von-terrassen\/rolf-benker-lapalma-2-2\/'><img width=\"1024\" height=\"768\" src=\"https:\/\/rolfbenker.com\/wp-content\/uploads\/2023\/05\/rolf-benker-lapalma-1024x768.jpg\" class=\"attachment-large size-large\" alt=\"ventajas acristalamiento de una terraza\" srcset=\"https:\/\/rolfbenker.com\/wp-content\/uploads\/2023\/05\/rolf-benker-lapalma-1024x768.jpg 1024w, https:\/\/rolfbenker.com\/wp-content\/uploads\/2023\/05\/rolf-benker-lapalma-300x225.jpg 300w, https:\/\/rolfbenker.com\/wp-content\/uploads\/2023\/05\/rolf-benker-lapalma-768x576.jpg 768w, https:\/\/rolfbenker.com\/wp-content\/uploads\/2023\/05\/rolf-benker-lapalma-1536x1153.jpg 1536w, https:\/\/rolfbenker.com\/wp-content\/uploads\/2023\/05\/rolf-benker-lapalma-370x278.jpg 370w, https:\/\/rolfbenker.com\/wp-content\/uploads\/2023\/05\/rolf-benker-lapalma-1200x901.jpg 1200w, https:\/\/rolfbenker.com\/wp-content\/uploads\/2023\/05\/rolf-benker-lapalma-360x270.jpg 360w, https:\/\/rolfbenker.com\/wp-content\/uploads\/2023\/05\/rolf-benker-lapalma.jpg 1599w\" sizes=\"auto, (max-width: 1024px) 100vw, 1024px\" loading=\"lazy\" decoding=\"async\" fetchpriority=\"low\" title=\"\"><\/a>\n\t\t\t<\/dt><\/dl><dl class='gallery-item'>\n\t\t\t<dt class='gallery-icon landscape'>\n\t\t\t\t<a href='https:\/\/rolfbenker.com\/de\/verglasung-von-terrassen\/rolf-benkerlapalma-2\/'><img width=\"1024\" height=\"768\" src=\"https:\/\/rolfbenker.com\/wp-content\/uploads\/2023\/05\/rolf-benkerlapalma-1024x768.jpg\" class=\"attachment-large size-large\" alt=\"ventajas acristalamiento de una terraza\" srcset=\"https:\/\/rolfbenker.com\/wp-content\/uploads\/2023\/05\/rolf-benkerlapalma-1024x768.jpg 1024w, https:\/\/rolfbenker.com\/wp-content\/uploads\/2023\/05\/rolf-benkerlapalma-300x225.jpg 300w, https:\/\/rolfbenker.com\/wp-content\/uploads\/2023\/05\/rolf-benkerlapalma-768x576.jpg 768w, https:\/\/rolfbenker.com\/wp-content\/uploads\/2023\/05\/rolf-benkerlapalma-1536x1153.jpg 1536w, https:\/\/rolfbenker.com\/wp-content\/uploads\/2023\/05\/rolf-benkerlapalma-370x278.jpg 370w, https:\/\/rolfbenker.com\/wp-content\/uploads\/2023\/05\/rolf-benkerlapalma-1200x901.jpg 1200w, https:\/\/rolfbenker.com\/wp-content\/uploads\/2023\/05\/rolf-benkerlapalma-360x270.jpg 360w, https:\/\/rolfbenker.com\/wp-content\/uploads\/2023\/05\/rolf-benkerlapalma.jpg 1599w\" sizes=\"auto, (max-width: 1024px) 100vw, 1024px\" loading=\"lazy\" decoding=\"async\" fetchpriority=\"low\" title=\"\"><\/a>\n\t\t\t<\/dt><\/dl><br style=\"clear: both\" \/><dl class='gallery-item'>\n\t\t\t<dt class='gallery-icon landscape'>\n\t\t\t\t<a href='https:\/\/rolfbenker.com\/de\/verglasung-von-terrassen\/carpinteria-rolfbenker-lapalma-2\/'><img width=\"1024\" height=\"768\" src=\"https:\/\/rolfbenker.com\/wp-content\/uploads\/2023\/05\/carpinteria-rolfbenker-lapalma-1024x768.jpg\" class=\"attachment-large size-large\" alt=\"ventajas acristalamiento de una terraza\" srcset=\"https:\/\/rolfbenker.com\/wp-content\/uploads\/2023\/05\/carpinteria-rolfbenker-lapalma-1024x768.jpg 1024w, https:\/\/rolfbenker.com\/wp-content\/uploads\/2023\/05\/carpinteria-rolfbenker-lapalma-300x225.jpg 300w, https:\/\/rolfbenker.com\/wp-content\/uploads\/2023\/05\/carpinteria-rolfbenker-lapalma-768x576.jpg 768w, https:\/\/rolfbenker.com\/wp-content\/uploads\/2023\/05\/carpinteria-rolfbenker-lapalma-1536x1153.jpg 1536w, https:\/\/rolfbenker.com\/wp-content\/uploads\/2023\/05\/carpinteria-rolfbenker-lapalma-370x278.jpg 370w, https:\/\/rolfbenker.com\/wp-content\/uploads\/2023\/05\/carpinteria-rolfbenker-lapalma-1200x901.jpg 1200w, https:\/\/rolfbenker.com\/wp-content\/uploads\/2023\/05\/carpinteria-rolfbenker-lapalma-360x270.jpg 360w, https:\/\/rolfbenker.com\/wp-content\/uploads\/2023\/05\/carpinteria-rolfbenker-lapalma.jpg 1599w\" sizes=\"auto, (max-width: 1024px) 100vw, 1024px\" loading=\"lazy\" decoding=\"async\" fetchpriority=\"low\" title=\"\"><\/a>\n\t\t\t<\/dt><\/dl><dl class='gallery-item'>\n\t\t\t<dt class='gallery-icon landscape'>\n\t\t\t\t<a href='https:\/\/rolfbenker.com\/de\/verglasung-von-terrassen\/carpinteria-rolfbenker-lapalma-canarias-2\/'><img width=\"1024\" height=\"768\" src=\"https:\/\/rolfbenker.com\/wp-content\/uploads\/2023\/05\/carpinteria-rolfbenker-lapalma-canarias-1024x768.jpg\" class=\"attachment-large size-large\" alt=\"ventajas acristalamiento de una terraza\" srcset=\"https:\/\/rolfbenker.com\/wp-content\/uploads\/2023\/05\/carpinteria-rolfbenker-lapalma-canarias-1024x768.jpg 1024w, https:\/\/rolfbenker.com\/wp-content\/uploads\/2023\/05\/carpinteria-rolfbenker-lapalma-canarias-300x225.jpg 300w, https:\/\/rolfbenker.com\/wp-content\/uploads\/2023\/05\/carpinteria-rolfbenker-lapalma-canarias-768x576.jpg 768w, https:\/\/rolfbenker.com\/wp-content\/uploads\/2023\/05\/carpinteria-rolfbenker-lapalma-canarias-1536x1153.jpg 1536w, https:\/\/rolfbenker.com\/wp-content\/uploads\/2023\/05\/carpinteria-rolfbenker-lapalma-canarias-370x278.jpg 370w, https:\/\/rolfbenker.com\/wp-content\/uploads\/2023\/05\/carpinteria-rolfbenker-lapalma-canarias-1200x901.jpg 1200w, https:\/\/rolfbenker.com\/wp-content\/uploads\/2023\/05\/carpinteria-rolfbenker-lapalma-canarias-360x270.jpg 360w, https:\/\/rolfbenker.com\/wp-content\/uploads\/2023\/05\/carpinteria-rolfbenker-lapalma-canarias.jpg 1599w\" sizes=\"auto, (max-width: 1024px) 100vw, 1024px\" loading=\"lazy\" decoding=\"async\" fetchpriority=\"low\" title=\"\"><\/a>\n\t\t\t<\/dt><\/dl><br style=\"clear: both\" \/>\n\t\t<\/div>\n\n","protected":false},"excerpt":{"rendered":"<p>Wir bei Rolf Benker sind Spezialisten f\u00fcr Terrassenverglasungen und garantieren eine sichere und qualitativ hochwertige Montage.<\/p>\n","protected":false},"author":1,"featured_media":2869,"comment_status":"closed","ping_status":"closed","sticky":false,"template":"","format":"standard","meta":{"footnotes":""},"categories":[61],"tags":[128,129],"class_list":["post-2877","post","type-post","status-publish","format-standard","has-post-thumbnail","hentry","category-ventanas-y-puertas-aluminio-de","tag-acristalamiento-de-terrazas-de","tag-verglasung-von-terrassen"],"_links":{"self":[{"href":"https:\/\/rolfbenker.com\/de\/wp-json\/wp\/v2\/posts\/2877","targetHints":{"allow":["GET"]}}],"collection":[{"href":"https:\/\/rolfbenker.com\/de\/wp-json\/wp\/v2\/posts"}],"about":[{"href":"https:\/\/rolfbenker.com\/de\/wp-json\/wp\/v2\/types\/post"}],"author":[{"embeddable":true,"href":"https:\/\/rolfbenker.com\/de\/wp-json\/wp\/v2\/users\/1"}],"replies":[{"embeddable":true,"href":"https:\/\/rolfbenker.com\/de\/wp-json\/wp\/v2\/comments?post=2877"}],"version-history":[{"count":2,"href":"https:\/\/rolfbenker.com\/de\/wp-json\/wp\/v2\/posts\/2877\/revisions"}],"predecessor-version":[{"id":2879,"href":"https:\/\/rolfbenker.com\/de\/wp-json\/wp\/v2\/posts\/2877\/revisions\/2879"}],"wp:featuredmedia":[{"embeddable":true,"href":"https:\/\/rolfbenker.com\/de\/wp-json\/wp\/v2\/media\/2869"}],"wp:attachment":[{"href":"https:\/\/rolfbenker.com\/de\/wp-json\/wp\/v2\/media?parent=2877"}],"wp:term":[{"taxonomy":"category","embeddable":true,"href":"https:\/\/rolfbenker.com\/de\/wp-json\/wp\/v2\/categories?post=2877"},{"taxonomy":"post_tag","embeddable":true,"href":"https:\/\/rolfbenker.com\/de\/wp-json\/wp\/v2\/tags?post=2877"}],"curies":[{"name":"wp","href":"https:\/\/api.w.org\/{rel}","templated":true}]}}