{"id":2888,"date":"2023-06-01T07:58:10","date_gmt":"2023-06-01T07:58:10","guid":{"rendered":"https:\/\/rolfbenker.com\/techo-de-cristal-a-cuatro-aguas-working-progress\/"},"modified":"2023-05-31T09:01:08","modified_gmt":"2023-05-31T09:01:08","slug":"walmdach-aus-glas-arbeitsfortschritt","status":"publish","type":"post","link":"https:\/\/rolfbenker.com\/de\/walmdach-aus-glas-arbeitsfortschritt\/","title":{"rendered":"Walmdach aus Glas \u2013 Arbeitsfortschritt"},"content":{"rendered":"<p>Wir arbeiten an einer gl\u00e4sernen Walmdecke aus Kirschbaumholz.<br \/>\n<!--more--><\/p>\n<p>Es handelt sich um einen architektonischen Entwurf, der sich durch vier geneigte Seiten auszeichnet, die sich in einem zentralen Punkt treffen und eine Art Pyramide bilden. Anstatt aus herk\u00f6mmlichen Materialien wie Ziegeln oder Metall zu bestehen, verwendet dieser Dachtyp Glasscheiben, um nat\u00fcrliches Licht in den Raum unter dem Dach zu lassen.<\/p>\n<p>Das Walmdesign ist sehr vielseitig und passt sich gut an verschiedene Architekturstile an. Es bietet ein elegantes, modernes Aussehen und kann in einer Vielzahl von Strukturen verwendet werden, beispielsweise in Veranden, Winterg\u00e4rten, Pavillons oder Hauserweiterungen.<\/p>\n<p>Glaswalmd\u00e4cher bieten mehrere Vorteile. Sie lassen viel nat\u00fcrliches Licht herein, was im Inneren f\u00fcr eine helle und angenehme Atmosph\u00e4re sorgt. Dar\u00fcber hinaus bietet die Verwendung von Glas einen Panoramablick auf die Au\u00dfenumgebung, was besonders reizvoll sein kann, wenn Sie einen Garten oder eine malerische Aussicht haben.<\/p>\n<p><strong><a href=\"https:\/\/rolfbenker.com\/de\/kontakt\/\">Kontaktieren Sie uns unverbindlich<\/a><\/strong><\/p>\n\n\t\t<style type=\"text\/css\">\n\t\t\t#gallery-1 {\n\t\t\t\tmargin: auto;\n\t\t\t}\n\t\t\t#gallery-1 .gallery-item {\n\t\t\t\tfloat: left;\n\t\t\t\tmargin-top: 10px;\n\t\t\t\ttext-align: center;\n\t\t\t\twidth: 50%;\n\t\t\t}\n\t\t\t#gallery-1 img {\n\t\t\t\tborder: 2px solid #cfcfcf;\n\t\t\t}\n\t\t\t#gallery-1 .gallery-caption {\n\t\t\t\tmargin-left: 0;\n\t\t\t}\n\t\t\t\/* see gallery_shortcode() in wp-includes\/media.php *\/\n\t\t<\/style>\n\t\t<div id='gallery-1' class='gallery galleryid-2888 gallery-columns-2 gallery-size-large'><dl class='gallery-item'>\n\t\t\t<dt class='gallery-icon landscape'>\n\t\t\t\t<a href='https:\/\/rolfbenker.com\/de\/walmdach-aus-glas-arbeitsfortschritt\/perfola-2\/'><img width=\"1024\" height=\"768\" src=\"https:\/\/rolfbenker.com\/wp-content\/uploads\/2023\/05\/perfola-1024x768.jpg\" class=\"attachment-large size-large\" alt=\"\" srcset=\"https:\/\/rolfbenker.com\/wp-content\/uploads\/2023\/05\/perfola-1024x768.jpg 1024w, https:\/\/rolfbenker.com\/wp-content\/uploads\/2023\/05\/perfola-300x225.jpg 300w, https:\/\/rolfbenker.com\/wp-content\/uploads\/2023\/05\/perfola-768x576.jpg 768w, https:\/\/rolfbenker.com\/wp-content\/uploads\/2023\/05\/perfola-1536x1152.jpg 1536w, https:\/\/rolfbenker.com\/wp-content\/uploads\/2023\/05\/perfola-370x278.jpg 370w, https:\/\/rolfbenker.com\/wp-content\/uploads\/2023\/05\/perfola-1200x900.jpg 1200w, https:\/\/rolfbenker.com\/wp-content\/uploads\/2023\/05\/perfola-360x270.jpg 360w, https:\/\/rolfbenker.com\/wp-content\/uploads\/2023\/05\/perfola.jpg 1600w\" sizes=\"(max-width: 1024px) 100vw, 1024px\" decoding=\"async\" fetchpriority=\"high\" title=\"\" loading=\"lazy\"><\/a>\n\t\t\t<\/dt><\/dl><dl class='gallery-item'>\n\t\t\t<dt class='gallery-icon landscape'>\n\t\t\t\t<a href='https:\/\/rolfbenker.com\/de\/walmdach-aus-glas-arbeitsfortschritt\/rolf-3-2\/'><img width=\"1024\" height=\"768\" src=\"https:\/\/rolfbenker.com\/wp-content\/uploads\/2023\/05\/rolf-1024x768.jpg\" class=\"attachment-large size-large\" alt=\"\" srcset=\"https:\/\/rolfbenker.com\/wp-content\/uploads\/2023\/05\/rolf-1024x768.jpg 1024w, https:\/\/rolfbenker.com\/wp-content\/uploads\/2023\/05\/rolf-300x225.jpg 300w, https:\/\/rolfbenker.com\/wp-content\/uploads\/2023\/05\/rolf-768x576.jpg 768w, https:\/\/rolfbenker.com\/wp-content\/uploads\/2023\/05\/rolf-1536x1152.jpg 1536w, https:\/\/rolfbenker.com\/wp-content\/uploads\/2023\/05\/rolf-370x278.jpg 370w, https:\/\/rolfbenker.com\/wp-content\/uploads\/2023\/05\/rolf-1200x900.jpg 1200w, https:\/\/rolfbenker.com\/wp-content\/uploads\/2023\/05\/rolf-360x270.jpg 360w, https:\/\/rolfbenker.com\/wp-content\/uploads\/2023\/05\/rolf.jpg 1600w\" sizes=\"auto, (max-width: 1024px) 100vw, 1024px\" loading=\"lazy\" decoding=\"async\" fetchpriority=\"low\" title=\"\"><\/a>\n\t\t\t<\/dt><\/dl><br style=\"clear: both\" \/>\n\t\t<\/div>\n\n","protected":false},"excerpt":{"rendered":"<p>Wir arbeiten an einer gl\u00e4sernen Walmdecke aus Kirschbaumholz.<\/p>\n","protected":false},"author":1,"featured_media":2882,"comment_status":"closed","ping_status":"closed","sticky":false,"template":"","format":"standard","meta":{"footnotes":""},"categories":[131],"tags":[133,132],"class_list":["post-2888","post","type-post","status-publish","format-standard","has-post-thumbnail","hentry","category-cupulas-y-barandillas-de","tag-glasdach","tag-techo-de-cristal-de"],"_links":{"self":[{"href":"https:\/\/rolfbenker.com\/de\/wp-json\/wp\/v2\/posts\/2888","targetHints":{"allow":["GET"]}}],"collection":[{"href":"https:\/\/rolfbenker.com\/de\/wp-json\/wp\/v2\/posts"}],"about":[{"href":"https:\/\/rolfbenker.com\/de\/wp-json\/wp\/v2\/types\/post"}],"author":[{"embeddable":true,"href":"https:\/\/rolfbenker.com\/de\/wp-json\/wp\/v2\/users\/1"}],"replies":[{"embeddable":true,"href":"https:\/\/rolfbenker.com\/de\/wp-json\/wp\/v2\/comments?post=2888"}],"version-history":[{"count":2,"href":"https:\/\/rolfbenker.com\/de\/wp-json\/wp\/v2\/posts\/2888\/revisions"}],"predecessor-version":[{"id":2890,"href":"https:\/\/rolfbenker.com\/de\/wp-json\/wp\/v2\/posts\/2888\/revisions\/2890"}],"wp:featuredmedia":[{"embeddable":true,"href":"https:\/\/rolfbenker.com\/de\/wp-json\/wp\/v2\/media\/2882"}],"wp:attachment":[{"href":"https:\/\/rolfbenker.com\/de\/wp-json\/wp\/v2\/media?parent=2888"}],"wp:term":[{"taxonomy":"category","embeddable":true,"href":"https:\/\/rolfbenker.com\/de\/wp-json\/wp\/v2\/categories?post=2888"},{"taxonomy":"post_tag","embeddable":true,"href":"https:\/\/rolfbenker.com\/de\/wp-json\/wp\/v2\/tags?post=2888"}],"curies":[{"name":"wp","href":"https:\/\/api.w.org\/{rel}","templated":true}]}}