{"id":2933,"date":"2023-07-03T12:58:21","date_gmt":"2023-07-03T12:58:21","guid":{"rendered":"https:\/\/rolfbenker.com\/ventana-abatible-batiente-de-dos-hojas\/"},"modified":"2023-07-03T13:02:11","modified_gmt":"2023-07-03T13:02:11","slug":"zweifluegeliges-fluegelfenster","status":"publish","type":"post","link":"https:\/\/rolfbenker.com\/de\/zweifluegeliges-fluegelfenster\/","title":{"rendered":"Zweifl\u00fcgeliges Fl\u00fcgelfenster"},"content":{"rendered":"<p>Einbau eines zweifl\u00fcgeligen Fl\u00fcgelfensters in einem Privathaus durch das professionelle Team von Rolf Benker.<\/p>\n<p><!--more--><\/p>\n<p>Ein zweifl\u00fcgeliges Aluminiumfenster ist ein Fenstertyp, der zwei \u00d6ffnungs- und Bedienm\u00f6glichkeiten bietet. Wir erkl\u00e4ren seine Hauptmerkmale:<\/p>\n<ul>\n<li><strong>Fl\u00fcgelfenster:<\/strong> Ein Fl\u00fcgelfenster \u00f6ffnet sich wie eine T\u00fcr in den Raum. Die Fensterfl\u00fcgel sind seitlich angelenkt und lassen sich in einem 90-Grad-Winkel \u00f6ffnen, was die Reinigung erleichtert und bei vollst\u00e4ndiger \u00d6ffnung eine maximale Bel\u00fcftung erm\u00f6glicht. Mit dieser Option k\u00f6nnen Sie problemlos nach drau\u00dfen gelangen und die Luftmenge steuern, die in den Raum gelangt.<\/li>\n<li><strong>Fl\u00fcgelfenster:<\/strong> Ein Fl\u00fcgelfenster verf\u00fcgt \u00fcber einen \u00d6ffnungsmechanismus \u00e4hnlich einer T\u00fcr, bei dem sich der Fl\u00fcgel um eine vertikale Achse dreht, anstatt sich nach innen zu bewegen. In diesem Fall \u00f6ffnen sich beide Fensterscheiben nach au\u00dfen, was eine gro\u00dfe \u00d6ffnung erm\u00f6glicht und die Reinigung von au\u00dfen erleichtert. Diese Option ist besonders n\u00fctzlich, wenn Sie einen einfachen Zugang nach drau\u00dfen ben\u00f6tigen oder mehr Bel\u00fcftung w\u00fcnschen.<\/li>\n<li><strong>Zweifl\u00fcgelig:<\/strong> Dieses Fenster besteht aus zwei beweglichen Fl\u00fcgeln, sodass beide Fl\u00fcgel unabh\u00e4ngig voneinander ge\u00f6ffnet werden k\u00f6nnen. Dies gibt Ihnen die Flexibilit\u00e4t, die Luft- und Lichtmenge zu steuern, die in den Raum gelangt. Sie k\u00f6nnen w\u00e4hlen, nur einen Fl\u00fcgel zu \u00f6ffnen, wenn Sie eine teilweise Bel\u00fcftung w\u00fcnschen, oder beide Fl\u00fcgel f\u00fcr maximale Bel\u00fcftung zu \u00f6ffnen.<\/li>\n<\/ul>\n<p>Denken Sie daran, dass Aluminiumfenster langlebig und wartungsarm sind und eine gute W\u00e4rme- und Schalld\u00e4mmung bieten. Dar\u00fcber hinaus k\u00f6nnen Sie sie an Ihre Bed\u00fcrfnisse anpassen, indem Sie sich beispielsweise f\u00fcr eine Doppelverglasung zur besseren Isolierung entscheiden oder zus\u00e4tzliche Sicherheitssysteme hinzuf\u00fcgen.<\/p>\n<p><a href=\"https:\/\/rolfbenker.com\/de\/kontakt\/\">Fordern Sie unverbindlich ein Budget an.<\/a><img decoding=\"async\" class=\"alignnone wp-image-2931 size-full\" src=\"https:\/\/rolfbenker.com\/wp-content\/uploads\/2023\/07\/ventana-abatible-batiente-Rolf-Benker.jpg\" alt=\"\" width=\"1244\" height=\"1040\" title=\"\" srcset=\"https:\/\/rolfbenker.com\/wp-content\/uploads\/2023\/07\/ventana-abatible-batiente-Rolf-Benker.jpg 1244w, https:\/\/rolfbenker.com\/wp-content\/uploads\/2023\/07\/ventana-abatible-batiente-Rolf-Benker-300x251.jpg 300w, https:\/\/rolfbenker.com\/wp-content\/uploads\/2023\/07\/ventana-abatible-batiente-Rolf-Benker-1024x856.jpg 1024w, https:\/\/rolfbenker.com\/wp-content\/uploads\/2023\/07\/ventana-abatible-batiente-Rolf-Benker-768x642.jpg 768w, https:\/\/rolfbenker.com\/wp-content\/uploads\/2023\/07\/ventana-abatible-batiente-Rolf-Benker-370x309.jpg 370w, https:\/\/rolfbenker.com\/wp-content\/uploads\/2023\/07\/ventana-abatible-batiente-Rolf-Benker-1200x1003.jpg 1200w, https:\/\/rolfbenker.com\/wp-content\/uploads\/2023\/07\/ventana-abatible-batiente-Rolf-Benker-360x301.jpg 360w\" sizes=\"auto, (max-width: 1244px) 100vw, 1244px\" \/ fetchpriority=\"high\"><\/p>\n","protected":false},"excerpt":{"rendered":"<p>Einbau eines zweifl\u00fcgeligen Fl\u00fcgelfensters in einem Privathaus durch das professionelle Team von Rolf Benker.<\/p>\n","protected":false},"author":1,"featured_media":2929,"comment_status":"closed","ping_status":"closed","sticky":false,"template":"","format":"standard","meta":{"footnotes":""},"categories":[61],"tags":[142],"class_list":["post-2933","post","type-post","status-publish","format-standard","has-post-thumbnail","hentry","category-ventanas-y-puertas-aluminio-de","tag-zweifluegeliges-fluegelfenster"],"_links":{"self":[{"href":"https:\/\/rolfbenker.com\/de\/wp-json\/wp\/v2\/posts\/2933","targetHints":{"allow":["GET"]}}],"collection":[{"href":"https:\/\/rolfbenker.com\/de\/wp-json\/wp\/v2\/posts"}],"about":[{"href":"https:\/\/rolfbenker.com\/de\/wp-json\/wp\/v2\/types\/post"}],"author":[{"embeddable":true,"href":"https:\/\/rolfbenker.com\/de\/wp-json\/wp\/v2\/users\/1"}],"replies":[{"embeddable":true,"href":"https:\/\/rolfbenker.com\/de\/wp-json\/wp\/v2\/comments?post=2933"}],"version-history":[{"count":4,"href":"https:\/\/rolfbenker.com\/de\/wp-json\/wp\/v2\/posts\/2933\/revisions"}],"predecessor-version":[{"id":2939,"href":"https:\/\/rolfbenker.com\/de\/wp-json\/wp\/v2\/posts\/2933\/revisions\/2939"}],"wp:featuredmedia":[{"embeddable":true,"href":"https:\/\/rolfbenker.com\/de\/wp-json\/wp\/v2\/media\/2929"}],"wp:attachment":[{"href":"https:\/\/rolfbenker.com\/de\/wp-json\/wp\/v2\/media?parent=2933"}],"wp:term":[{"taxonomy":"category","embeddable":true,"href":"https:\/\/rolfbenker.com\/de\/wp-json\/wp\/v2\/categories?post=2933"},{"taxonomy":"post_tag","embeddable":true,"href":"https:\/\/rolfbenker.com\/de\/wp-json\/wp\/v2\/tags?post=2933"}],"curies":[{"name":"wp","href":"https:\/\/api.w.org\/{rel}","templated":true}]}}