{"id":2946,"date":"2023-07-17T11:28:14","date_gmt":"2023-07-17T11:28:14","guid":{"rendered":"https:\/\/rolfbenker.com\/?p=2946"},"modified":"2023-07-17T11:30:33","modified_gmt":"2023-07-17T11:30:33","slug":"entwurf-und-installation-einer-holzveranda-am-eingang-eines-privathauses","status":"publish","type":"post","link":"https:\/\/rolfbenker.com\/de\/entwurf-und-installation-einer-holzveranda-am-eingang-eines-privathauses\/","title":{"rendered":"Entwurf und Installation einer Holzveranda am Eingang eines Privathauses"},"content":{"rendered":"<p>Eine Holzveranda am Eingang Ihres Hauses kann eine charmante und funktionale Erg\u00e4nzung sein.<\/p>\n<p><!--more--><\/p>\n<p>Wir verraten Ihnen einige Punkte, die Sie beim Bau einer Holzveranda am Eingang beachten sollten:<\/p>\n<p>Design und Gr\u00f6\u00dfe: Bestimmen Sie die passende Gr\u00f6\u00dfe der Veranda entsprechend dem verf\u00fcgbaren Platz und dem architektonischen Stil Ihres Hauses. \u00dcberlegen Sie, ob Sie eine offene oder geschlossene Veranda w\u00fcnschen.<\/p>\n<p>Holzmaterial: W\u00e4hlen Sie ein geeignetes Holz f\u00fcr Ihre Veranda, das witterungsbest\u00e4ndig und langlebig ist.<\/p>\n<p>Fundamente und Struktur: Stellen Sie sicher, dass das Fundament und die Struktur der Veranda solide und stabil sind. Dazu m\u00fcssen starke Holzpfosten und -balken verwendet werden, die ordnungsgem\u00e4\u00df im Boden verankert sind.<\/p>\n<p>Dach: W\u00e4hlen Sie einen Dachtyp, der zum Stil Ihres Hauses passt und Schutz vor Regen und Sonne bietet. Bei dieser Gelegenheit nutzte der Kunde die Qualit\u00e4t der Struktur, um Sonnenkollektoren zu installieren.<\/p>\n<p><strong><a href=\"https:\/\/rolfbenker.com\/de\/kontakt\/\">Kontaktieren Sie unsere Fachleute, wenn Sie Fragen haben oder ein Angebot anfordern m\u00f6chten<\/a><\/strong><\/p>\n<p>&nbsp;<\/p>\n<p><img decoding=\"async\" class=\"alignnone size-1536x1536 wp-image-2943\" src=\"https:\/\/rolfbenker.com\/wp-content\/uploads\/2023\/07\/porche-madera-rofbenker-lapalma-1536x1153.jpg\" alt=\"\" width=\"1536\" height=\"1153\" title=\"\" srcset=\"https:\/\/rolfbenker.com\/wp-content\/uploads\/2023\/07\/porche-madera-rofbenker-lapalma-1536x1153.jpg 1536w, https:\/\/rolfbenker.com\/wp-content\/uploads\/2023\/07\/porche-madera-rofbenker-lapalma-300x225.jpg 300w, https:\/\/rolfbenker.com\/wp-content\/uploads\/2023\/07\/porche-madera-rofbenker-lapalma-1024x768.jpg 1024w, https:\/\/rolfbenker.com\/wp-content\/uploads\/2023\/07\/porche-madera-rofbenker-lapalma-768x576.jpg 768w, https:\/\/rolfbenker.com\/wp-content\/uploads\/2023\/07\/porche-madera-rofbenker-lapalma-370x278.jpg 370w, https:\/\/rolfbenker.com\/wp-content\/uploads\/2023\/07\/porche-madera-rofbenker-lapalma-1200x901.jpg 1200w, https:\/\/rolfbenker.com\/wp-content\/uploads\/2023\/07\/porche-madera-rofbenker-lapalma-360x270.jpg 360w, https:\/\/rolfbenker.com\/wp-content\/uploads\/2023\/07\/porche-madera-rofbenker-lapalma.jpg 1599w\" sizes=\"auto, (max-width: 1536px) 100vw, 1536px\" \/ fetchpriority=\"high\"><\/p>\n<p>&nbsp;<\/p>\n","protected":false},"excerpt":{"rendered":"<p>Eine Holzveranda am Eingang Ihres Hauses kann eine charmante und funktionale Erg\u00e4nzung sein.<\/p>\n","protected":false},"author":1,"featured_media":2942,"comment_status":"closed","ping_status":"closed","sticky":false,"template":"","format":"standard","meta":{"footnotes":""},"categories":[131],"tags":[144],"class_list":["post-2946","post","type-post","status-publish","format-standard","has-post-thumbnail","hentry","category-cupulas-y-barandillas-de","tag-holzveranda"],"_links":{"self":[{"href":"https:\/\/rolfbenker.com\/de\/wp-json\/wp\/v2\/posts\/2946","targetHints":{"allow":["GET"]}}],"collection":[{"href":"https:\/\/rolfbenker.com\/de\/wp-json\/wp\/v2\/posts"}],"about":[{"href":"https:\/\/rolfbenker.com\/de\/wp-json\/wp\/v2\/types\/post"}],"author":[{"embeddable":true,"href":"https:\/\/rolfbenker.com\/de\/wp-json\/wp\/v2\/users\/1"}],"replies":[{"embeddable":true,"href":"https:\/\/rolfbenker.com\/de\/wp-json\/wp\/v2\/comments?post=2946"}],"version-history":[{"count":2,"href":"https:\/\/rolfbenker.com\/de\/wp-json\/wp\/v2\/posts\/2946\/revisions"}],"predecessor-version":[{"id":2948,"href":"https:\/\/rolfbenker.com\/de\/wp-json\/wp\/v2\/posts\/2946\/revisions\/2948"}],"wp:featuredmedia":[{"embeddable":true,"href":"https:\/\/rolfbenker.com\/de\/wp-json\/wp\/v2\/media\/2942"}],"wp:attachment":[{"href":"https:\/\/rolfbenker.com\/de\/wp-json\/wp\/v2\/media?parent=2946"}],"wp:term":[{"taxonomy":"category","embeddable":true,"href":"https:\/\/rolfbenker.com\/de\/wp-json\/wp\/v2\/categories?post=2946"},{"taxonomy":"post_tag","embeddable":true,"href":"https:\/\/rolfbenker.com\/de\/wp-json\/wp\/v2\/tags?post=2946"}],"curies":[{"name":"wp","href":"https:\/\/api.w.org\/{rel}","templated":true}]}}