{"id":2955,"date":"2023-07-25T09:14:32","date_gmt":"2023-07-25T09:14:32","guid":{"rendered":"https:\/\/rolfbenker.com\/?p=2955"},"modified":"2023-07-19T09:30:30","modified_gmt":"2023-07-19T09:30:30","slug":"entwurf-und-installation-einer-verglasten-veranda-in-einem-privathaus","status":"publish","type":"post","link":"https:\/\/rolfbenker.com\/de\/entwurf-und-installation-einer-verglasten-veranda-in-einem-privathaus\/","title":{"rendered":"Entwurf und Installation einer verglasten Veranda in einem Privathaus"},"content":{"rendered":"<p>Eine verglaste Veranda in einem Haus kann mehrere Vorteile bieten, die es zu einem attraktiven und funktionalen Raum machen. Von der Tischlerei Rolf Benker nennen wir Ihnen die wichtigsten Vorteile:<\/p>\n<p><!--more--><\/p>\n<p><strong>Zus\u00e4tzlicher Platz:<\/strong> Eine verglaste Veranda erweitert das Haus und schafft einen zus\u00e4tzlichen Bereich f\u00fcr Aktivit\u00e4ten wie Familientreffen, Grillabende oder einfach zum Entspannen und Genie\u00dfen der Umgebung.<br \/>\n<strong>Verbindung mit der Au\u00dfenwelt:<\/strong> Durch die Verglasung k\u00f6nnen Sie eine visuelle Verbindung mit der Au\u00dfenwelt aufrechterhalten und so die Aussicht auf den Garten oder die umliegende nat\u00fcrliche Umgebung genie\u00dfen, ohne den Elementen ausgesetzt zu sein.<br \/>\n<strong>Licht:<\/strong> Die Verglasung der Veranda l\u00e4sst nat\u00fcrliches Licht in das Haus str\u00f6men, was zu einem Gef\u00fchl von Gro\u00dfz\u00fcgigkeit und Wohlbefinden im Zuhause beitr\u00e4gt.<br \/>\n<strong>Wetterschutz:<\/strong> Auch wenn Sie sich im Freien aufhalten, sind Sie im Innenbereich und gesch\u00fctzt durch eine Verglasung vor Regen, Wind und anderen widrigen Witterungseinfl\u00fcssen gesch\u00fctzt, sodass Sie auch an weniger g\u00fcnstigen Tagen die Natur genie\u00dfen k\u00f6nnen.<br \/>\n<strong>Vielseitigkeit:<\/strong> Sie k\u00f6nnen den Wintergarten je nach Ihren Bed\u00fcrfnissen und Vorlieben auf vielf\u00e4ltige Weise nutzen, z. B. als Wohnzimmer, Esszimmer, Spielbereich oder sogar als \u00dcbungsraum.<br \/>\n<strong>Erh\u00f6hter Immobilienwert:<\/strong> Der Einbau einer gut gestalteten, abgeschirmten Veranda kann den Wert eines Hauses steigern, da es f\u00fcr viele potenzielle K\u00e4ufer attraktiv ist.<br \/>\n<strong>Energieeffizienz:<\/strong> Wenn der Wintergarten gut isoliert ist, kann er zur Verbesserung der Energieeffizienz des Hauses beitragen, indem er als \u00dcbergangsraum fungiert, der daf\u00fcr sorgt, dass es im Winter warm und im Sommer k\u00fchl bleibt.<br \/>\n<strong>Erh\u00f6hte Privatsph\u00e4re:<\/strong> Je nach Standort und Ausrichtung der Veranda kann sie im Vergleich zu anderen Au\u00dfenbereichen mehr Privatsph\u00e4re bieten.<br \/>\n<strong>Personalisierung:<\/strong> Sie k\u00f6nnen die verglaste Veranda nach Ihren W\u00fcnschen gestalten und dekorieren, sie an den Stil des Hauses anpassen und einen einzigartigen Raum schaffen, der Ihre Pers\u00f6nlichkeit widerspiegelt.<br \/>\n<strong>Wohlbefinden und Gesundheit:<\/strong> Der visuelle Kontakt mit der Natur und der Genuss von nat\u00fcrlichem Licht k\u00f6nnen sich positiv auf das emotionale Wohlbefinden und die allgemeine Gesundheit auswirken.<\/p>\n<p>Es ist wichtig zu beachten, dass die Installation den \u00f6rtlichen Bauvorschriften und -vorschriften entsprechen muss. Mit guter Planung und Sorgfalt kann eine verglaste Veranda zu einem hochgesch\u00e4tzten und gesch\u00e4tzten Raum in Ihrem Zuhause werden.<\/p>\n<p><strong><a href=\"https:\/\/rolfbenker.com\/de\/kontakt\/\">Kontaktieren Sie uns unverbindlich.<\/a><\/strong><\/p>\n\n\t\t<style type=\"text\/css\">\n\t\t\t#gallery-1 {\n\t\t\t\tmargin: auto;\n\t\t\t}\n\t\t\t#gallery-1 .gallery-item {\n\t\t\t\tfloat: left;\n\t\t\t\tmargin-top: 10px;\n\t\t\t\ttext-align: center;\n\t\t\t\twidth: 50%;\n\t\t\t}\n\t\t\t#gallery-1 img {\n\t\t\t\tborder: 2px solid #cfcfcf;\n\t\t\t}\n\t\t\t#gallery-1 .gallery-caption {\n\t\t\t\tmargin-left: 0;\n\t\t\t}\n\t\t\t\/* see gallery_shortcode() in wp-includes\/media.php *\/\n\t\t<\/style>\n\t\t<div id='gallery-1' class='gallery galleryid-2955 gallery-columns-2 gallery-size-large'><dl class='gallery-item'>\n\t\t\t<dt class='gallery-icon landscape'>\n\t\t\t\t<a href='https:\/\/rolfbenker.com\/de\/entwurf-und-installation-einer-verglasten-veranda-in-einem-privathaus\/rolfbenker-carpintero-lapalma-2\/'><img width=\"1024\" height=\"683\" src=\"https:\/\/rolfbenker.com\/wp-content\/uploads\/2023\/07\/rolfbenker-carpintero-lapalma-1024x683.jpg\" class=\"attachment-large size-large\" alt=\"\" srcset=\"https:\/\/rolfbenker.com\/wp-content\/uploads\/2023\/07\/rolfbenker-carpintero-lapalma-1024x683.jpg 1024w, https:\/\/rolfbenker.com\/wp-content\/uploads\/2023\/07\/rolfbenker-carpintero-lapalma-300x200.jpg 300w, https:\/\/rolfbenker.com\/wp-content\/uploads\/2023\/07\/rolfbenker-carpintero-lapalma-768x512.jpg 768w, https:\/\/rolfbenker.com\/wp-content\/uploads\/2023\/07\/rolfbenker-carpintero-lapalma-370x247.jpg 370w, https:\/\/rolfbenker.com\/wp-content\/uploads\/2023\/07\/rolfbenker-carpintero-lapalma-360x240.jpg 360w, https:\/\/rolfbenker.com\/wp-content\/uploads\/2023\/07\/rolfbenker-carpintero-lapalma.jpg 1200w\" sizes=\"(max-width: 1024px) 100vw, 1024px\" decoding=\"async\" fetchpriority=\"high\" title=\"\" loading=\"lazy\"><\/a>\n\t\t\t<\/dt><\/dl><dl class='gallery-item'>\n\t\t\t<dt class='gallery-icon landscape'>\n\t\t\t\t<a href='https:\/\/rolfbenker.com\/de\/entwurf-und-installation-einer-verglasten-veranda-in-einem-privathaus\/rolfbenker-carpintero-islalapalma-2\/'><img width=\"1024\" height=\"683\" src=\"https:\/\/rolfbenker.com\/wp-content\/uploads\/2023\/07\/rolfbenker-carpintero-islalapalma-1024x683.jpg\" class=\"attachment-large size-large\" alt=\"\" srcset=\"https:\/\/rolfbenker.com\/wp-content\/uploads\/2023\/07\/rolfbenker-carpintero-islalapalma-1024x683.jpg 1024w, https:\/\/rolfbenker.com\/wp-content\/uploads\/2023\/07\/rolfbenker-carpintero-islalapalma-300x200.jpg 300w, https:\/\/rolfbenker.com\/wp-content\/uploads\/2023\/07\/rolfbenker-carpintero-islalapalma-768x512.jpg 768w, https:\/\/rolfbenker.com\/wp-content\/uploads\/2023\/07\/rolfbenker-carpintero-islalapalma-370x247.jpg 370w, https:\/\/rolfbenker.com\/wp-content\/uploads\/2023\/07\/rolfbenker-carpintero-islalapalma-360x240.jpg 360w, https:\/\/rolfbenker.com\/wp-content\/uploads\/2023\/07\/rolfbenker-carpintero-islalapalma.jpg 1200w\" sizes=\"auto, (max-width: 1024px) 100vw, 1024px\" loading=\"lazy\" decoding=\"async\" fetchpriority=\"low\" title=\"\"><\/a>\n\t\t\t<\/dt><\/dl><br style=\"clear: both\" \/>\n\t\t<\/div>\n\n","protected":false},"excerpt":{"rendered":"<p>Eine verglaste Veranda in einem Haus kann mehrere Vorteile bieten, die es zu einem attraktiven und funktionalen Raum machen. Von der Tischlerei Rolf Benker nennen wir Ihnen die wichtigsten Vorteile:<\/p>\n","protected":false},"author":1,"featured_media":2953,"comment_status":"closed","ping_status":"closed","sticky":false,"template":"","format":"standard","meta":{"footnotes":""},"categories":[57],"tags":[145,148],"class_list":["post-2955","post","type-post","status-publish","format-standard","has-post-thumbnail","hentry","category-invernaderos-de","tag-porche-cerrado","tag-verglaste-veranda-de"],"_links":{"self":[{"href":"https:\/\/rolfbenker.com\/de\/wp-json\/wp\/v2\/posts\/2955","targetHints":{"allow":["GET"]}}],"collection":[{"href":"https:\/\/rolfbenker.com\/de\/wp-json\/wp\/v2\/posts"}],"about":[{"href":"https:\/\/rolfbenker.com\/de\/wp-json\/wp\/v2\/types\/post"}],"author":[{"embeddable":true,"href":"https:\/\/rolfbenker.com\/de\/wp-json\/wp\/v2\/users\/1"}],"replies":[{"embeddable":true,"href":"https:\/\/rolfbenker.com\/de\/wp-json\/wp\/v2\/comments?post=2955"}],"version-history":[{"count":2,"href":"https:\/\/rolfbenker.com\/de\/wp-json\/wp\/v2\/posts\/2955\/revisions"}],"predecessor-version":[{"id":2959,"href":"https:\/\/rolfbenker.com\/de\/wp-json\/wp\/v2\/posts\/2955\/revisions\/2959"}],"wp:featuredmedia":[{"embeddable":true,"href":"https:\/\/rolfbenker.com\/de\/wp-json\/wp\/v2\/media\/2953"}],"wp:attachment":[{"href":"https:\/\/rolfbenker.com\/de\/wp-json\/wp\/v2\/media?parent=2955"}],"wp:term":[{"taxonomy":"category","embeddable":true,"href":"https:\/\/rolfbenker.com\/de\/wp-json\/wp\/v2\/categories?post=2955"},{"taxonomy":"post_tag","embeddable":true,"href":"https:\/\/rolfbenker.com\/de\/wp-json\/wp\/v2\/tags?post=2955"}],"curies":[{"name":"wp","href":"https:\/\/api.w.org\/{rel}","templated":true}]}}