{"id":2980,"date":"2023-08-08T10:05:14","date_gmt":"2023-08-08T10:05:14","guid":{"rendered":"https:\/\/rolfbenker.com\/?p=2980"},"modified":"2023-07-19T10:16:32","modified_gmt":"2023-07-19T10:16:32","slug":"einbau-von-fluegelfenstern-und-festfenstern-in-einem-privathaus","status":"publish","type":"post","link":"https:\/\/rolfbenker.com\/de\/einbau-von-fluegelfenstern-und-festfenstern-in-einem-privathaus\/","title":{"rendered":"Einbau von Fl\u00fcgelfenstern und Festfenstern in einem Privathaus"},"content":{"rendered":"<p>Installation von zwei Fenstermodellen in einem Privathaus: Fl\u00fcgelfenster und andererseits ein festes Fenster mit Meerblick.<\/p>\n<p><!--more--><\/p>\n<p>Durch die Installation gro\u00dfer Fenster in einem Haus gelangt mehr nat\u00fcrliches Licht in das Haus. Dadurch entsteht eine hellere und einladendere Umgebung, wodurch tags\u00fcber weniger k\u00fcnstliche Beleuchtung erforderlich ist und Energie gespart wird. Wenn sich das Haus au\u00dferdem an einer privilegierten Lage befindet, bietet es Ihnen einen umfassenderen Blick auf die \u00e4u\u00dfere Umgebung.<\/p>\n<p><strong><a href=\"https:\/\/rolfbenker.com\/de\/kontakt\/\">Kontaktieren Sie uns unverbindlich.<\/a><\/strong><\/p>\n<p><img decoding=\"async\" class=\"alignnone size-full wp-image-2975\" src=\"https:\/\/rolfbenker.com\/wp-content\/uploads\/2023\/07\/ventanas-porche-ROLFBENKER.jpg\" alt=\"\" width=\"758\" height=\"1171\" title=\"\" srcset=\"https:\/\/rolfbenker.com\/wp-content\/uploads\/2023\/07\/ventanas-porche-ROLFBENKER.jpg 758w, https:\/\/rolfbenker.com\/wp-content\/uploads\/2023\/07\/ventanas-porche-ROLFBENKER-194x300.jpg 194w, https:\/\/rolfbenker.com\/wp-content\/uploads\/2023\/07\/ventanas-porche-ROLFBENKER-663x1024.jpg 663w, https:\/\/rolfbenker.com\/wp-content\/uploads\/2023\/07\/ventanas-porche-ROLFBENKER-233x360.jpg 233w, https:\/\/rolfbenker.com\/wp-content\/uploads\/2023\/07\/ventanas-porche-ROLFBENKER-360x556.jpg 360w\" sizes=\"auto, (max-width: 758px) 100vw, 758px\" \/ fetchpriority=\"high\"><\/p>\n","protected":false},"excerpt":{"rendered":"<p>Installation von zwei Fenstermodellen in einem Privathaus: Fl\u00fcgelfenster und andererseits ein festes Fenster mit Meerblick.<\/p>\n","protected":false},"author":1,"featured_media":2978,"comment_status":"closed","ping_status":"closed","sticky":false,"template":"","format":"standard","meta":{"footnotes":""},"categories":[61],"tags":[],"class_list":["post-2980","post","type-post","status-publish","format-standard","has-post-thumbnail","hentry","category-ventanas-y-puertas-aluminio-de"],"_links":{"self":[{"href":"https:\/\/rolfbenker.com\/de\/wp-json\/wp\/v2\/posts\/2980","targetHints":{"allow":["GET"]}}],"collection":[{"href":"https:\/\/rolfbenker.com\/de\/wp-json\/wp\/v2\/posts"}],"about":[{"href":"https:\/\/rolfbenker.com\/de\/wp-json\/wp\/v2\/types\/post"}],"author":[{"embeddable":true,"href":"https:\/\/rolfbenker.com\/de\/wp-json\/wp\/v2\/users\/1"}],"replies":[{"embeddable":true,"href":"https:\/\/rolfbenker.com\/de\/wp-json\/wp\/v2\/comments?post=2980"}],"version-history":[{"count":2,"href":"https:\/\/rolfbenker.com\/de\/wp-json\/wp\/v2\/posts\/2980\/revisions"}],"predecessor-version":[{"id":2982,"href":"https:\/\/rolfbenker.com\/de\/wp-json\/wp\/v2\/posts\/2980\/revisions\/2982"}],"wp:featuredmedia":[{"embeddable":true,"href":"https:\/\/rolfbenker.com\/de\/wp-json\/wp\/v2\/media\/2978"}],"wp:attachment":[{"href":"https:\/\/rolfbenker.com\/de\/wp-json\/wp\/v2\/media?parent=2980"}],"wp:term":[{"taxonomy":"category","embeddable":true,"href":"https:\/\/rolfbenker.com\/de\/wp-json\/wp\/v2\/categories?post=2980"},{"taxonomy":"post_tag","embeddable":true,"href":"https:\/\/rolfbenker.com\/de\/wp-json\/wp\/v2\/tags?post=2980"}],"curies":[{"name":"wp","href":"https:\/\/api.w.org\/{rel}","templated":true}]}}