{"id":3001,"date":"2023-08-16T09:01:02","date_gmt":"2023-08-16T09:01:02","guid":{"rendered":"https:\/\/rolfbenker.com\/porche-acristalado-en-vivienda-privada\/"},"modified":"2023-08-16T09:07:50","modified_gmt":"2023-08-16T09:07:50","slug":"verglaste-veranda-im-privathaus","status":"publish","type":"post","link":"https:\/\/rolfbenker.com\/de\/verglaste-veranda-im-privathaus\/","title":{"rendered":"Verglaste Veranda im Privathaus"},"content":{"rendered":"<p>Wir teilen einen unserer neuesten Jobs. Entwurf, Gestaltung und Installation einer verglasten Veranda, auch verglaste Terrasse oder Gew\u00e4chshaus genannt, in einem Privathaus auf der Insel La Palma.<br \/>\n<!--more--><\/p>\n<p>Von der Tischlerei Rolf Benker erinnern wir Sie an einige der Vorteile, die eine verglaste Veranda f\u00fcr Ihr Zuhause mit sich bringt. Diese Vorteile variieren je nach Klima, Design und individuellen Bed\u00fcrfnissen, aber hier sind einige der allgemeinen Vorteile, die es bieten k\u00f6nnte:<\/p>\n<ol>\n<li><strong>Zus\u00e4tzlicher Platz und Vielseitigkeit:<\/strong> Ein Wintergarten kann als Erweiterung Ihres Wohnraums dienen. Sie k\u00f6nnen es auch als zus\u00e4tzliches Wohnzimmer, Esszimmer, Unterhaltungsbereich, Arbeitsraum oder sogar als Raum f\u00fcr Ihre Lieblingshobbys nutzen.<\/li>\n<li><strong>Nat\u00fcrliches Licht:<\/strong> Durch die Verglasung gelangt reichlich Sonnenlicht in den Raum. Dies kann dazu beitragen, Ihr Zuhause auf nat\u00fcrliche Weise zu beleuchten, den Bedarf an k\u00fcnstlicher Beleuchtung tags\u00fcber zu reduzieren und eine angenehmere und ges\u00fcndere Umgebung zu schaffen.<\/li>\n<li><strong>Verbindung mit der Au\u00dfenwelt:<\/strong> Eine verglaste Veranda erm\u00f6glicht es Ihnen, die Au\u00dfenwelt Ihres Grundst\u00fccks zu genie\u00dfen, ohne v\u00f6llig den Elementen ausgesetzt zu sein. Sie k\u00f6nnen den Blick auf den Garten, die Landschaft oder die Nachbarschaft genie\u00dfen, ohne sich um K\u00e4lte, Wind oder Insekten sorgen zu m\u00fcssen.<\/li>\n<li><strong>Klimakontrolle:<\/strong> Durch die Verglasung kann die Veranda als thermisch kontrollierter Raum fungieren. In k\u00e4lteren Klimazonen kann es als Gew\u00e4chshaus fungieren, indem es die Sonnenw\u00e4rme einf\u00e4ngt und eine angenehmere Temperatur aufrechterh\u00e4lt. In w\u00e4rmeren Klimazonen kann es bel\u00fcftet werden, um die Luftzirkulation zu erm\u00f6glichen.<\/li>\n<li><strong>Erh\u00f6hter Immobilienwert:<\/strong> Der Einbau einer abgeschirmten Veranda kann den Wert Ihrer Immobilie steigern, indem sie nutzbaren Wohnraum hinzuf\u00fcgt und die \u00c4sthetik des Hauses verbessert.<\/li>\n<li><strong>Schalld\u00e4mmung:<\/strong> Eine Verglasung kann ein gewisses Ma\u00df an Schalld\u00e4mmung bieten, Au\u00dfenger\u00e4usche reduzieren und eine ruhigere und entspanntere Umgebung im Vergleich zum Aufenthalt im Freien schaffen.<\/li>\n<li><strong>Schutz vor den Elementen:<\/strong> Eine verglaste Veranda bietet Schutz vor Regen, Wind und anderen rauen Wetterbedingungen, sodass Sie auch an weniger g\u00fcnstigen Tagen die Natur genie\u00dfen k\u00f6nnen.<\/li>\n<li><strong>Privatsph\u00e4re:<\/strong> Sie k\u00f6nnen das Gef\u00fchl genie\u00dfen, drau\u00dfen zu sein, ohne sich Gedanken \u00fcber die Privatsph\u00e4re machen zu m\u00fcssen, da die Verglasung f\u00fcr eine gewisse visuelle Isolation gegen\u00fcber Nachbarn oder anderen Beobachtern sorgt.<\/li>\n<li><strong>Erh\u00f6hte Nutzung zu allen Jahreszeiten:<\/strong> Die Vielseitigkeit und Klimatisierung, die ein Wintergarten bietet, kann ihn zu einem angenehmen Raum f\u00fcr die Nutzung zu allen Jahreszeiten, sogar im Winter, machen.<\/li>\n<\/ol>\n<p><strong><a href=\"https:\/\/rolfbenker.com\/de\/kontakt\/\">Kontaktieren Sie uns unverbindlich<\/a><\/strong><\/p>\n<p><img decoding=\"async\" class=\"alignnone size-1536x1536 wp-image-2994\" src=\"https:\/\/rolfbenker.com\/wp-content\/uploads\/2023\/08\/rolfbenker-carpinteria-lapalma-1152x1536.jpg\" alt=\"\" width=\"1152\" height=\"1536\" title=\"\" srcset=\"https:\/\/rolfbenker.com\/wp-content\/uploads\/2023\/08\/rolfbenker-carpinteria-lapalma-1152x1536.jpg 1152w, https:\/\/rolfbenker.com\/wp-content\/uploads\/2023\/08\/rolfbenker-carpinteria-lapalma-225x300.jpg 225w, https:\/\/rolfbenker.com\/wp-content\/uploads\/2023\/08\/rolfbenker-carpinteria-lapalma-768x1024.jpg 768w, https:\/\/rolfbenker.com\/wp-content\/uploads\/2023\/08\/rolfbenker-carpinteria-lapalma-270x360.jpg 270w, https:\/\/rolfbenker.com\/wp-content\/uploads\/2023\/08\/rolfbenker-carpinteria-lapalma-1200x1600.jpg 1200w, https:\/\/rolfbenker.com\/wp-content\/uploads\/2023\/08\/rolfbenker-carpinteria-lapalma-360x480.jpg 360w, https:\/\/rolfbenker.com\/wp-content\/uploads\/2023\/08\/rolfbenker-carpinteria-lapalma.jpg 1500w\" sizes=\"auto, (max-width: 1152px) 100vw, 1152px\" \/ fetchpriority=\"high\"> <img loading=\"lazy\" decoding=\"async\" class=\"alignnone size-1536x1536 wp-image-2992\" src=\"https:\/\/rolfbenker.com\/wp-content\/uploads\/2023\/08\/rolf-benker-carpintero-1152x1536.jpg\" alt=\"\" width=\"1152\" height=\"1536\" title=\"\" srcset=\"https:\/\/rolfbenker.com\/wp-content\/uploads\/2023\/08\/rolf-benker-carpintero-1152x1536.jpg 1152w, https:\/\/rolfbenker.com\/wp-content\/uploads\/2023\/08\/rolf-benker-carpintero-225x300.jpg 225w, https:\/\/rolfbenker.com\/wp-content\/uploads\/2023\/08\/rolf-benker-carpintero-768x1024.jpg 768w, https:\/\/rolfbenker.com\/wp-content\/uploads\/2023\/08\/rolf-benker-carpintero-270x360.jpg 270w, https:\/\/rolfbenker.com\/wp-content\/uploads\/2023\/08\/rolf-benker-carpintero-360x480.jpg 360w, https:\/\/rolfbenker.com\/wp-content\/uploads\/2023\/08\/rolf-benker-carpintero.jpg 1200w\" sizes=\"auto, (max-width: 1152px) 100vw, 1152px\" \/ fetchpriority=\"low\"> <img loading=\"lazy\" decoding=\"async\" class=\"alignnone size-1536x1536 wp-image-2990\" src=\"https:\/\/rolfbenker.com\/wp-content\/uploads\/2023\/08\/rolfbenker-carpinteroelpaso-1536x1156.jpg\" alt=\"\" width=\"1536\" height=\"1156\" title=\"\" srcset=\"https:\/\/rolfbenker.com\/wp-content\/uploads\/2023\/08\/rolfbenker-carpinteroelpaso-1536x1156.jpg 1536w, https:\/\/rolfbenker.com\/wp-content\/uploads\/2023\/08\/rolfbenker-carpinteroelpaso-300x226.jpg 300w, https:\/\/rolfbenker.com\/wp-content\/uploads\/2023\/08\/rolfbenker-carpinteroelpaso-1024x771.jpg 1024w, https:\/\/rolfbenker.com\/wp-content\/uploads\/2023\/08\/rolfbenker-carpinteroelpaso-768x578.jpg 768w, https:\/\/rolfbenker.com\/wp-content\/uploads\/2023\/08\/rolfbenker-carpinteroelpaso-370x278.jpg 370w, https:\/\/rolfbenker.com\/wp-content\/uploads\/2023\/08\/rolfbenker-carpinteroelpaso-1200x903.jpg 1200w, https:\/\/rolfbenker.com\/wp-content\/uploads\/2023\/08\/rolfbenker-carpinteroelpaso-360x271.jpg 360w, https:\/\/rolfbenker.com\/wp-content\/uploads\/2023\/08\/rolfbenker-carpinteroelpaso.jpg 1600w\" sizes=\"auto, (max-width: 1536px) 100vw, 1536px\" \/ fetchpriority=\"low\"> <img loading=\"lazy\" decoding=\"async\" class=\"alignnone size-1536x1536 wp-image-2988\" src=\"https:\/\/rolfbenker.com\/wp-content\/uploads\/2023\/08\/rolfbenker-invernadero-elpaso-1152x1536.jpg\" alt=\"\" width=\"1152\" height=\"1536\" title=\"\" srcset=\"https:\/\/rolfbenker.com\/wp-content\/uploads\/2023\/08\/rolfbenker-invernadero-elpaso-1152x1536.jpg 1152w, https:\/\/rolfbenker.com\/wp-content\/uploads\/2023\/08\/rolfbenker-invernadero-elpaso-225x300.jpg 225w, https:\/\/rolfbenker.com\/wp-content\/uploads\/2023\/08\/rolfbenker-invernadero-elpaso-768x1024.jpg 768w, https:\/\/rolfbenker.com\/wp-content\/uploads\/2023\/08\/rolfbenker-invernadero-elpaso-270x360.jpg 270w, https:\/\/rolfbenker.com\/wp-content\/uploads\/2023\/08\/rolfbenker-invernadero-elpaso-360x480.jpg 360w, https:\/\/rolfbenker.com\/wp-content\/uploads\/2023\/08\/rolfbenker-invernadero-elpaso.jpg 1200w\" sizes=\"auto, (max-width: 1152px) 100vw, 1152px\" \/ fetchpriority=\"low\"> <img loading=\"lazy\" decoding=\"async\" class=\"alignnone size-1536x1536 wp-image-2986\" src=\"https:\/\/rolfbenker.com\/wp-content\/uploads\/2023\/08\/rolfbenker-lapalma-1536x1156.jpg\" alt=\"\" width=\"1536\" height=\"1156\" title=\"\" srcset=\"https:\/\/rolfbenker.com\/wp-content\/uploads\/2023\/08\/rolfbenker-lapalma-1536x1156.jpg 1536w, https:\/\/rolfbenker.com\/wp-content\/uploads\/2023\/08\/rolfbenker-lapalma-300x226.jpg 300w, https:\/\/rolfbenker.com\/wp-content\/uploads\/2023\/08\/rolfbenker-lapalma-1024x771.jpg 1024w, https:\/\/rolfbenker.com\/wp-content\/uploads\/2023\/08\/rolfbenker-lapalma-768x578.jpg 768w, https:\/\/rolfbenker.com\/wp-content\/uploads\/2023\/08\/rolfbenker-lapalma-370x278.jpg 370w, https:\/\/rolfbenker.com\/wp-content\/uploads\/2023\/08\/rolfbenker-lapalma-1200x903.jpg 1200w, https:\/\/rolfbenker.com\/wp-content\/uploads\/2023\/08\/rolfbenker-lapalma-360x271.jpg 360w, https:\/\/rolfbenker.com\/wp-content\/uploads\/2023\/08\/rolfbenker-lapalma.jpg 1600w\" sizes=\"auto, (max-width: 1536px) 100vw, 1536px\" \/ fetchpriority=\"low\"> <img loading=\"lazy\" decoding=\"async\" class=\"alignnone size-1536x1536 wp-image-2984\" src=\"https:\/\/rolfbenker.com\/wp-content\/uploads\/2023\/08\/rolf-benker-isladelapalma-1156x1536.jpg\" alt=\"\" width=\"1156\" height=\"1536\" title=\"\" srcset=\"https:\/\/rolfbenker.com\/wp-content\/uploads\/2023\/08\/rolf-benker-isladelapalma-1156x1536.jpg 1156w, https:\/\/rolfbenker.com\/wp-content\/uploads\/2023\/08\/rolf-benker-isladelapalma-226x300.jpg 226w, https:\/\/rolfbenker.com\/wp-content\/uploads\/2023\/08\/rolf-benker-isladelapalma-771x1024.jpg 771w, https:\/\/rolfbenker.com\/wp-content\/uploads\/2023\/08\/rolf-benker-isladelapalma-768x1021.jpg 768w, https:\/\/rolfbenker.com\/wp-content\/uploads\/2023\/08\/rolf-benker-isladelapalma-271x360.jpg 271w, https:\/\/rolfbenker.com\/wp-content\/uploads\/2023\/08\/rolf-benker-isladelapalma-1200x1595.jpg 1200w, https:\/\/rolfbenker.com\/wp-content\/uploads\/2023\/08\/rolf-benker-isladelapalma-360x478.jpg 360w, https:\/\/rolfbenker.com\/wp-content\/uploads\/2023\/08\/rolf-benker-isladelapalma.jpg 1204w\" sizes=\"auto, (max-width: 1156px) 100vw, 1156px\" \/ fetchpriority=\"low\"><\/p>\n","protected":false},"excerpt":{"rendered":"<p>Wir teilen einen unserer neuesten Jobs. Entwurf, Gestaltung und Installation einer verglasten Veranda, auch verglaste Terrasse oder Gew\u00e4chshaus genannt, in einem Privathaus auf der Insel La Palma.<\/p>\n","protected":false},"author":1,"featured_media":2997,"comment_status":"closed","ping_status":"closed","sticky":false,"template":"","format":"standard","meta":{"footnotes":""},"categories":[57],"tags":[151],"class_list":["post-3001","post","type-post","status-publish","format-standard","has-post-thumbnail","hentry","category-invernaderos-de","tag-porche-acristalado-de"],"_links":{"self":[{"href":"https:\/\/rolfbenker.com\/de\/wp-json\/wp\/v2\/posts\/3001","targetHints":{"allow":["GET"]}}],"collection":[{"href":"https:\/\/rolfbenker.com\/de\/wp-json\/wp\/v2\/posts"}],"about":[{"href":"https:\/\/rolfbenker.com\/de\/wp-json\/wp\/v2\/types\/post"}],"author":[{"embeddable":true,"href":"https:\/\/rolfbenker.com\/de\/wp-json\/wp\/v2\/users\/1"}],"replies":[{"embeddable":true,"href":"https:\/\/rolfbenker.com\/de\/wp-json\/wp\/v2\/comments?post=3001"}],"version-history":[{"count":2,"href":"https:\/\/rolfbenker.com\/de\/wp-json\/wp\/v2\/posts\/3001\/revisions"}],"predecessor-version":[{"id":3003,"href":"https:\/\/rolfbenker.com\/de\/wp-json\/wp\/v2\/posts\/3001\/revisions\/3003"}],"wp:featuredmedia":[{"embeddable":true,"href":"https:\/\/rolfbenker.com\/de\/wp-json\/wp\/v2\/media\/2997"}],"wp:attachment":[{"href":"https:\/\/rolfbenker.com\/de\/wp-json\/wp\/v2\/media?parent=3001"}],"wp:term":[{"taxonomy":"category","embeddable":true,"href":"https:\/\/rolfbenker.com\/de\/wp-json\/wp\/v2\/categories?post=3001"},{"taxonomy":"post_tag","embeddable":true,"href":"https:\/\/rolfbenker.com\/de\/wp-json\/wp\/v2\/tags?post=3001"}],"curies":[{"name":"wp","href":"https:\/\/api.w.org\/{rel}","templated":true}]}}