{"id":3061,"date":"2023-09-18T11:02:02","date_gmt":"2023-09-18T11:02:02","guid":{"rendered":"https:\/\/rolfbenker.com\/seguimos-trabajando-en-el-techo-de-cristal-a-cuatro-aguas\/"},"modified":"2023-09-18T11:06:07","modified_gmt":"2023-09-18T11:06:07","slug":"wir-arbeiten-weiter-am-glaswalmdach","status":"publish","type":"post","link":"https:\/\/rolfbenker.com\/de\/wir-arbeiten-weiter-am-glaswalmdach\/","title":{"rendered":"Wir arbeiten weiter am Glaswalmdach"},"content":{"rendered":"<p><a href=\"https:\/\/rolfbenker.com\/de\/walmdach-aus-glas-arbeitsfortschritt\/\">Am 1. Juni teilten wir den Beginn unserer Arbeiten an einem Glaswalmdach aus Kirschholz.<\/a><\/p>\n<p>Nach etwas mehr als 3 Monaten k\u00f6nnen wir Ihnen die zweite Phase der Arbeit vorstellen: die Installation im Haus des Kunden.<\/p>\n<p><!--more--><\/p>\n<p>In der Tischlerei Rolf Benker zeichnen wir uns durch Gr\u00fcndlichkeit und Feinheit in jedem Schritt des Entstehungs- und Montageprozesses aus. Gr\u00fcndlichkeit ist das Wesentliche der handwerklichen Tischlerei. Jeder Schnitt, jede Montage und jedes Detail wird mit akribischer Pr\u00e4zision ausgef\u00fchrt. Wir tauchen ein in eine Welt exakter Ma\u00dfe und perfekter Passformen. Diese Liebe zum Detail gew\u00e4hrleistet nicht nur die Haltbarkeit und Funktionalit\u00e4t jeder Kreation, sondern verleiht ihr auch einen Hauch unvergleichlicher Sch\u00f6nheit.<\/p>\n<p>Dieses Ma\u00df an Perfektion braucht jedoch Zeit. Die Produktionszeiten in einer handwerklichen Tischlerei sind im Vergleich zu gro\u00dfen multinationalen Unternehmen deutlich l\u00e4nger. Jede Phase, von der Holzauswahl bis zur Endbearbeitung, ist ein Prozess, der Geduld und Geschick erfordert. Trotzdem lohnt sich das Warten. Die Ergebnisse der handwerklichen Tischlerei sind wirklich hervorragend.<\/p>\n<p>In diesem Fall handelt es sich um ein Glaswalmdach. Ein architektonisches Design, das sich durch vier geneigte Seiten auszeichnet, die sich an einem zentralen Punkt treffen und eine Art Pyramide bilden. Anstatt aus herk\u00f6mmlichen Materialien wie Ziegeln oder Metall zu bestehen, verwendet dieser Dachtyp Glasscheiben, um nat\u00fcrliches Licht in den Raum unter dem Dach zu lassen. Das Walmdesign ist sehr vielseitig und passt sich gut an verschiedene Architekturstile an. Es sorgt f\u00fcr ein elegantes, modernes Aussehen und kann auf verschiedenen Strukturen wie Veranden, Winterg\u00e4rten, Pavillons oder Hauserweiterungen verwendet werden.<\/p>\n<p><strong><a href=\"https:\/\/rolfbenker.com\/de\/kontakt\/\">Kontaktieren Sie uns unverbindlich, wir helfen Ihnen gerne weiter.<\/a><\/strong><\/p>\n\n\t\t<style type=\"text\/css\">\n\t\t\t#gallery-1 {\n\t\t\t\tmargin: auto;\n\t\t\t}\n\t\t\t#gallery-1 .gallery-item {\n\t\t\t\tfloat: left;\n\t\t\t\tmargin-top: 10px;\n\t\t\t\ttext-align: center;\n\t\t\t\twidth: 33%;\n\t\t\t}\n\t\t\t#gallery-1 img {\n\t\t\t\tborder: 2px solid #cfcfcf;\n\t\t\t}\n\t\t\t#gallery-1 .gallery-caption {\n\t\t\t\tmargin-left: 0;\n\t\t\t}\n\t\t\t\/* see gallery_shortcode() in wp-includes\/media.php *\/\n\t\t<\/style>\n\t\t<div id='gallery-1' class='gallery galleryid-3061 gallery-columns-3 gallery-size-large'><dl class='gallery-item'>\n\t\t\t<dt class='gallery-icon portrait'>\n\t\t\t\t<a href='https:\/\/rolfbenker.com\/de\/wir-arbeiten-weiter-am-glaswalmdach\/techodecrista-rolfbenker-2\/'><img width=\"768\" height=\"1024\" src=\"https:\/\/rolfbenker.com\/wp-content\/uploads\/2023\/09\/techodecrista-rolfbenker-768x1024.jpg\" class=\"attachment-large size-large\" alt=\"Rolf Benker, carpinter\u00eda en La Palma\" aria-describedby=\"gallery-1-3059\" srcset=\"https:\/\/rolfbenker.com\/wp-content\/uploads\/2023\/09\/techodecrista-rolfbenker-768x1024.jpg 768w, https:\/\/rolfbenker.com\/wp-content\/uploads\/2023\/09\/techodecrista-rolfbenker-225x300.jpg 225w, https:\/\/rolfbenker.com\/wp-content\/uploads\/2023\/09\/techodecrista-rolfbenker-1152x1536.jpg 1152w, https:\/\/rolfbenker.com\/wp-content\/uploads\/2023\/09\/techodecrista-rolfbenker-270x360.jpg 270w, https:\/\/rolfbenker.com\/wp-content\/uploads\/2023\/09\/techodecrista-rolfbenker-360x480.jpg 360w, https:\/\/rolfbenker.com\/wp-content\/uploads\/2023\/09\/techodecrista-rolfbenker.jpg 1200w\" sizes=\"(max-width: 768px) 100vw, 768px\" decoding=\"async\" fetchpriority=\"high\" title=\"\" loading=\"lazy\"><\/a>\n\t\t\t<\/dt>\n\t\t\t\t<dd class='wp-caption-text gallery-caption' id='gallery-1-3059'>\n\t\t\t\tRolf Benker, carpinter\u00eda en La Palma\n\t\t\t\t<\/dd><\/dl><dl class='gallery-item'>\n\t\t\t<dt class='gallery-icon portrait'>\n\t\t\t\t<a href='https:\/\/rolfbenker.com\/de\/wir-arbeiten-weiter-am-glaswalmdach\/techodecrista-rolfbenker-laplama-2\/'><img width=\"768\" height=\"1024\" src=\"https:\/\/rolfbenker.com\/wp-content\/uploads\/2023\/09\/techodecrista-rolfbenker-laplama-768x1024.jpg\" class=\"attachment-large size-large\" alt=\"\" srcset=\"https:\/\/rolfbenker.com\/wp-content\/uploads\/2023\/09\/techodecrista-rolfbenker-laplama-768x1024.jpg 768w, https:\/\/rolfbenker.com\/wp-content\/uploads\/2023\/09\/techodecrista-rolfbenker-laplama-225x300.jpg 225w, https:\/\/rolfbenker.com\/wp-content\/uploads\/2023\/09\/techodecrista-rolfbenker-laplama-1152x1536.jpg 1152w, https:\/\/rolfbenker.com\/wp-content\/uploads\/2023\/09\/techodecrista-rolfbenker-laplama-270x360.jpg 270w, https:\/\/rolfbenker.com\/wp-content\/uploads\/2023\/09\/techodecrista-rolfbenker-laplama-360x480.jpg 360w, https:\/\/rolfbenker.com\/wp-content\/uploads\/2023\/09\/techodecrista-rolfbenker-laplama.jpg 1200w\" sizes=\"auto, (max-width: 768px) 100vw, 768px\" loading=\"lazy\" decoding=\"async\" fetchpriority=\"low\" title=\"\"><\/a>\n\t\t\t<\/dt><\/dl><dl class='gallery-item'>\n\t\t\t<dt class='gallery-icon portrait'>\n\t\t\t\t<a href='https:\/\/rolfbenker.com\/de\/wir-arbeiten-weiter-am-glaswalmdach\/techodecrista-rolfbenker-lapalma-2\/'><img width=\"768\" height=\"1024\" src=\"https:\/\/rolfbenker.com\/wp-content\/uploads\/2023\/09\/techodecrista-rolfbenker-lapalma-768x1024.jpg\" class=\"attachment-large size-large\" alt=\"\" srcset=\"https:\/\/rolfbenker.com\/wp-content\/uploads\/2023\/09\/techodecrista-rolfbenker-lapalma-768x1024.jpg 768w, https:\/\/rolfbenker.com\/wp-content\/uploads\/2023\/09\/techodecrista-rolfbenker-lapalma-225x300.jpg 225w, https:\/\/rolfbenker.com\/wp-content\/uploads\/2023\/09\/techodecrista-rolfbenker-lapalma-1152x1536.jpg 1152w, https:\/\/rolfbenker.com\/wp-content\/uploads\/2023\/09\/techodecrista-rolfbenker-lapalma-270x360.jpg 270w, https:\/\/rolfbenker.com\/wp-content\/uploads\/2023\/09\/techodecrista-rolfbenker-lapalma-360x480.jpg 360w, https:\/\/rolfbenker.com\/wp-content\/uploads\/2023\/09\/techodecrista-rolfbenker-lapalma.jpg 1200w\" sizes=\"auto, (max-width: 768px) 100vw, 768px\" loading=\"lazy\" decoding=\"async\" fetchpriority=\"low\" title=\"\"><\/a>\n\t\t\t<\/dt><\/dl><br style=\"clear: both\" \/>\n\t\t<\/div>\n\n<p>&nbsp;<\/p>\n","protected":false},"excerpt":{"rendered":"<p>Am 1. Juni teilten wir den Beginn unserer Arbeiten an einem Glaswalmdach aus Kirschholz. Nach etwas mehr als 3 Monaten k\u00f6nnen wir Ihnen die zweite Phase der Arbeit vorstellen: die Installation im Haus des Kunden.<\/p>\n","protected":false},"author":1,"featured_media":3053,"comment_status":"closed","ping_status":"closed","sticky":false,"template":"","format":"standard","meta":{"footnotes":""},"categories":[131],"tags":[160,132],"class_list":["post-3061","post","type-post","status-publish","format-standard","has-post-thumbnail","hentry","category-cupulas-y-barandillas-de","tag-glaswalmdach","tag-techo-de-cristal-de"],"_links":{"self":[{"href":"https:\/\/rolfbenker.com\/de\/wp-json\/wp\/v2\/posts\/3061","targetHints":{"allow":["GET"]}}],"collection":[{"href":"https:\/\/rolfbenker.com\/de\/wp-json\/wp\/v2\/posts"}],"about":[{"href":"https:\/\/rolfbenker.com\/de\/wp-json\/wp\/v2\/types\/post"}],"author":[{"embeddable":true,"href":"https:\/\/rolfbenker.com\/de\/wp-json\/wp\/v2\/users\/1"}],"replies":[{"embeddable":true,"href":"https:\/\/rolfbenker.com\/de\/wp-json\/wp\/v2\/comments?post=3061"}],"version-history":[{"count":2,"href":"https:\/\/rolfbenker.com\/de\/wp-json\/wp\/v2\/posts\/3061\/revisions"}],"predecessor-version":[{"id":3063,"href":"https:\/\/rolfbenker.com\/de\/wp-json\/wp\/v2\/posts\/3061\/revisions\/3063"}],"wp:featuredmedia":[{"embeddable":true,"href":"https:\/\/rolfbenker.com\/de\/wp-json\/wp\/v2\/media\/3053"}],"wp:attachment":[{"href":"https:\/\/rolfbenker.com\/de\/wp-json\/wp\/v2\/media?parent=3061"}],"wp:term":[{"taxonomy":"category","embeddable":true,"href":"https:\/\/rolfbenker.com\/de\/wp-json\/wp\/v2\/categories?post=3061"},{"taxonomy":"post_tag","embeddable":true,"href":"https:\/\/rolfbenker.com\/de\/wp-json\/wp\/v2\/tags?post=3061"}],"curies":[{"name":"wp","href":"https:\/\/api.w.org\/{rel}","templated":true}]}}