{"id":3077,"date":"2023-10-13T07:32:45","date_gmt":"2023-10-13T07:32:45","guid":{"rendered":"https:\/\/rolfbenker.com\/persianas-de-lama-fija-en-un-encantador-color-azul\/"},"modified":"2023-10-13T07:35:13","modified_gmt":"2023-10-13T07:35:13","slug":"feste-lamellenjalousien-in-bezauberndem-blau","status":"publish","type":"post","link":"https:\/\/rolfbenker.com\/de\/feste-lamellenjalousien-in-bezauberndem-blau\/","title":{"rendered":"Feste Lamellenjalousien in bezauberndem Blau"},"content":{"rendered":"<p>Tischlerei ist bei Rolf Benker nicht nur ein Handwerk, sondern eine Lebenseinstellung. Unsere Schreinerei h\u00f6rt nie auf und wir freuen uns, Ihnen einige Fotos von einem unserer j\u00fcngsten Arbeiten zu zeigen, auf den wir stolz sind: wundersch\u00f6ne Jalousien mit feststehenden Lamellen in einer sch\u00f6nen blauen Farbe.<br \/>\n<!--more--><\/p>\n<p>Diese Jalousien sind nicht nur \u00e4sthetisch ansprechend, sondern auch funktional und speziell f\u00fcr K\u00fcstenh\u00e4user konzipiert. Die Wahl von Blau bringt nicht nur einen Hauch von Frische und Gelassenheit in jedes Zuhause, sondern symbolisiert auch die N\u00e4he zum Meer, einem grundlegenden Element des Lebens auf La Palma. Dar\u00fcber hinaus ist die gew\u00e4hlte blaue Farbe stark und langlebig und stellt sicher, dass die Jalousien auch bei K\u00fcstenwetterbedingungen lange ihre Sch\u00f6nheit behalten.<\/p>\n<p>Bei Rolf Benker wissen wir, wie wichtig Haltbarkeit und Festigkeit in einer Umgebung sind, in der Meeresbrise und Wetter eine Herausforderung darstellen k\u00f6nnen. Unsere hochqualifizierten Fachleute haben ihre Erfahrung und Liebe zum Detail eingesetzt, um diese Jalousien mit festen Lamellen zu entwickeln, die nicht nur korrosionsbest\u00e4ndig sind, sondern auch so konzipiert sind, dass sie den K\u00fcstenbedingungen standhalten, ohne Kompromisse bei der \u00c4sthetik einzugehen.<\/p>\n<div id=\"attachment_3072\" style=\"width: 1162px\" class=\"wp-caption aligncenter\"><img loading=\"lazy\" decoding=\"async\" aria-describedby=\"caption-attachment-3072\" class=\"size-1536x1536 wp-image-3072\" src=\"https:\/\/rolfbenker.com\/wp-content\/uploads\/2023\/10\/persianas-lamafija-azul-rolfbenker02-1152x1536.jpg\" alt=\"Persianas lama fija color azul\" width=\"1152\" height=\"1536\" title=\"\" srcset=\"https:\/\/rolfbenker.com\/wp-content\/uploads\/2023\/10\/persianas-lamafija-azul-rolfbenker02-1152x1536.jpg 1152w, https:\/\/rolfbenker.com\/wp-content\/uploads\/2023\/10\/persianas-lamafija-azul-rolfbenker02-225x300.jpg 225w, https:\/\/rolfbenker.com\/wp-content\/uploads\/2023\/10\/persianas-lamafija-azul-rolfbenker02-768x1024.jpg 768w, https:\/\/rolfbenker.com\/wp-content\/uploads\/2023\/10\/persianas-lamafija-azul-rolfbenker02-270x360.jpg 270w, https:\/\/rolfbenker.com\/wp-content\/uploads\/2023\/10\/persianas-lamafija-azul-rolfbenker02-360x480.jpg 360w, https:\/\/rolfbenker.com\/wp-content\/uploads\/2023\/10\/persianas-lamafija-azul-rolfbenker02.jpg 1200w\" sizes=\"auto, (max-width: 1152px) 100vw, 1152px\" \/ fetchpriority=\"low\"><p id=\"caption-attachment-3072\" class=\"wp-caption-text\">Persianas lama fija color azul<\/p><\/div>\n<p>In unserer Tischlerei wird Qualit\u00e4t gro\u00df geschrieben. Jedes Projekt, sei es die Herstellung von Jalousien, Fenstern, T\u00fcren, ma\u00dfgefertigten M\u00f6beln oder anderen Tischlereiarbeiten, wird mit hochwertigen Materialien ausgef\u00fchrt. Bei Rolf Benker bieten wir erstklassige Tischlerprodukte, die sich an die individuellen Bed\u00fcrfnisse und Geschm\u00e4cker unserer Kunden anpassen.<\/p>\n<p>Bei Rolf Benker Carpinter\u00eda bauen wir nicht nur M\u00f6bel und Strukturen, wir schaffen L\u00f6sungen, um Ihr t\u00e4gliches Leben zu verbessern und Ihre Umgebung zu versch\u00f6nern. Wenn Sie auf der Suche nach der perfekten Mischung aus Qualit\u00e4t, Langlebigkeit und Sch\u00f6nheit der Zimmerei f\u00fcr Ihr Zuhause auf La Palma sind, z\u00f6gern Sie nicht, uns zu kontaktieren. Wir sind hier, um Ihre Projekte Wirklichkeit werden zu lassen und Ihre Erwartungen zu \u00fcbertreffen.<\/p>\n\n\t\t<style type=\"text\/css\">\n\t\t\t#gallery-1 {\n\t\t\t\tmargin: auto;\n\t\t\t}\n\t\t\t#gallery-1 .gallery-item {\n\t\t\t\tfloat: left;\n\t\t\t\tmargin-top: 10px;\n\t\t\t\ttext-align: center;\n\t\t\t\twidth: 33%;\n\t\t\t}\n\t\t\t#gallery-1 img {\n\t\t\t\tborder: 2px solid #cfcfcf;\n\t\t\t}\n\t\t\t#gallery-1 .gallery-caption {\n\t\t\t\tmargin-left: 0;\n\t\t\t}\n\t\t\t\/* see gallery_shortcode() in wp-includes\/media.php *\/\n\t\t<\/style>\n\t\t<div id='gallery-1' class='gallery galleryid-3077 gallery-columns-3 gallery-size-large'><dl class='gallery-item'>\n\t\t\t<dt class='gallery-icon landscape'>\n\t\t\t\t<a href='https:\/\/rolfbenker.com\/de\/feste-lamellenjalousien-in-bezauberndem-blau\/persianas-lamafija-azul-rolfbenker-2\/'><img width=\"1024\" height=\"768\" src=\"https:\/\/rolfbenker.com\/wp-content\/uploads\/2023\/10\/persianas-lamafija-azul-rolfbenker-1024x768.jpg\" class=\"attachment-large size-large\" alt=\"Persianas lama fija color azul\" aria-describedby=\"gallery-1-3075\" srcset=\"https:\/\/rolfbenker.com\/wp-content\/uploads\/2023\/10\/persianas-lamafija-azul-rolfbenker-1024x768.jpg 1024w, https:\/\/rolfbenker.com\/wp-content\/uploads\/2023\/10\/persianas-lamafija-azul-rolfbenker-300x225.jpg 300w, https:\/\/rolfbenker.com\/wp-content\/uploads\/2023\/10\/persianas-lamafija-azul-rolfbenker-768x576.jpg 768w, https:\/\/rolfbenker.com\/wp-content\/uploads\/2023\/10\/persianas-lamafija-azul-rolfbenker-1536x1152.jpg 1536w, https:\/\/rolfbenker.com\/wp-content\/uploads\/2023\/10\/persianas-lamafija-azul-rolfbenker-370x278.jpg 370w, https:\/\/rolfbenker.com\/wp-content\/uploads\/2023\/10\/persianas-lamafija-azul-rolfbenker-1200x900.jpg 1200w, https:\/\/rolfbenker.com\/wp-content\/uploads\/2023\/10\/persianas-lamafija-azul-rolfbenker-360x270.jpg 360w, https:\/\/rolfbenker.com\/wp-content\/uploads\/2023\/10\/persianas-lamafija-azul-rolfbenker.jpg 1600w\" sizes=\"(max-width: 1024px) 100vw, 1024px\" decoding=\"async\" fetchpriority=\"high\" title=\"\" loading=\"lazy\"><\/a>\n\t\t\t<\/dt>\n\t\t\t\t<dd class='wp-caption-text gallery-caption' id='gallery-1-3075'>\n\t\t\t\tPersianas lama fija color azul\n\t\t\t\t<\/dd><\/dl><dl class='gallery-item'>\n\t\t\t<dt class='gallery-icon landscape'>\n\t\t\t\t<a href='https:\/\/rolfbenker.com\/de\/feste-lamellenjalousien-in-bezauberndem-blau\/persianas-lamafija-azul-rolfbenker03-2\/'><img width=\"1024\" height=\"768\" src=\"https:\/\/rolfbenker.com\/wp-content\/uploads\/2023\/10\/persianas-lamafija-azul-rolfbenker03-1024x768.jpg\" class=\"attachment-large size-large\" alt=\"Persianas lama fija color azul\" aria-describedby=\"gallery-1-3071\" srcset=\"https:\/\/rolfbenker.com\/wp-content\/uploads\/2023\/10\/persianas-lamafija-azul-rolfbenker03-1024x768.jpg 1024w, https:\/\/rolfbenker.com\/wp-content\/uploads\/2023\/10\/persianas-lamafija-azul-rolfbenker03-300x225.jpg 300w, https:\/\/rolfbenker.com\/wp-content\/uploads\/2023\/10\/persianas-lamafija-azul-rolfbenker03-768x576.jpg 768w, https:\/\/rolfbenker.com\/wp-content\/uploads\/2023\/10\/persianas-lamafija-azul-rolfbenker03-1536x1152.jpg 1536w, https:\/\/rolfbenker.com\/wp-content\/uploads\/2023\/10\/persianas-lamafija-azul-rolfbenker03-370x278.jpg 370w, https:\/\/rolfbenker.com\/wp-content\/uploads\/2023\/10\/persianas-lamafija-azul-rolfbenker03-1200x900.jpg 1200w, https:\/\/rolfbenker.com\/wp-content\/uploads\/2023\/10\/persianas-lamafija-azul-rolfbenker03-360x270.jpg 360w, https:\/\/rolfbenker.com\/wp-content\/uploads\/2023\/10\/persianas-lamafija-azul-rolfbenker03.jpg 1600w\" sizes=\"auto, (max-width: 1024px) 100vw, 1024px\" loading=\"lazy\" decoding=\"async\" fetchpriority=\"low\" title=\"\"><\/a>\n\t\t\t<\/dt>\n\t\t\t\t<dd class='wp-caption-text gallery-caption' id='gallery-1-3071'>\n\t\t\t\tPersianas lama fija color azul\n\t\t\t\t<\/dd><\/dl><dl class='gallery-item'>\n\t\t\t<dt class='gallery-icon landscape'>\n\t\t\t\t<a href='https:\/\/rolfbenker.com\/de\/feste-lamellenjalousien-in-bezauberndem-blau\/persianas-lamafija-azul-rolfbenker04-2\/'><img width=\"1024\" height=\"768\" src=\"https:\/\/rolfbenker.com\/wp-content\/uploads\/2023\/10\/persianas-lamafija-azul-rolfbenker04-1024x768.jpg\" class=\"attachment-large size-large\" alt=\"Persianas lama fija color azul\" aria-describedby=\"gallery-1-3069\" srcset=\"https:\/\/rolfbenker.com\/wp-content\/uploads\/2023\/10\/persianas-lamafija-azul-rolfbenker04-1024x768.jpg 1024w, https:\/\/rolfbenker.com\/wp-content\/uploads\/2023\/10\/persianas-lamafija-azul-rolfbenker04-300x225.jpg 300w, https:\/\/rolfbenker.com\/wp-content\/uploads\/2023\/10\/persianas-lamafija-azul-rolfbenker04-768x576.jpg 768w, https:\/\/rolfbenker.com\/wp-content\/uploads\/2023\/10\/persianas-lamafija-azul-rolfbenker04-1536x1152.jpg 1536w, https:\/\/rolfbenker.com\/wp-content\/uploads\/2023\/10\/persianas-lamafija-azul-rolfbenker04-370x278.jpg 370w, https:\/\/rolfbenker.com\/wp-content\/uploads\/2023\/10\/persianas-lamafija-azul-rolfbenker04-1200x900.jpg 1200w, https:\/\/rolfbenker.com\/wp-content\/uploads\/2023\/10\/persianas-lamafija-azul-rolfbenker04-360x270.jpg 360w, https:\/\/rolfbenker.com\/wp-content\/uploads\/2023\/10\/persianas-lamafija-azul-rolfbenker04.jpg 1600w\" sizes=\"auto, (max-width: 1024px) 100vw, 1024px\" loading=\"lazy\" decoding=\"async\" fetchpriority=\"low\" title=\"\"><\/a>\n\t\t\t<\/dt>\n\t\t\t\t<dd class='wp-caption-text gallery-caption' id='gallery-1-3069'>\n\t\t\t\tPersianas lama fija color azul\n\t\t\t\t<\/dd><\/dl><br style=\"clear: both\" \/>\n\t\t<\/div>\n\n<p>&nbsp;<\/p>\n","protected":false},"excerpt":{"rendered":"<p>Tischlerei ist bei Rolf Benker nicht nur ein Handwerk, sondern eine Lebenseinstellung. Unsere Schreinerei h\u00f6rt nie auf und wir freuen uns, Ihnen einige Fotos von einem unserer j\u00fcngsten Arbeiten zu zeigen, auf den wir stolz sind: wundersch\u00f6ne Jalousien mit feststehenden&#8230;<\/p>\n","protected":false},"author":1,"featured_media":3071,"comment_status":"closed","ping_status":"closed","sticky":false,"template":"","format":"standard","meta":{"footnotes":""},"categories":[61],"tags":[163],"class_list":["post-3077","post","type-post","status-publish","format-standard","has-post-thumbnail","hentry","category-ventanas-y-puertas-aluminio-de","tag-feste-lamellenjalousien"],"_links":{"self":[{"href":"https:\/\/rolfbenker.com\/de\/wp-json\/wp\/v2\/posts\/3077","targetHints":{"allow":["GET"]}}],"collection":[{"href":"https:\/\/rolfbenker.com\/de\/wp-json\/wp\/v2\/posts"}],"about":[{"href":"https:\/\/rolfbenker.com\/de\/wp-json\/wp\/v2\/types\/post"}],"author":[{"embeddable":true,"href":"https:\/\/rolfbenker.com\/de\/wp-json\/wp\/v2\/users\/1"}],"replies":[{"embeddable":true,"href":"https:\/\/rolfbenker.com\/de\/wp-json\/wp\/v2\/comments?post=3077"}],"version-history":[{"count":2,"href":"https:\/\/rolfbenker.com\/de\/wp-json\/wp\/v2\/posts\/3077\/revisions"}],"predecessor-version":[{"id":3079,"href":"https:\/\/rolfbenker.com\/de\/wp-json\/wp\/v2\/posts\/3077\/revisions\/3079"}],"wp:featuredmedia":[{"embeddable":true,"href":"https:\/\/rolfbenker.com\/de\/wp-json\/wp\/v2\/media\/3071"}],"wp:attachment":[{"href":"https:\/\/rolfbenker.com\/de\/wp-json\/wp\/v2\/media?parent=3077"}],"wp:term":[{"taxonomy":"category","embeddable":true,"href":"https:\/\/rolfbenker.com\/de\/wp-json\/wp\/v2\/categories?post=3077"},{"taxonomy":"post_tag","embeddable":true,"href":"https:\/\/rolfbenker.com\/de\/wp-json\/wp\/v2\/tags?post=3077"}],"curies":[{"name":"wp","href":"https:\/\/api.w.org\/{rel}","templated":true}]}}