{"id":3095,"date":"2023-10-27T09:18:40","date_gmt":"2023-10-27T09:18:40","guid":{"rendered":"https:\/\/rolfbenker.com\/diseno-mobiliario-tienda-salud-y-calzado-en-los-llanos-de-aridane\/"},"modified":"2023-10-27T09:20:29","modified_gmt":"2023-10-27T09:20:29","slug":"moebeldesign-fuer-das-gesundheits-und-schuhgeschaeft-in-los-llanos-de-aridane","status":"publish","type":"post","link":"https:\/\/rolfbenker.com\/de\/moebeldesign-fuer-das-gesundheits-und-schuhgeschaeft-in-los-llanos-de-aridane\/","title":{"rendered":"M\u00f6beldesign f\u00fcr das Gesundheits- und Schuhgesch\u00e4ft in Los Llanos de Aridane"},"content":{"rendered":"<div dir=\"auto\">\n<div dir=\"auto\">Bei Rolf Benker Carpinter\u00eda hatten wir die Ehre, an der Kreation neuer M\u00f6bel f\u00fcr das Gesch\u00e4ft <a class=\"x1i10hfl xjbqb8w x6umtig x1b1mbwd xaqea5y xav7gou x9f619 x1ypdohk xt0psk2 xe8uvvx xdj266r x11i5rnm xat24cr x1mh8g0r xexx8yu x4uap5 x18d9i69 xkhd6sd x16tdsg8 x1hl2dhg xggy1nq x1a2a7pz xt0b8zv x1qq9wsj xo1l8bm\" tabindex=\"0\" role=\"link\" href=\"https:\/\/www.facebook.com\/saludycalzado?__cft__[0]=AZWbbjGpdvRYJn54a93ZtJH3uIMqcRpa6kEbEG8tD9_OPUM5t66FNnEJJXJORRWSTgNgHMrFiQEI3s-HEYpCpA9B3ZfoNQxeahFIIZOBK7IeJ6_kJ0CuJJmB0unICnGlAUMs5m23FzLKgRIac-qPRjY-Bfo5mlwa9JK9zVZnj6hkeb-irzUZPU6VKTyIGCsoSHY&amp;__tn__=-]K-R\" target=\"_blank\" rel=\"noopener\"><span class=\"xt0psk2\">Salud y calzado<\/span><\/a> in Los Llanos de Aridane beteiligt zu sein<\/div>\n<\/div>\n<div dir=\"auto\"><\/div>\n<div dir=\"auto\"><\/div>\n<p><!--more--><\/p>\n<div dir=\"auto\"><\/div>\n<div dir=\"auto\">\n<div dir=\"auto\">Jedes Regal, jede Bank und jedes St\u00fcck wurde sorgf\u00e4ltig entworfen und konstruiert. Wir verwenden edle und langlebige H\u00f6lzer, um sicherzustellen, dass jedes St\u00fcck funktional ist.<\/div>\n<div dir=\"auto\"><\/div>\n<div dir=\"auto\">Wir haben versucht, zeitlose Eleganz mit moderner Funktionalit\u00e4t zu kombinieren und so eine gem\u00fctliche und einzigartige Umgebung zu schaffen, in der Sie Ihre Eink\u00e4ufe genie\u00dfen k\u00f6nnen.<\/div>\n<div dir=\"auto\">Wir sind stolz, Teil dieses Projekts gewesen zu sein und danken Health and Footwear f\u00fcr das Vertrauen in unsere Arbeit.<\/div>\n<div dir=\"auto\"><\/div>\n<div dir=\"auto\"><span class=\"x3nfvp2 x1j61x8r x1fcty0u xdj266r xhhsvwb xat24cr xgzva0m xxymvpz xlup9mm x1kky2od\"><img loading=\"lazy\" decoding=\"async\" class=\"xz74otr\" src=\"https:\/\/static.xx.fbcdn.net\/images\/emoji.php\/v9\/t8e\/1\/16\/2139.png\" alt=\"\u2139\ufe0f\" width=\"16\" height=\"16\" title=\"\" fetchpriority=\"low\"><\/span> M\u00f6chten Sie mehr \u00fcber unsere Projekte erfahren? M\u00f6chten Sie einen Termin vereinbaren? Wir helfen Ihnen gerne weiter. <span class=\"x3nfvp2 x1j61x8r x1fcty0u xdj266r xhhsvwb xat24cr xgzva0m xxymvpz xlup9mm x1kky2od\"><img loading=\"lazy\" decoding=\"async\" class=\"xz74otr\" src=\"https:\/\/static.xx.fbcdn.net\/images\/emoji.php\/v9\/t22\/1\/16\/260e.png\" alt=\"\u260e\ufe0f\" width=\"16\" height=\"16\" title=\"\" fetchpriority=\"low\"><\/span> Rufen Sie uns unter +34 664 797 435 an oder besuchen Sie uns in C\/ La Garza, 25 \u00b7 El Paso und wir informieren Sie unverbindlich.<\/div>\n<\/div>\n<div dir=\"auto\"><\/div>\n<div dir=\"auto\">\n\n\t\t<style type=\"text\/css\">\n\t\t\t#gallery-1 {\n\t\t\t\tmargin: auto;\n\t\t\t}\n\t\t\t#gallery-1 .gallery-item {\n\t\t\t\tfloat: left;\n\t\t\t\tmargin-top: 10px;\n\t\t\t\ttext-align: center;\n\t\t\t\twidth: 50%;\n\t\t\t}\n\t\t\t#gallery-1 img {\n\t\t\t\tborder: 2px solid #cfcfcf;\n\t\t\t}\n\t\t\t#gallery-1 .gallery-caption {\n\t\t\t\tmargin-left: 0;\n\t\t\t}\n\t\t\t\/* see gallery_shortcode() in wp-includes\/media.php *\/\n\t\t<\/style>\n\t\t<div id='gallery-1' class='gallery galleryid-3095 gallery-columns-2 gallery-size-large'><dl class='gallery-item'>\n\t\t\t<dt class='gallery-icon landscape'>\n\t\t\t\t<a href=\"https:\/\/rolfbenker.com\/de\/moebeldesign-fuer-das-gesundheits-und-schuhgeschaeft-in-los-llanos-de-aridane\/rolf-benker-disenomuebles-2\/\"><img width=\"1024\" height=\"461\" src=\"https:\/\/rolfbenker.com\/wp-content\/uploads\/2023\/10\/rolf-benker-disenomuebles-1024x461.jpg\" class=\"attachment-large size-large\" alt=\"Mobiliario Personalizado para locales comerciales\" aria-describedby=\"gallery-1-3093\" srcset=\"https:\/\/rolfbenker.com\/wp-content\/uploads\/2023\/10\/rolf-benker-disenomuebles-1024x461.jpg 1024w, https:\/\/rolfbenker.com\/wp-content\/uploads\/2023\/10\/rolf-benker-disenomuebles-300x135.jpg 300w, https:\/\/rolfbenker.com\/wp-content\/uploads\/2023\/10\/rolf-benker-disenomuebles-768x346.jpg 768w, https:\/\/rolfbenker.com\/wp-content\/uploads\/2023\/10\/rolf-benker-disenomuebles-1536x691.jpg 1536w, https:\/\/rolfbenker.com\/wp-content\/uploads\/2023\/10\/rolf-benker-disenomuebles-370x167.jpg 370w, https:\/\/rolfbenker.com\/wp-content\/uploads\/2023\/10\/rolf-benker-disenomuebles-1200x540.jpg 1200w, https:\/\/rolfbenker.com\/wp-content\/uploads\/2023\/10\/rolf-benker-disenomuebles-360x162.jpg 360w, https:\/\/rolfbenker.com\/wp-content\/uploads\/2023\/10\/rolf-benker-disenomuebles.jpg 1600w\" sizes=\"(max-width: 1024px) 100vw, 1024px\" decoding=\"async\" fetchpriority=\"high\" title=\"\" loading=\"lazy\"><\/a>\n\t\t\t<\/dt>\n\t\t\t\t<dd class='wp-caption-text gallery-caption' id='gallery-1-3093'>\n\t\t\t\tMobiliario Personalizado para locales comerciales\n\t\t\t\t<\/dd><\/dl><dl class='gallery-item'>\n\t\t\t<dt class='gallery-icon landscape'>\n\t\t\t\t<a href=\"https:\/\/rolfbenker.com\/de\/moebeldesign-fuer-das-gesundheits-und-schuhgeschaeft-in-los-llanos-de-aridane\/rolfbenker-disenoamedidamuebles-2\/\"><img width=\"1024\" height=\"461\" src=\"https:\/\/rolfbenker.com\/wp-content\/uploads\/2023\/10\/rolfbenker-disenoamedidamuebles-1024x461.jpg\" class=\"attachment-large size-large\" alt=\"\" srcset=\"https:\/\/rolfbenker.com\/wp-content\/uploads\/2023\/10\/rolfbenker-disenoamedidamuebles-1024x461.jpg 1024w, https:\/\/rolfbenker.com\/wp-content\/uploads\/2023\/10\/rolfbenker-disenoamedidamuebles-300x135.jpg 300w, https:\/\/rolfbenker.com\/wp-content\/uploads\/2023\/10\/rolfbenker-disenoamedidamuebles-768x346.jpg 768w, https:\/\/rolfbenker.com\/wp-content\/uploads\/2023\/10\/rolfbenker-disenoamedidamuebles-1536x691.jpg 1536w, https:\/\/rolfbenker.com\/wp-content\/uploads\/2023\/10\/rolfbenker-disenoamedidamuebles-370x167.jpg 370w, https:\/\/rolfbenker.com\/wp-content\/uploads\/2023\/10\/rolfbenker-disenoamedidamuebles-1200x540.jpg 1200w, https:\/\/rolfbenker.com\/wp-content\/uploads\/2023\/10\/rolfbenker-disenoamedidamuebles-360x162.jpg 360w, https:\/\/rolfbenker.com\/wp-content\/uploads\/2023\/10\/rolfbenker-disenoamedidamuebles.jpg 1600w\" sizes=\"auto, (max-width: 1024px) 100vw, 1024px\" loading=\"lazy\" decoding=\"async\" fetchpriority=\"low\" title=\"\"><\/a>\n\t\t\t<\/dt><\/dl><br style=\"clear: both\" \/><dl class='gallery-item'>\n\t\t\t<dt class='gallery-icon landscape'>\n\t\t\t\t<a href=\"https:\/\/rolfbenker.com\/de\/moebeldesign-fuer-das-gesundheits-und-schuhgeschaeft-in-los-llanos-de-aridane\/rolfbenker-disenomuebles-canarias-2\/\"><img width=\"1024\" height=\"461\" src=\"https:\/\/rolfbenker.com\/wp-content\/uploads\/2023\/10\/rolfbenker-disenomuebles-canarias-1024x461.jpg\" class=\"attachment-large size-large\" alt=\"\" srcset=\"https:\/\/rolfbenker.com\/wp-content\/uploads\/2023\/10\/rolfbenker-disenomuebles-canarias-1024x461.jpg 1024w, https:\/\/rolfbenker.com\/wp-content\/uploads\/2023\/10\/rolfbenker-disenomuebles-canarias-300x135.jpg 300w, https:\/\/rolfbenker.com\/wp-content\/uploads\/2023\/10\/rolfbenker-disenomuebles-canarias-768x346.jpg 768w, https:\/\/rolfbenker.com\/wp-content\/uploads\/2023\/10\/rolfbenker-disenomuebles-canarias-1536x691.jpg 1536w, https:\/\/rolfbenker.com\/wp-content\/uploads\/2023\/10\/rolfbenker-disenomuebles-canarias-370x167.jpg 370w, https:\/\/rolfbenker.com\/wp-content\/uploads\/2023\/10\/rolfbenker-disenomuebles-canarias-1200x540.jpg 1200w, https:\/\/rolfbenker.com\/wp-content\/uploads\/2023\/10\/rolfbenker-disenomuebles-canarias-360x162.jpg 360w, https:\/\/rolfbenker.com\/wp-content\/uploads\/2023\/10\/rolfbenker-disenomuebles-canarias.jpg 1600w\" sizes=\"auto, (max-width: 1024px) 100vw, 1024px\" loading=\"lazy\" decoding=\"async\" fetchpriority=\"low\" title=\"\"><\/a>\n\t\t\t<\/dt><\/dl><dl class='gallery-item'>\n\t\t\t<dt class='gallery-icon landscape'>\n\t\t\t\t<a href=\"https:\/\/rolfbenker.com\/de\/moebeldesign-fuer-das-gesundheits-und-schuhgeschaeft-in-los-llanos-de-aridane\/rolfbenker-diseno-artesanal-muebles-2\/\"><img width=\"1024\" height=\"461\" src=\"https:\/\/rolfbenker.com\/wp-content\/uploads\/2023\/10\/rolfbenker-diseno-artesanal-muebles-1024x461.jpg\" class=\"attachment-large size-large\" alt=\"\" srcset=\"https:\/\/rolfbenker.com\/wp-content\/uploads\/2023\/10\/rolfbenker-diseno-artesanal-muebles-1024x461.jpg 1024w, https:\/\/rolfbenker.com\/wp-content\/uploads\/2023\/10\/rolfbenker-diseno-artesanal-muebles-300x135.jpg 300w, https:\/\/rolfbenker.com\/wp-content\/uploads\/2023\/10\/rolfbenker-diseno-artesanal-muebles-768x346.jpg 768w, https:\/\/rolfbenker.com\/wp-content\/uploads\/2023\/10\/rolfbenker-diseno-artesanal-muebles-1536x691.jpg 1536w, https:\/\/rolfbenker.com\/wp-content\/uploads\/2023\/10\/rolfbenker-diseno-artesanal-muebles-370x167.jpg 370w, https:\/\/rolfbenker.com\/wp-content\/uploads\/2023\/10\/rolfbenker-diseno-artesanal-muebles-1200x540.jpg 1200w, https:\/\/rolfbenker.com\/wp-content\/uploads\/2023\/10\/rolfbenker-diseno-artesanal-muebles-360x162.jpg 360w, https:\/\/rolfbenker.com\/wp-content\/uploads\/2023\/10\/rolfbenker-diseno-artesanal-muebles.jpg 1600w\" sizes=\"auto, (max-width: 1024px) 100vw, 1024px\" loading=\"lazy\" decoding=\"async\" fetchpriority=\"low\" title=\"\"><\/a>\n\t\t\t<\/dt><\/dl><br style=\"clear: both\" \/><dl class='gallery-item'>\n\t\t\t<dt class='gallery-icon landscape'>\n\t\t\t\t<a href=\"https:\/\/rolfbenker.com\/de\/moebeldesign-fuer-das-gesundheits-und-schuhgeschaeft-in-los-llanos-de-aridane\/rolfbenker-disenomuebles-lapalma-2\/\"><img width=\"1024\" height=\"461\" src=\"https:\/\/rolfbenker.com\/wp-content\/uploads\/2023\/10\/rolfbenker-disenomuebles-lapalma-1024x461.jpg\" class=\"attachment-large size-large\" alt=\"\" srcset=\"https:\/\/rolfbenker.com\/wp-content\/uploads\/2023\/10\/rolfbenker-disenomuebles-lapalma-1024x461.jpg 1024w, https:\/\/rolfbenker.com\/wp-content\/uploads\/2023\/10\/rolfbenker-disenomuebles-lapalma-300x135.jpg 300w, https:\/\/rolfbenker.com\/wp-content\/uploads\/2023\/10\/rolfbenker-disenomuebles-lapalma-768x346.jpg 768w, https:\/\/rolfbenker.com\/wp-content\/uploads\/2023\/10\/rolfbenker-disenomuebles-lapalma-1536x691.jpg 1536w, https:\/\/rolfbenker.com\/wp-content\/uploads\/2023\/10\/rolfbenker-disenomuebles-lapalma-370x167.jpg 370w, https:\/\/rolfbenker.com\/wp-content\/uploads\/2023\/10\/rolfbenker-disenomuebles-lapalma-1200x540.jpg 1200w, https:\/\/rolfbenker.com\/wp-content\/uploads\/2023\/10\/rolfbenker-disenomuebles-lapalma-360x162.jpg 360w, https:\/\/rolfbenker.com\/wp-content\/uploads\/2023\/10\/rolfbenker-disenomuebles-lapalma.jpg 1600w\" sizes=\"auto, (max-width: 1024px) 100vw, 1024px\" loading=\"lazy\" decoding=\"async\" fetchpriority=\"low\" title=\"\"><\/a>\n\t\t\t<\/dt><\/dl><dl class='gallery-item'>\n\t\t\t<dt class='gallery-icon landscape'>\n\t\t\t\t<a href=\"https:\/\/rolfbenker.com\/de\/moebeldesign-fuer-das-gesundheits-und-schuhgeschaeft-in-los-llanos-de-aridane\/rolfbenker-disenomuebles-2-2\/\"><img width=\"1024\" height=\"461\" src=\"https:\/\/rolfbenker.com\/wp-content\/uploads\/2023\/10\/rolfbenker-disenomuebles-1024x461.jpg\" class=\"attachment-large size-large\" alt=\"\" srcset=\"https:\/\/rolfbenker.com\/wp-content\/uploads\/2023\/10\/rolfbenker-disenomuebles-1024x461.jpg 1024w, https:\/\/rolfbenker.com\/wp-content\/uploads\/2023\/10\/rolfbenker-disenomuebles-300x135.jpg 300w, https:\/\/rolfbenker.com\/wp-content\/uploads\/2023\/10\/rolfbenker-disenomuebles-768x346.jpg 768w, https:\/\/rolfbenker.com\/wp-content\/uploads\/2023\/10\/rolfbenker-disenomuebles-1536x691.jpg 1536w, https:\/\/rolfbenker.com\/wp-content\/uploads\/2023\/10\/rolfbenker-disenomuebles-370x167.jpg 370w, https:\/\/rolfbenker.com\/wp-content\/uploads\/2023\/10\/rolfbenker-disenomuebles-1200x540.jpg 1200w, https:\/\/rolfbenker.com\/wp-content\/uploads\/2023\/10\/rolfbenker-disenomuebles-360x162.jpg 360w, https:\/\/rolfbenker.com\/wp-content\/uploads\/2023\/10\/rolfbenker-disenomuebles.jpg 1600w\" sizes=\"auto, (max-width: 1024px) 100vw, 1024px\" loading=\"lazy\" decoding=\"async\" fetchpriority=\"low\" title=\"\"><\/a>\n\t\t\t<\/dt><\/dl><br style=\"clear: both\" \/>\n\t\t<\/div>\n\n<\/div>\n","protected":false},"excerpt":{"rendered":"<p>Bei Rolf Benker Carpinter\u00eda hatten wir die Ehre, an der Kreation neuer M\u00f6bel f\u00fcr das Gesch\u00e4ft Salud y calzado in Los Llanos de Aridane beteiligt zu sein<\/p>\n","protected":false},"author":1,"featured_media":3089,"comment_status":"closed","ping_status":"closed","sticky":false,"template":"","format":"standard","meta":{"footnotes":""},"categories":[66],"tags":[121],"class_list":["post-3095","post","type-post","status-publish","format-standard","has-post-thumbnail","hentry","category-diseno-de-muebles-de","tag-moebeldesign"],"_links":{"self":[{"href":"https:\/\/rolfbenker.com\/de\/wp-json\/wp\/v2\/posts\/3095","targetHints":{"allow":["GET"]}}],"collection":[{"href":"https:\/\/rolfbenker.com\/de\/wp-json\/wp\/v2\/posts"}],"about":[{"href":"https:\/\/rolfbenker.com\/de\/wp-json\/wp\/v2\/types\/post"}],"author":[{"embeddable":true,"href":"https:\/\/rolfbenker.com\/de\/wp-json\/wp\/v2\/users\/1"}],"replies":[{"embeddable":true,"href":"https:\/\/rolfbenker.com\/de\/wp-json\/wp\/v2\/comments?post=3095"}],"version-history":[{"count":2,"href":"https:\/\/rolfbenker.com\/de\/wp-json\/wp\/v2\/posts\/3095\/revisions"}],"predecessor-version":[{"id":3097,"href":"https:\/\/rolfbenker.com\/de\/wp-json\/wp\/v2\/posts\/3095\/revisions\/3097"}],"wp:featuredmedia":[{"embeddable":true,"href":"https:\/\/rolfbenker.com\/de\/wp-json\/wp\/v2\/media\/3089"}],"wp:attachment":[{"href":"https:\/\/rolfbenker.com\/de\/wp-json\/wp\/v2\/media?parent=3095"}],"wp:term":[{"taxonomy":"category","embeddable":true,"href":"https:\/\/rolfbenker.com\/de\/wp-json\/wp\/v2\/categories?post=3095"},{"taxonomy":"post_tag","embeddable":true,"href":"https:\/\/rolfbenker.com\/de\/wp-json\/wp\/v2\/tags?post=3095"}],"curies":[{"name":"wp","href":"https:\/\/api.w.org\/{rel}","templated":true}]}}