{"id":3108,"date":"2023-11-13T13:52:33","date_gmt":"2023-11-13T13:52:33","guid":{"rendered":"https:\/\/rolfbenker.com\/armario-a-medida-con-ventilacion-para-almacenar-la-bateria-de-las-placas-solares\/"},"modified":"2023-11-13T13:56:32","modified_gmt":"2023-11-13T13:56:32","slug":"massgefertigter-schrank-mit-belueftung-zur-aufbewahrung-der-batterie-der-solaranlage","status":"publish","type":"post","link":"https:\/\/rolfbenker.com\/de\/massgefertigter-schrank-mit-belueftung-zur-aufbewahrung-der-batterie-der-solaranlage\/","title":{"rendered":"Ma\u00dfgefertigter Schrank mit Bel\u00fcftung zur Aufbewahrung der Batterie der Solaranlage"},"content":{"rendered":"<p>En der Tischlerei von Rolf Benker bem\u00fchen wir uns t\u00e4glich, ma\u00dfgeschneiderte M\u00f6bel zu schaffen, die Funktionalit\u00e4t und \u00c4sthetik auf au\u00dfergew\u00f6hnliche Weise vereinen, mit dem Ziel, die spezifischen Bed\u00fcrfnisse jedes Hauses zu erf\u00fcllen.<\/p>\n<p><!--more--><\/p>\n<p>Eines der neuesten Projekte, das aus der Werkstatt von Rolf Benker hervorgegangen ist, ist ein pr\u00e4zise gestalteter Schrank, der die Batterie der Solaranlage eines Wohnhauses aufnehmen soll. Mit dem wachsenden Bewusstsein f\u00fcr die Bedeutung erneuerbarer Energien hat die Nachfrage nach nachhaltigen L\u00f6sungen deutlich zugenommen. Die Notwendigkeit, die von Solarzellen erzeugte Energie effizient zu speichern, hat zu einer Suche nach intelligenten L\u00f6sungen gef\u00fchrt, und genau in diesem Kontext hat Rolf Benker einmal mehr seine F\u00e4higkeit unter Beweis gestellt, Funktionalit\u00e4t mit Eleganz zu verbinden.<\/p>\n<p>Dieser Schrank f\u00fcr die Solarbatterie ist nicht einfach nur ein Beh\u00e4lter, sondern vielmehr ein funktionales Kunstwerk. Das Design wurde sorgf\u00e4ltig konzipiert, um eine angemessene Bel\u00fcftung der Batterie zu gew\u00e4hrleisten, ein entscheidender Aspekt f\u00fcr optimale Leistung und Langzeitbest\u00e4ndigkeit. Strategische \u00d6ffnungen und Bel\u00fcftungssysteme wurden integriert, um einen kontinuierlichen Luftstrom zu erm\u00f6glichen, und so sicherzustellen, dass die Batterie die richtige Temperatur beibeh\u00e4lt, ihre Effizienz optimiert und ihre Lebensdauer verl\u00e4ngert.<\/p>\n<p>Die Auswahl der Materialien war ebenfalls ein Schl\u00fcsselfaktor bei der Gestaltung dieses Schranks.<\/p>\n<p>Die Individualisierung ist eines der Markenzeichen von Rolf Benker. Jedes Projekt beginnt mit einer detaillierten Beratung mit dem Kunden, um seine Bed\u00fcrfnisse und Vorlieben zu verstehen. Im Falle dieses Schranks f\u00fcr die Solarbatterie wurden nicht nur die spezifischen Abmessungen der Batterie ber\u00fccksichtigt, sondern auch die \u00e4sthetischen Vorlieben des Eigent\u00fcmers und die harmonische Integration mit dem Innenraumdesign des Hauses.<\/p>\n<p>M\u00f6chten Sie mehr \u00fcber unsere Projekte erfahren? <a href=\"https:\/\/rolfbenker.com\/de\/kontakt\/\">M\u00f6chten Sie einen Termin vereinbaren<\/a>? Wir freuen uns, Ihnen behilflich zu sein. Rufen Sie uns unter +34 664 797 435 an oder besuchen Sie uns in der C\/ La Garza, 25 \u00b7 El Paso, und wir informieren Sie unverbindlich.<\/p>\n\n\t\t<style type=\"text\/css\">\n\t\t\t#gallery-1 {\n\t\t\t\tmargin: auto;\n\t\t\t}\n\t\t\t#gallery-1 .gallery-item {\n\t\t\t\tfloat: left;\n\t\t\t\tmargin-top: 10px;\n\t\t\t\ttext-align: center;\n\t\t\t\twidth: 33%;\n\t\t\t}\n\t\t\t#gallery-1 img {\n\t\t\t\tborder: 2px solid #cfcfcf;\n\t\t\t}\n\t\t\t#gallery-1 .gallery-caption {\n\t\t\t\tmargin-left: 0;\n\t\t\t}\n\t\t\t\/* see gallery_shortcode() in wp-includes\/media.php *\/\n\t\t<\/style>\n\t\t<div id='gallery-1' class='gallery galleryid-3108 gallery-columns-3 gallery-size-large'><dl class='gallery-item'>\n\t\t\t<dt class='gallery-icon portrait'>\n\t\t\t\t<a href='https:\/\/rolfbenker.com\/de\/massgefertigter-schrank-mit-belueftung-zur-aufbewahrung-der-batterie-der-solaranlage\/armarios-ventilacion-baterias-rolfbenker-2\/'><img width=\"771\" height=\"1024\" src=\"https:\/\/rolfbenker.com\/wp-content\/uploads\/2023\/11\/armarios-ventilacion-baterias-rolfbenker-771x1024.jpeg\" class=\"attachment-large size-large\" alt=\"\" srcset=\"https:\/\/rolfbenker.com\/wp-content\/uploads\/2023\/11\/armarios-ventilacion-baterias-rolfbenker-771x1024.jpeg 771w, https:\/\/rolfbenker.com\/wp-content\/uploads\/2023\/11\/armarios-ventilacion-baterias-rolfbenker-226x300.jpeg 226w, https:\/\/rolfbenker.com\/wp-content\/uploads\/2023\/11\/armarios-ventilacion-baterias-rolfbenker-768x1021.jpeg 768w, https:\/\/rolfbenker.com\/wp-content\/uploads\/2023\/11\/armarios-ventilacion-baterias-rolfbenker-1156x1536.jpeg 1156w, https:\/\/rolfbenker.com\/wp-content\/uploads\/2023\/11\/armarios-ventilacion-baterias-rolfbenker-271x360.jpeg 271w, https:\/\/rolfbenker.com\/wp-content\/uploads\/2023\/11\/armarios-ventilacion-baterias-rolfbenker-1200x1595.jpeg 1200w, https:\/\/rolfbenker.com\/wp-content\/uploads\/2023\/11\/armarios-ventilacion-baterias-rolfbenker-360x478.jpeg 360w, https:\/\/rolfbenker.com\/wp-content\/uploads\/2023\/11\/armarios-ventilacion-baterias-rolfbenker.jpeg 1204w\" sizes=\"(max-width: 771px) 100vw, 771px\" decoding=\"async\" fetchpriority=\"high\" title=\"\" loading=\"lazy\"><\/a>\n\t\t\t<\/dt><\/dl><dl class='gallery-item'>\n\t\t\t<dt class='gallery-icon portrait'>\n\t\t\t\t<a href='https:\/\/rolfbenker.com\/de\/massgefertigter-schrank-mit-belueftung-zur-aufbewahrung-der-batterie-der-solaranlage\/armarios-ventilacion-baterias-2\/'><img width=\"771\" height=\"1024\" src=\"https:\/\/rolfbenker.com\/wp-content\/uploads\/2023\/11\/armarios-ventilacion-baterias-771x1024.jpeg\" class=\"attachment-large size-large\" alt=\"\" srcset=\"https:\/\/rolfbenker.com\/wp-content\/uploads\/2023\/11\/armarios-ventilacion-baterias-771x1024.jpeg 771w, https:\/\/rolfbenker.com\/wp-content\/uploads\/2023\/11\/armarios-ventilacion-baterias-226x300.jpeg 226w, https:\/\/rolfbenker.com\/wp-content\/uploads\/2023\/11\/armarios-ventilacion-baterias-768x1021.jpeg 768w, https:\/\/rolfbenker.com\/wp-content\/uploads\/2023\/11\/armarios-ventilacion-baterias-1156x1536.jpeg 1156w, https:\/\/rolfbenker.com\/wp-content\/uploads\/2023\/11\/armarios-ventilacion-baterias-271x360.jpeg 271w, https:\/\/rolfbenker.com\/wp-content\/uploads\/2023\/11\/armarios-ventilacion-baterias-1200x1595.jpeg 1200w, https:\/\/rolfbenker.com\/wp-content\/uploads\/2023\/11\/armarios-ventilacion-baterias-360x478.jpeg 360w, https:\/\/rolfbenker.com\/wp-content\/uploads\/2023\/11\/armarios-ventilacion-baterias.jpeg 1204w\" sizes=\"auto, (max-width: 771px) 100vw, 771px\" loading=\"lazy\" decoding=\"async\" fetchpriority=\"low\" title=\"\"><\/a>\n\t\t\t<\/dt><\/dl><dl class='gallery-item'>\n\t\t\t<dt class='gallery-icon portrait'>\n\t\t\t\t<a href='https:\/\/rolfbenker.com\/de\/massgefertigter-schrank-mit-belueftung-zur-aufbewahrung-der-batterie-der-solaranlage\/armarios-ventilacion-baterias-rolfbenker-lapalma-2\/'><img width=\"771\" height=\"1024\" src=\"https:\/\/rolfbenker.com\/wp-content\/uploads\/2023\/11\/armarios-ventilacion-baterias-rolfbenker-lapalma-771x1024.jpeg\" class=\"attachment-large size-large\" alt=\"\" srcset=\"https:\/\/rolfbenker.com\/wp-content\/uploads\/2023\/11\/armarios-ventilacion-baterias-rolfbenker-lapalma-771x1024.jpeg 771w, https:\/\/rolfbenker.com\/wp-content\/uploads\/2023\/11\/armarios-ventilacion-baterias-rolfbenker-lapalma-226x300.jpeg 226w, https:\/\/rolfbenker.com\/wp-content\/uploads\/2023\/11\/armarios-ventilacion-baterias-rolfbenker-lapalma-768x1021.jpeg 768w, https:\/\/rolfbenker.com\/wp-content\/uploads\/2023\/11\/armarios-ventilacion-baterias-rolfbenker-lapalma-1156x1536.jpeg 1156w, https:\/\/rolfbenker.com\/wp-content\/uploads\/2023\/11\/armarios-ventilacion-baterias-rolfbenker-lapalma-271x360.jpeg 271w, https:\/\/rolfbenker.com\/wp-content\/uploads\/2023\/11\/armarios-ventilacion-baterias-rolfbenker-lapalma-1200x1595.jpeg 1200w, https:\/\/rolfbenker.com\/wp-content\/uploads\/2023\/11\/armarios-ventilacion-baterias-rolfbenker-lapalma-360x478.jpeg 360w, https:\/\/rolfbenker.com\/wp-content\/uploads\/2023\/11\/armarios-ventilacion-baterias-rolfbenker-lapalma.jpeg 1204w\" sizes=\"auto, (max-width: 771px) 100vw, 771px\" loading=\"lazy\" decoding=\"async\" fetchpriority=\"low\" title=\"\"><\/a>\n\t\t\t<\/dt><\/dl><br style=\"clear: both\" \/>\n\t\t<\/div>\n\n","protected":false},"excerpt":{"rendered":"<p>En der Tischlerei von Rolf Benker bem\u00fchen wir uns t\u00e4glich, ma\u00dfgeschneiderte M\u00f6bel zu schaffen, die Funktionalit\u00e4t und \u00c4sthetik auf au\u00dfergew\u00f6hnliche Weise vereinen, mit dem Ziel, die spezifischen Bed\u00fcrfnisse jedes Hauses zu erf\u00fcllen.<\/p>\n","protected":false},"author":1,"featured_media":3106,"comment_status":"closed","ping_status":"closed","sticky":false,"template":"","format":"standard","meta":{"footnotes":""},"categories":[66],"tags":[169],"class_list":["post-3108","post","type-post","status-publish","format-standard","has-post-thumbnail","hentry","category-diseno-de-muebles-de","tag-individuelle-moebel"],"_links":{"self":[{"href":"https:\/\/rolfbenker.com\/de\/wp-json\/wp\/v2\/posts\/3108","targetHints":{"allow":["GET"]}}],"collection":[{"href":"https:\/\/rolfbenker.com\/de\/wp-json\/wp\/v2\/posts"}],"about":[{"href":"https:\/\/rolfbenker.com\/de\/wp-json\/wp\/v2\/types\/post"}],"author":[{"embeddable":true,"href":"https:\/\/rolfbenker.com\/de\/wp-json\/wp\/v2\/users\/1"}],"replies":[{"embeddable":true,"href":"https:\/\/rolfbenker.com\/de\/wp-json\/wp\/v2\/comments?post=3108"}],"version-history":[{"count":2,"href":"https:\/\/rolfbenker.com\/de\/wp-json\/wp\/v2\/posts\/3108\/revisions"}],"predecessor-version":[{"id":3110,"href":"https:\/\/rolfbenker.com\/de\/wp-json\/wp\/v2\/posts\/3108\/revisions\/3110"}],"wp:featuredmedia":[{"embeddable":true,"href":"https:\/\/rolfbenker.com\/de\/wp-json\/wp\/v2\/media\/3106"}],"wp:attachment":[{"href":"https:\/\/rolfbenker.com\/de\/wp-json\/wp\/v2\/media?parent=3108"}],"wp:term":[{"taxonomy":"category","embeddable":true,"href":"https:\/\/rolfbenker.com\/de\/wp-json\/wp\/v2\/categories?post=3108"},{"taxonomy":"post_tag","embeddable":true,"href":"https:\/\/rolfbenker.com\/de\/wp-json\/wp\/v2\/tags?post=3108"}],"curies":[{"name":"wp","href":"https:\/\/api.w.org\/{rel}","templated":true}]}}