{"id":3137,"date":"2023-11-27T13:04:39","date_gmt":"2023-11-27T13:04:39","guid":{"rendered":"https:\/\/rolfbenker.com\/instalacion-de-persianas-de-lama-fija-azules-en-vivienda-privada\/"},"modified":"2023-11-27T13:07:17","modified_gmt":"2023-11-27T13:07:17","slug":"installation-von-blauen-festlamellenjalousien-in-einem-privathaus","status":"publish","type":"post","link":"https:\/\/rolfbenker.com\/de\/installation-von-blauen-festlamellenjalousien-in-einem-privathaus\/","title":{"rendered":"Installation von blauen Festlamellenjalousien in einem Privathaus"},"content":{"rendered":"<p>Wie wir Ihnen am 13. Oktober mitgeteilt haben, haben wir in unserer Schreinerei an einigen wundersch\u00f6nen blauen Festlamellenjalousien gearbeitet. Und heute k\u00f6nnen wir bekannt geben, dass sie bereits beim Kunden zu Hause installiert sind.<\/p>\n<p><!--more--><\/p>\n\n\t\t<style type=\"text\/css\">\n\t\t\t#gallery-1 {\n\t\t\t\tmargin: auto;\n\t\t\t}\n\t\t\t#gallery-1 .gallery-item {\n\t\t\t\tfloat: left;\n\t\t\t\tmargin-top: 10px;\n\t\t\t\ttext-align: center;\n\t\t\t\twidth: 50%;\n\t\t\t}\n\t\t\t#gallery-1 img {\n\t\t\t\tborder: 2px solid #cfcfcf;\n\t\t\t}\n\t\t\t#gallery-1 .gallery-caption {\n\t\t\t\tmargin-left: 0;\n\t\t\t}\n\t\t\t\/* see gallery_shortcode() in wp-includes\/media.php *\/\n\t\t<\/style>\n\t\t<div id='gallery-1' class='gallery galleryid-3137 gallery-columns-2 gallery-size-large'><dl class='gallery-item'>\n\t\t\t<dt class='gallery-icon landscape'>\n\t\t\t\t<a href='https:\/\/rolfbenker.com\/de\/installation-von-blauen-festlamellenjalousien-in-einem-privathaus\/rolfbenker-carpinteriaaluminio-lapalma-2\/'><img width=\"1024\" height=\"771\" src=\"https:\/\/rolfbenker.com\/wp-content\/uploads\/2023\/11\/rolfbenker-carpinteriaaluminio-lapalma-1024x771.jpg\" class=\"attachment-large size-large\" alt=\"\" srcset=\"https:\/\/rolfbenker.com\/wp-content\/uploads\/2023\/11\/rolfbenker-carpinteriaaluminio-lapalma-1024x771.jpg 1024w, https:\/\/rolfbenker.com\/wp-content\/uploads\/2023\/11\/rolfbenker-carpinteriaaluminio-lapalma-300x226.jpg 300w, https:\/\/rolfbenker.com\/wp-content\/uploads\/2023\/11\/rolfbenker-carpinteriaaluminio-lapalma-768x578.jpg 768w, https:\/\/rolfbenker.com\/wp-content\/uploads\/2023\/11\/rolfbenker-carpinteriaaluminio-lapalma-1536x1157.jpg 1536w, https:\/\/rolfbenker.com\/wp-content\/uploads\/2023\/11\/rolfbenker-carpinteriaaluminio-lapalma-370x279.jpg 370w, https:\/\/rolfbenker.com\/wp-content\/uploads\/2023\/11\/rolfbenker-carpinteriaaluminio-lapalma-1200x904.jpg 1200w, https:\/\/rolfbenker.com\/wp-content\/uploads\/2023\/11\/rolfbenker-carpinteriaaluminio-lapalma-360x271.jpg 360w, https:\/\/rolfbenker.com\/wp-content\/uploads\/2023\/11\/rolfbenker-carpinteriaaluminio-lapalma.jpg 2040w\" sizes=\"(max-width: 1024px) 100vw, 1024px\" decoding=\"async\" fetchpriority=\"high\" title=\"\" loading=\"lazy\"><\/a>\n\t\t\t<\/dt><\/dl><dl class='gallery-item'>\n\t\t\t<dt class='gallery-icon landscape'>\n\t\t\t\t<a href='https:\/\/rolfbenker.com\/de\/installation-von-blauen-festlamellenjalousien-in-einem-privathaus\/rolfbenker-carpinteria-lapalma-5-2\/'><img width=\"1024\" height=\"771\" src=\"https:\/\/rolfbenker.com\/wp-content\/uploads\/2023\/11\/rolfbenker-carpinteria-lapalma-1024x771.jpg\" class=\"attachment-large size-large\" alt=\"\" srcset=\"https:\/\/rolfbenker.com\/wp-content\/uploads\/2023\/11\/rolfbenker-carpinteria-lapalma-1024x771.jpg 1024w, https:\/\/rolfbenker.com\/wp-content\/uploads\/2023\/11\/rolfbenker-carpinteria-lapalma-300x226.jpg 300w, https:\/\/rolfbenker.com\/wp-content\/uploads\/2023\/11\/rolfbenker-carpinteria-lapalma-768x578.jpg 768w, https:\/\/rolfbenker.com\/wp-content\/uploads\/2023\/11\/rolfbenker-carpinteria-lapalma-1536x1157.jpg 1536w, https:\/\/rolfbenker.com\/wp-content\/uploads\/2023\/11\/rolfbenker-carpinteria-lapalma-370x279.jpg 370w, https:\/\/rolfbenker.com\/wp-content\/uploads\/2023\/11\/rolfbenker-carpinteria-lapalma-1200x904.jpg 1200w, https:\/\/rolfbenker.com\/wp-content\/uploads\/2023\/11\/rolfbenker-carpinteria-lapalma-360x271.jpg 360w, https:\/\/rolfbenker.com\/wp-content\/uploads\/2023\/11\/rolfbenker-carpinteria-lapalma.jpg 2040w\" sizes=\"auto, (max-width: 1024px) 100vw, 1024px\" loading=\"lazy\" decoding=\"async\" fetchpriority=\"low\" title=\"\"><\/a>\n\t\t\t<\/dt><\/dl><br style=\"clear: both\" \/>\n\t\t<\/div>\n\n<p>&nbsp;<\/p>\n<p>Diese Jalousien sind nicht nur \u00e4sthetisch ansprechend, sondern auch funktional und speziell f\u00fcr K\u00fcstenh\u00e4user konzipiert. Die Wahl von Blau bringt nicht nur einen Hauch von Frische und Gelassenheit in jedes Zuhause, sondern symbolisiert auch die N\u00e4he zum Meer, einem grundlegenden Element des Lebens auf La Palma. Dar\u00fcber hinaus ist die gew\u00e4hlte blaue Farbe stark und langlebig und stellt sicher, dass die Jalousien auch bei K\u00fcstenwetterbedingungen lange ihre Sch\u00f6nheit behalten.<\/p>\n<p>Bei Rolf Benker wissen wir, wie wichtig Haltbarkeit und Festigkeit in einer Umgebung sind, in der Meeresbrise und Wetter eine Herausforderung darstellen k\u00f6nnen. Unsere hochqualifizierten Fachleute haben ihre Erfahrung und Liebe zum Detail eingesetzt, um diese Jalousien mit festen Lamellen zu entwickeln, die nicht nur korrosionsbest\u00e4ndig sind, sondern auch so konzipiert sind, dass sie den K\u00fcstenbedingungen standhalten, ohne Kompromisse bei der \u00c4sthetik einzugehen.<\/p>\n<p><img loading=\"lazy\" decoding=\"async\" class=\"size-1536x1536 wp-image-3134 aligncenter\" src=\"https:\/\/rolfbenker.com\/wp-content\/uploads\/2023\/11\/persinas-azules-rolfbenker-lapalma-1152x1536.jpg\" alt=\"\" width=\"1152\" height=\"1536\" title=\"\" srcset=\"https:\/\/rolfbenker.com\/wp-content\/uploads\/2023\/11\/persinas-azules-rolfbenker-lapalma-1152x1536.jpg 1152w, https:\/\/rolfbenker.com\/wp-content\/uploads\/2023\/11\/persinas-azules-rolfbenker-lapalma-225x300.jpg 225w, https:\/\/rolfbenker.com\/wp-content\/uploads\/2023\/11\/persinas-azules-rolfbenker-lapalma-768x1024.jpg 768w, https:\/\/rolfbenker.com\/wp-content\/uploads\/2023\/11\/persinas-azules-rolfbenker-lapalma-270x360.jpg 270w, https:\/\/rolfbenker.com\/wp-content\/uploads\/2023\/11\/persinas-azules-rolfbenker-lapalma-360x480.jpg 360w, https:\/\/rolfbenker.com\/wp-content\/uploads\/2023\/11\/persinas-azules-rolfbenker-lapalma.jpg 1200w\" sizes=\"auto, (max-width: 1152px) 100vw, 1152px\" \/ fetchpriority=\"low\"><\/p>\n<p>&nbsp;<\/p>\n<p>Bei Rolf Benker Carpinter\u00eda bauen wir nicht nur M\u00f6bel und Strukturen, wir schaffen L\u00f6sungen, um Ihr t\u00e4gliches Leben zu verbessern und Ihre Umgebung zu versch\u00f6nern. Wenn Sie auf der Suche nach der perfekten Mischung aus Qualit\u00e4t, Langlebigkeit und Sch\u00f6nheit der Zimmerei f\u00fcr Ihr Zuhause auf La Palma sind, z\u00f6gern Sie nicht, uns zu kontaktieren uns<\/a ><\/strong>. Wir sind hier, um Ihre Projekte Wirklichkeit werden zu lassen und Ihre Erwartungen zu \u00fcbertreffen.<\/p>\n<p><img loading=\"lazy\" decoding=\"async\" class=\"size-1536x1536 wp-image-3128 aligncenter\" src=\"https:\/\/rolfbenker.com\/wp-content\/uploads\/2023\/11\/rolf-benker-carpinteria-lapalma-1157x1536.jpg\" alt=\"\" width=\"1157\" height=\"1536\" title=\"\" srcset=\"https:\/\/rolfbenker.com\/wp-content\/uploads\/2023\/11\/rolf-benker-carpinteria-lapalma-1157x1536.jpg 1157w, https:\/\/rolfbenker.com\/wp-content\/uploads\/2023\/11\/rolf-benker-carpinteria-lapalma-226x300.jpg 226w, https:\/\/rolfbenker.com\/wp-content\/uploads\/2023\/11\/rolf-benker-carpinteria-lapalma-771x1024.jpg 771w, https:\/\/rolfbenker.com\/wp-content\/uploads\/2023\/11\/rolf-benker-carpinteria-lapalma-768x1020.jpg 768w, https:\/\/rolfbenker.com\/wp-content\/uploads\/2023\/11\/rolf-benker-carpinteria-lapalma-271x360.jpg 271w, https:\/\/rolfbenker.com\/wp-content\/uploads\/2023\/11\/rolf-benker-carpinteria-lapalma-1200x1594.jpg 1200w, https:\/\/rolfbenker.com\/wp-content\/uploads\/2023\/11\/rolf-benker-carpinteria-lapalma-360x478.jpg 360w, https:\/\/rolfbenker.com\/wp-content\/uploads\/2023\/11\/rolf-benker-carpinteria-lapalma.jpg 1536w\" sizes=\"auto, (max-width: 1157px) 100vw, 1157px\" \/ fetchpriority=\"low\"><\/p>\n","protected":false},"excerpt":{"rendered":"<p>Wie wir Ihnen am 13. Oktober mitgeteilt haben, haben wir in unserer Schreinerei an einigen wundersch\u00f6nen blauen Festlamellenjalousien gearbeitet. Und heute k\u00f6nnen wir bekannt geben, dass sie bereits beim Kunden zu Hause installiert sind.<\/p>\n","protected":false},"author":1,"featured_media":3133,"comment_status":"closed","ping_status":"closed","sticky":false,"template":"","format":"standard","meta":{"footnotes":""},"categories":[61],"tags":[163],"class_list":["post-3137","post","type-post","status-publish","format-standard","has-post-thumbnail","hentry","category-ventanas-y-puertas-aluminio-de","tag-feste-lamellenjalousien"],"_links":{"self":[{"href":"https:\/\/rolfbenker.com\/de\/wp-json\/wp\/v2\/posts\/3137","targetHints":{"allow":["GET"]}}],"collection":[{"href":"https:\/\/rolfbenker.com\/de\/wp-json\/wp\/v2\/posts"}],"about":[{"href":"https:\/\/rolfbenker.com\/de\/wp-json\/wp\/v2\/types\/post"}],"author":[{"embeddable":true,"href":"https:\/\/rolfbenker.com\/de\/wp-json\/wp\/v2\/users\/1"}],"replies":[{"embeddable":true,"href":"https:\/\/rolfbenker.com\/de\/wp-json\/wp\/v2\/comments?post=3137"}],"version-history":[{"count":2,"href":"https:\/\/rolfbenker.com\/de\/wp-json\/wp\/v2\/posts\/3137\/revisions"}],"predecessor-version":[{"id":3139,"href":"https:\/\/rolfbenker.com\/de\/wp-json\/wp\/v2\/posts\/3137\/revisions\/3139"}],"wp:featuredmedia":[{"embeddable":true,"href":"https:\/\/rolfbenker.com\/de\/wp-json\/wp\/v2\/media\/3133"}],"wp:attachment":[{"href":"https:\/\/rolfbenker.com\/de\/wp-json\/wp\/v2\/media?parent=3137"}],"wp:term":[{"taxonomy":"category","embeddable":true,"href":"https:\/\/rolfbenker.com\/de\/wp-json\/wp\/v2\/categories?post=3137"},{"taxonomy":"post_tag","embeddable":true,"href":"https:\/\/rolfbenker.com\/de\/wp-json\/wp\/v2\/tags?post=3137"}],"curies":[{"name":"wp","href":"https:\/\/api.w.org\/{rel}","templated":true}]}}