{"id":3185,"date":"2023-12-21T10:45:57","date_gmt":"2023-12-21T10:45:57","guid":{"rendered":"https:\/\/rolfbenker.com\/?p=3185"},"modified":"2023-12-18T11:01:59","modified_gmt":"2023-12-18T11:01:59","slug":"installation-von-fenstern-und-tueren-in-einem-privathaus","status":"publish","type":"post","link":"https:\/\/rolfbenker.com\/de\/installation-von-fenstern-und-tueren-in-einem-privathaus\/","title":{"rendered":"Installation von Fenstern und T\u00fcren in einem Privathaus"},"content":{"rendered":"<p>Es freut uns, eines unserer neuesten Projekte mit Ihnen zu teilen. Dieses Mal hatten wir die Ehre, die Installation und Montage von wei\u00dfen Fenstern und T\u00fcren in einer Residenz durchzuf\u00fchren, wobei Eleganz und Funktionalit\u00e4t kombiniert wurden, um einen gem\u00fctlichen und lichtdurchfluteten Raum zu schaffen.<!--more--><\/p>\n<p>Der strategische Einsatz von Aluminium- und Glast\u00fcren und -fenstern im Au\u00dfenbereich maximiert nicht nur den Einfall von nat\u00fcrlichem Licht, sondern schafft auch eine visuelle Verbindung zur atemberaubenden Umgebung von La Palma.<\/p>\n<p>Die Auswahl der Fenster und T\u00fcren erfolgte nicht nur aufgrund ihrer zeitlosen \u00c4sthetik, sondern auch aufgrund ihrer Langlebigkeit und Widerstandsf\u00e4higkeit. Bei Rolf Benker verstehen wir die Bedeutung des Gleichgewichts zwischen Form und Funktion, und diese Merkmale machen diese Installationen zu einer au\u00dfergew\u00f6hnlichen Wahl.<\/p>\n<p>Beim Betreten des Innenbereichs der Wohnung begegnet uns eine klassische und warme Atmosph\u00e4re. Die sorgf\u00e4ltig gestalteten und aus Holz gefertigten Innent\u00fcren verleihen jedem Raum traditionellen Charme und Gem\u00fctlichkeit. Die Wahl von Holz tr\u00e4gt nicht nur zur W\u00e4rme der Umgebung bei, sondern bietet auch Vielseitigkeit im Design und Haltbarkeit, die im Laufe der Zeit bestehen bleibt.<\/p>\n<p>Bei Rolf Benker sind wir stolz darauf, ma\u00dfgeschneiderte L\u00f6sungen anzubieten, die den spezifischen Geschmack und die Bed\u00fcrfnisse unserer Kunden ber\u00fccksichtigen. Dieses Projekt spiegelt unsere F\u00e4higkeit wider, hochwertige Materialien und handwerkliche Techniken zu vereinen, um R\u00e4ume zu schaffen, die sowohl \u00e4sthetisch ansprechend als auch funktional sind.<\/p>\n<p>Jedes Projekt, das wir in Angriff nehmen, ist eine Gelegenheit, unser Engagement f\u00fcr Exzellenz zu zeigen. Bei Rolf Benker bauen wir nicht nur Strukturen, sondern schaffen Umgebungen, die das t\u00e4gliche Leben unserer Kunden verbessern.<\/p>\n<p>Wenn Sie Ihr Zuhause transformieren m\u00f6chten, vertrauen Sie Rolf Benker, um Ihnen ma\u00dfgeschneiderte L\u00f6sungen anzubieten, die sich an Ihren Lebensstil und Ihre Vorlieben anpassen. <strong><a href=\"https:\/\/rolfbenker.com\/de\/kontakt\/\">Kontaktieren Sie uns und entdecken Sie<\/a><\/strong>, wie wir Ihre Designideen Wirklichkeit werden lassen k\u00f6nnen!<\/p>\n\n\t\t<style type=\"text\/css\">\n\t\t\t#gallery-1 {\n\t\t\t\tmargin: auto;\n\t\t\t}\n\t\t\t#gallery-1 .gallery-item {\n\t\t\t\tfloat: left;\n\t\t\t\tmargin-top: 10px;\n\t\t\t\ttext-align: center;\n\t\t\t\twidth: 25%;\n\t\t\t}\n\t\t\t#gallery-1 img {\n\t\t\t\tborder: 2px solid #cfcfcf;\n\t\t\t}\n\t\t\t#gallery-1 .gallery-caption {\n\t\t\t\tmargin-left: 0;\n\t\t\t}\n\t\t\t\/* see gallery_shortcode() in wp-includes\/media.php *\/\n\t\t<\/style>\n\t\t<div id='gallery-1' class='gallery galleryid-3185 gallery-columns-4 gallery-size-large'><dl class='gallery-item'>\n\t\t\t<dt class='gallery-icon portrait'>\n\t\t\t\t<a href='https:\/\/rolfbenker.com\/de\/installation-von-fenstern-und-tueren-in-einem-privathaus\/ventanas-aluminio-blancas-rolfbenker-2\/'><img width=\"771\" height=\"1024\" src=\"https:\/\/rolfbenker.com\/wp-content\/uploads\/2023\/12\/ventanas-aluminio-blancas-rolfbenker-771x1024.jpg\" class=\"attachment-large size-large\" alt=\"\" srcset=\"https:\/\/rolfbenker.com\/wp-content\/uploads\/2023\/12\/ventanas-aluminio-blancas-rolfbenker-771x1024.jpg 771w, https:\/\/rolfbenker.com\/wp-content\/uploads\/2023\/12\/ventanas-aluminio-blancas-rolfbenker-226x300.jpg 226w, https:\/\/rolfbenker.com\/wp-content\/uploads\/2023\/12\/ventanas-aluminio-blancas-rolfbenker-768x1021.jpg 768w, https:\/\/rolfbenker.com\/wp-content\/uploads\/2023\/12\/ventanas-aluminio-blancas-rolfbenker-1156x1536.jpg 1156w, https:\/\/rolfbenker.com\/wp-content\/uploads\/2023\/12\/ventanas-aluminio-blancas-rolfbenker-271x360.jpg 271w, https:\/\/rolfbenker.com\/wp-content\/uploads\/2023\/12\/ventanas-aluminio-blancas-rolfbenker-1200x1595.jpg 1200w, https:\/\/rolfbenker.com\/wp-content\/uploads\/2023\/12\/ventanas-aluminio-blancas-rolfbenker-360x478.jpg 360w, https:\/\/rolfbenker.com\/wp-content\/uploads\/2023\/12\/ventanas-aluminio-blancas-rolfbenker.jpg 1204w\" sizes=\"(max-width: 771px) 100vw, 771px\" decoding=\"async\" fetchpriority=\"high\" title=\"\" loading=\"lazy\"><\/a>\n\t\t\t<\/dt><\/dl><dl class='gallery-item'>\n\t\t\t<dt class='gallery-icon portrait'>\n\t\t\t\t<a href='https:\/\/rolfbenker.com\/de\/installation-von-fenstern-und-tueren-in-einem-privathaus\/rolfbenker-carpinteria-lapalma-6-2\/'><img width=\"771\" height=\"1024\" src=\"https:\/\/rolfbenker.com\/wp-content\/uploads\/2023\/12\/rolfbenker-carpinteria-lapalma-771x1024.jpg\" class=\"attachment-large size-large\" alt=\"\" srcset=\"https:\/\/rolfbenker.com\/wp-content\/uploads\/2023\/12\/rolfbenker-carpinteria-lapalma-771x1024.jpg 771w, https:\/\/rolfbenker.com\/wp-content\/uploads\/2023\/12\/rolfbenker-carpinteria-lapalma-226x300.jpg 226w, https:\/\/rolfbenker.com\/wp-content\/uploads\/2023\/12\/rolfbenker-carpinteria-lapalma-768x1021.jpg 768w, https:\/\/rolfbenker.com\/wp-content\/uploads\/2023\/12\/rolfbenker-carpinteria-lapalma-1156x1536.jpg 1156w, https:\/\/rolfbenker.com\/wp-content\/uploads\/2023\/12\/rolfbenker-carpinteria-lapalma-271x360.jpg 271w, https:\/\/rolfbenker.com\/wp-content\/uploads\/2023\/12\/rolfbenker-carpinteria-lapalma-1200x1595.jpg 1200w, https:\/\/rolfbenker.com\/wp-content\/uploads\/2023\/12\/rolfbenker-carpinteria-lapalma-360x478.jpg 360w, https:\/\/rolfbenker.com\/wp-content\/uploads\/2023\/12\/rolfbenker-carpinteria-lapalma.jpg 1204w\" sizes=\"auto, (max-width: 771px) 100vw, 771px\" loading=\"lazy\" decoding=\"async\" fetchpriority=\"low\" title=\"\"><\/a>\n\t\t\t<\/dt><\/dl><dl class='gallery-item'>\n\t\t\t<dt class='gallery-icon portrait'>\n\t\t\t\t<a href='https:\/\/rolfbenker.com\/de\/installation-von-fenstern-und-tueren-in-einem-privathaus\/puerta-cristal-rolfbenker-2-2\/'><img width=\"771\" height=\"1024\" src=\"https:\/\/rolfbenker.com\/wp-content\/uploads\/2023\/12\/puerta-cristal-rolfbenker-771x1024.jpg\" class=\"attachment-large size-large\" alt=\"\" srcset=\"https:\/\/rolfbenker.com\/wp-content\/uploads\/2023\/12\/puerta-cristal-rolfbenker-771x1024.jpg 771w, https:\/\/rolfbenker.com\/wp-content\/uploads\/2023\/12\/puerta-cristal-rolfbenker-226x300.jpg 226w, https:\/\/rolfbenker.com\/wp-content\/uploads\/2023\/12\/puerta-cristal-rolfbenker-768x1021.jpg 768w, https:\/\/rolfbenker.com\/wp-content\/uploads\/2023\/12\/puerta-cristal-rolfbenker-1156x1536.jpg 1156w, https:\/\/rolfbenker.com\/wp-content\/uploads\/2023\/12\/puerta-cristal-rolfbenker-271x360.jpg 271w, https:\/\/rolfbenker.com\/wp-content\/uploads\/2023\/12\/puerta-cristal-rolfbenker-1200x1595.jpg 1200w, https:\/\/rolfbenker.com\/wp-content\/uploads\/2023\/12\/puerta-cristal-rolfbenker-360x478.jpg 360w, https:\/\/rolfbenker.com\/wp-content\/uploads\/2023\/12\/puerta-cristal-rolfbenker.jpg 1204w\" sizes=\"auto, (max-width: 771px) 100vw, 771px\" loading=\"lazy\" decoding=\"async\" fetchpriority=\"low\" title=\"\"><\/a>\n\t\t\t<\/dt><\/dl><dl class='gallery-item'>\n\t\t\t<dt class='gallery-icon portrait'>\n\t\t\t\t<a href='https:\/\/rolfbenker.com\/de\/installation-von-fenstern-und-tueren-in-einem-privathaus\/rolf-benker-carpinteria-2\/'><img width=\"771\" height=\"1024\" src=\"https:\/\/rolfbenker.com\/wp-content\/uploads\/2023\/12\/rolf-benker-carpinteria-771x1024.jpg\" class=\"attachment-large size-large\" alt=\"\" srcset=\"https:\/\/rolfbenker.com\/wp-content\/uploads\/2023\/12\/rolf-benker-carpinteria-771x1024.jpg 771w, https:\/\/rolfbenker.com\/wp-content\/uploads\/2023\/12\/rolf-benker-carpinteria-226x300.jpg 226w, https:\/\/rolfbenker.com\/wp-content\/uploads\/2023\/12\/rolf-benker-carpinteria-768x1021.jpg 768w, https:\/\/rolfbenker.com\/wp-content\/uploads\/2023\/12\/rolf-benker-carpinteria-1156x1536.jpg 1156w, https:\/\/rolfbenker.com\/wp-content\/uploads\/2023\/12\/rolf-benker-carpinteria-271x360.jpg 271w, https:\/\/rolfbenker.com\/wp-content\/uploads\/2023\/12\/rolf-benker-carpinteria-1200x1595.jpg 1200w, https:\/\/rolfbenker.com\/wp-content\/uploads\/2023\/12\/rolf-benker-carpinteria-360x478.jpg 360w, https:\/\/rolfbenker.com\/wp-content\/uploads\/2023\/12\/rolf-benker-carpinteria.jpg 1204w\" sizes=\"auto, (max-width: 771px) 100vw, 771px\" loading=\"lazy\" decoding=\"async\" fetchpriority=\"low\" title=\"\"><\/a>\n\t\t\t<\/dt><\/dl><br style=\"clear: both\" \/><dl class='gallery-item'>\n\t\t\t<dt class='gallery-icon portrait'>\n\t\t\t\t<a href='https:\/\/rolfbenker.com\/de\/installation-von-fenstern-und-tueren-in-einem-privathaus\/rolfbenker-6-2\/'><img width=\"765\" height=\"1024\" src=\"https:\/\/rolfbenker.com\/wp-content\/uploads\/2023\/12\/rolfbenker-765x1024.jpg\" class=\"attachment-large size-large\" alt=\"\" srcset=\"https:\/\/rolfbenker.com\/wp-content\/uploads\/2023\/12\/rolfbenker-765x1024.jpg 765w, https:\/\/rolfbenker.com\/wp-content\/uploads\/2023\/12\/rolfbenker-224x300.jpg 224w, https:\/\/rolfbenker.com\/wp-content\/uploads\/2023\/12\/rolfbenker-768x1028.jpg 768w, https:\/\/rolfbenker.com\/wp-content\/uploads\/2023\/12\/rolfbenker-269x360.jpg 269w, https:\/\/rolfbenker.com\/wp-content\/uploads\/2023\/12\/rolfbenker-360x482.jpg 360w, https:\/\/rolfbenker.com\/wp-content\/uploads\/2023\/12\/rolfbenker.jpg 968w\" sizes=\"auto, (max-width: 765px) 100vw, 765px\" loading=\"lazy\" decoding=\"async\" fetchpriority=\"low\" title=\"\"><\/a>\n\t\t\t<\/dt><\/dl><dl class='gallery-item'>\n\t\t\t<dt class='gallery-icon portrait'>\n\t\t\t\t<a href='https:\/\/rolfbenker.com\/de\/installation-von-fenstern-und-tueren-in-einem-privathaus\/puertainterior-rolfbenker-lapalma-2\/'><img width=\"765\" height=\"1024\" src=\"https:\/\/rolfbenker.com\/wp-content\/uploads\/2023\/12\/puertainterior-rolfbenker-lapalma-765x1024.jpg\" class=\"attachment-large size-large\" alt=\"\" srcset=\"https:\/\/rolfbenker.com\/wp-content\/uploads\/2023\/12\/puertainterior-rolfbenker-lapalma-765x1024.jpg 765w, https:\/\/rolfbenker.com\/wp-content\/uploads\/2023\/12\/puertainterior-rolfbenker-lapalma-224x300.jpg 224w, https:\/\/rolfbenker.com\/wp-content\/uploads\/2023\/12\/puertainterior-rolfbenker-lapalma-768x1028.jpg 768w, https:\/\/rolfbenker.com\/wp-content\/uploads\/2023\/12\/puertainterior-rolfbenker-lapalma-269x360.jpg 269w, https:\/\/rolfbenker.com\/wp-content\/uploads\/2023\/12\/puertainterior-rolfbenker-lapalma-360x482.jpg 360w, https:\/\/rolfbenker.com\/wp-content\/uploads\/2023\/12\/puertainterior-rolfbenker-lapalma.jpg 968w\" sizes=\"auto, (max-width: 765px) 100vw, 765px\" loading=\"lazy\" decoding=\"async\" fetchpriority=\"low\" title=\"\"><\/a>\n\t\t\t<\/dt><\/dl><dl class='gallery-item'>\n\t\t\t<dt class='gallery-icon portrait'>\n\t\t\t\t<a href='https:\/\/rolfbenker.com\/de\/installation-von-fenstern-und-tueren-in-einem-privathaus\/ventanas-aluminio-rolfbenker-lapalma-2-2\/'><img width=\"765\" height=\"1024\" src=\"https:\/\/rolfbenker.com\/wp-content\/uploads\/2023\/12\/ventanas-aluminio-rolfbenker-lapalma-765x1024.jpg\" class=\"attachment-large size-large\" alt=\"\" srcset=\"https:\/\/rolfbenker.com\/wp-content\/uploads\/2023\/12\/ventanas-aluminio-rolfbenker-lapalma-765x1024.jpg 765w, https:\/\/rolfbenker.com\/wp-content\/uploads\/2023\/12\/ventanas-aluminio-rolfbenker-lapalma-224x300.jpg 224w, https:\/\/rolfbenker.com\/wp-content\/uploads\/2023\/12\/ventanas-aluminio-rolfbenker-lapalma-768x1028.jpg 768w, https:\/\/rolfbenker.com\/wp-content\/uploads\/2023\/12\/ventanas-aluminio-rolfbenker-lapalma-269x360.jpg 269w, https:\/\/rolfbenker.com\/wp-content\/uploads\/2023\/12\/ventanas-aluminio-rolfbenker-lapalma-360x482.jpg 360w, https:\/\/rolfbenker.com\/wp-content\/uploads\/2023\/12\/ventanas-aluminio-rolfbenker-lapalma.jpg 968w\" sizes=\"auto, (max-width: 765px) 100vw, 765px\" loading=\"lazy\" decoding=\"async\" fetchpriority=\"low\" title=\"\"><\/a>\n\t\t\t<\/dt><\/dl><dl class='gallery-item'>\n\t\t\t<dt class='gallery-icon portrait'>\n\t\t\t\t<a href='https:\/\/rolfbenker.com\/de\/installation-von-fenstern-und-tueren-in-einem-privathaus\/ventanas-aluminio-rolfbenker-carpinteria-2\/'><img width=\"765\" height=\"1024\" src=\"https:\/\/rolfbenker.com\/wp-content\/uploads\/2023\/12\/ventanas-aluminio-rolfbenker-carpinteria-765x1024.jpg\" class=\"attachment-large size-large\" alt=\"\" srcset=\"https:\/\/rolfbenker.com\/wp-content\/uploads\/2023\/12\/ventanas-aluminio-rolfbenker-carpinteria-765x1024.jpg 765w, https:\/\/rolfbenker.com\/wp-content\/uploads\/2023\/12\/ventanas-aluminio-rolfbenker-carpinteria-224x300.jpg 224w, https:\/\/rolfbenker.com\/wp-content\/uploads\/2023\/12\/ventanas-aluminio-rolfbenker-carpinteria-768x1028.jpg 768w, https:\/\/rolfbenker.com\/wp-content\/uploads\/2023\/12\/ventanas-aluminio-rolfbenker-carpinteria-269x360.jpg 269w, https:\/\/rolfbenker.com\/wp-content\/uploads\/2023\/12\/ventanas-aluminio-rolfbenker-carpinteria-360x482.jpg 360w, https:\/\/rolfbenker.com\/wp-content\/uploads\/2023\/12\/ventanas-aluminio-rolfbenker-carpinteria.jpg 968w\" sizes=\"auto, (max-width: 765px) 100vw, 765px\" loading=\"lazy\" decoding=\"async\" fetchpriority=\"low\" title=\"\"><\/a>\n\t\t\t<\/dt><\/dl><br style=\"clear: both\" \/>\n\t\t<\/div>\n\n","protected":false},"excerpt":{"rendered":"<p>Es freut uns, eines unserer neuesten Projekte mit Ihnen zu teilen. Dieses Mal hatten wir die Ehre, die Installation und Montage von wei\u00dfen Fenstern und T\u00fcren in einer Residenz durchzuf\u00fchren, wobei Eleganz und Funktionalit\u00e4t kombiniert wurden, um einen gem\u00fctlichen und&#8230;<\/p>\n","protected":false},"author":1,"featured_media":3179,"comment_status":"closed","ping_status":"closed","sticky":false,"template":"","format":"standard","meta":{"footnotes":""},"categories":[61],"tags":[179,172],"class_list":["post-3185","post","type-post","status-publish","format-standard","has-post-thumbnail","hentry","category-ventanas-y-puertas-aluminio-de","tag-fenstern-und-tueren","tag-puerta-aluminio-2"],"_links":{"self":[{"href":"https:\/\/rolfbenker.com\/de\/wp-json\/wp\/v2\/posts\/3185","targetHints":{"allow":["GET"]}}],"collection":[{"href":"https:\/\/rolfbenker.com\/de\/wp-json\/wp\/v2\/posts"}],"about":[{"href":"https:\/\/rolfbenker.com\/de\/wp-json\/wp\/v2\/types\/post"}],"author":[{"embeddable":true,"href":"https:\/\/rolfbenker.com\/de\/wp-json\/wp\/v2\/users\/1"}],"replies":[{"embeddable":true,"href":"https:\/\/rolfbenker.com\/de\/wp-json\/wp\/v2\/comments?post=3185"}],"version-history":[{"count":2,"href":"https:\/\/rolfbenker.com\/de\/wp-json\/wp\/v2\/posts\/3185\/revisions"}],"predecessor-version":[{"id":3187,"href":"https:\/\/rolfbenker.com\/de\/wp-json\/wp\/v2\/posts\/3185\/revisions\/3187"}],"wp:featuredmedia":[{"embeddable":true,"href":"https:\/\/rolfbenker.com\/de\/wp-json\/wp\/v2\/media\/3179"}],"wp:attachment":[{"href":"https:\/\/rolfbenker.com\/de\/wp-json\/wp\/v2\/media?parent=3185"}],"wp:term":[{"taxonomy":"category","embeddable":true,"href":"https:\/\/rolfbenker.com\/de\/wp-json\/wp\/v2\/categories?post=3185"},{"taxonomy":"post_tag","embeddable":true,"href":"https:\/\/rolfbenker.com\/de\/wp-json\/wp\/v2\/tags?post=3185"}],"curies":[{"name":"wp","href":"https:\/\/api.w.org\/{rel}","templated":true}]}}