{"id":3226,"date":"2024-01-22T09:32:54","date_gmt":"2024-01-22T09:32:54","guid":{"rendered":"https:\/\/rolfbenker.com\/diseno-e-instalacion-de-puertas-de-madera-y-cristal-acabado-verde\/"},"modified":"2024-01-22T09:38:14","modified_gmt":"2024-01-22T09:38:14","slug":"design-und-installation-von-holz-und-glastueren-mit-gruener-oberflaeche-eleganz-die-inspiriert","status":"publish","type":"post","link":"https:\/\/rolfbenker.com\/de\/design-und-installation-von-holz-und-glastueren-mit-gruener-oberflaeche-eleganz-die-inspiriert\/","title":{"rendered":"Design und Installation von Holz- und Glast\u00fcren mit gr\u00fcner Oberfl\u00e4che: Eleganz, die inspiriert"},"content":{"rendered":"<p>Das Gr\u00fcn, eine Farbe, die die Frische der Natur heraufbeschw\u00f6rt, wurde als perfekte Wahl f\u00fcr diese Eingangst\u00fcren getroffen, die sich als stilisierte W\u00e4chter dieses Wohnhauses erheben. Die ausgew\u00e4hlte Schattierung f\u00fcgt nicht nur einen Hauch von Ruhe und Ausgeglichenheit hinzu, sondern verschmilzt auch harmonisch mit der Umgebung.<\/p>\n<p><strong><!--more--><\/strong><\/p>\n<p><strong>Holz und Glas: Eine harmonische Kombination:<\/strong><\/p>\n<p>Die Wahl von Holz und Glas f\u00fcr diese Eingangst\u00fcren erfolgte nicht zuf\u00e4llig. Beide Materialien bringen eine nat\u00fcrliche W\u00e4rme und Helligkeit ein, die den Eingang des Wohnhauses vollst\u00e4ndig verwandeln. Das Holz mit seinen einzigartigen Maserungen und Texturen verleiht einen Hauch von Authentizit\u00e4t, w\u00e4hrend das Glas den Raum visuell erweitert und den Eintritt von Tageslicht erm\u00f6glicht.<\/p>\n<p><img decoding=\"async\" class=\"alignnone wp-image-3223 size-1536x1536\" src=\"https:\/\/rolfbenker.com\/wp-content\/uploads\/2024\/01\/puerta-aluminio-rolfbenker-vivienda-1536x1152.jpg\" alt=\"\" width=\"1536\" height=\"1152\" title=\"\" srcset=\"https:\/\/rolfbenker.com\/wp-content\/uploads\/2024\/01\/puerta-aluminio-rolfbenker-vivienda-1536x1152.jpg 1536w, https:\/\/rolfbenker.com\/wp-content\/uploads\/2024\/01\/puerta-aluminio-rolfbenker-vivienda-300x225.jpg 300w, https:\/\/rolfbenker.com\/wp-content\/uploads\/2024\/01\/puerta-aluminio-rolfbenker-vivienda-1024x768.jpg 1024w, https:\/\/rolfbenker.com\/wp-content\/uploads\/2024\/01\/puerta-aluminio-rolfbenker-vivienda-768x576.jpg 768w, https:\/\/rolfbenker.com\/wp-content\/uploads\/2024\/01\/puerta-aluminio-rolfbenker-vivienda-370x278.jpg 370w, https:\/\/rolfbenker.com\/wp-content\/uploads\/2024\/01\/puerta-aluminio-rolfbenker-vivienda-1200x900.jpg 1200w, https:\/\/rolfbenker.com\/wp-content\/uploads\/2024\/01\/puerta-aluminio-rolfbenker-vivienda-360x270.jpg 360w, https:\/\/rolfbenker.com\/wp-content\/uploads\/2024\/01\/puerta-aluminio-rolfbenker-vivienda.jpg 1600w\" sizes=\"auto, (max-width: 1536px) 100vw, 1536px\" \/ fetchpriority=\"high\"><\/p>\n<div class=\"flex-1 overflow-hidden\">\n<div class=\"react-scroll-to-bottom--css-cditi-79elbk h-full\">\n<div class=\"react-scroll-to-bottom--css-cditi-1n7m0yu\">\n<div class=\"flex flex-col pb-9 text-sm\">\n<div class=\"w-full text-token-text-primary\" data-testid=\"conversation-turn-13\">\n<div class=\"px-4 py-2 justify-center text-base md:gap-6 m-auto\">\n<div class=\"flex flex-1 text-base mx-auto gap-3 md:px-5 lg:px-1 xl:px-5 md:max-w-3xl lg:max-w-[40rem] xl:max-w-[48rem] group final-completion\">\n<div class=\"relative flex w-full flex-col lg:w-[calc(100%-115px)] agent-turn\">\n<div class=\"flex-col gap-1 md:gap-3\">\n<div class=\"flex flex-grow flex-col max-w-full\">\n<div class=\"min-h-[20px] text-message flex flex-col items-start gap-3 whitespace-pre-wrap break-words [.text-message+&amp;]:mt-5 overflow-x-auto\" data-message-author-role=\"assistant\" data-message-id=\"250f3815-db42-4c05-a8a9-60f46e235526\">\n<div class=\"markdown prose w-full break-words dark:prose-invert light\">\n<p><strong>Das fesselnde Gr\u00fcn:<\/strong><\/p>\n<p>Die ausgew\u00e4hlte gr\u00fcne Farbe f\u00fcr diese T\u00fcren ist mehr als nur eine \u00e4sthetische Wahl; sie ist eine Aussage \u00fcber Stil und Harmonie mit der Natur. Die gr\u00fcne Schattierung, inspiriert von der Frische der Vegetation, integriert sich erstaunlich gut in die Umgebung und wird zu einem verbindenden Element mit der nat\u00fcrlichen Sch\u00f6nheit, die das Wohnhaus umgibt.<\/p>\n<p><strong>Ein inspirierendes Design:<\/strong><\/p>\n<p>Unser Team von Fachleuten hat sich auf die Schaffung eines Designs begeben, das nicht nur visuell beeindruckend, sondern auch funktional ist. Die klaren Linien und die Fusion von Holz und Glas schaffen nicht nur einen beeindruckenden Eingang, sondern vermitteln auch ein Gef\u00fchl von Offenheit und Willkommen.<\/p>\n<p>Bei Rolf Benker Carpinter\u00eda sind wir bestrebt, Projekte durchzuf\u00fchren, die nicht nur R\u00e4ume versch\u00f6nern, sondern auch die Art und Weise ver\u00e4ndern, wie wir unsere H\u00e4user leben und erleben. Bist du bereit, die T\u00fcren zu einer neuen \u00c4ra des Designs zu \u00f6ffnen? Wir sind bereit, dich auf jedem Schritt des Weges zu begleiten! <strong>Kontaktiere uns unverbindlich.<\/strong><\/p>\n<\/div>\n<\/div>\n<\/div>\n<\/div>\n<\/div>\n<\/div>\n<\/div>\n<\/div>\n<\/div>\n<\/div>\n<\/div>\n<\/div>\n<div class=\"w-full pt-2 md:pt-0 dark:border-white\/20 md:border-transparent md:dark:border-transparent md:w-[calc(100%-.5rem)]\">\n<form class=\"stretch mx-2 flex flex-row gap-3 last:mb-2 md:mx-4 md:last:mb-6 lg:mx-auto lg:max-w-2xl xl:max-w-3xl\">\n<div class=\"relative flex h-full flex-1 items-stretch md:flex-col\">\n<div class=\"flex w-full items-center\"><\/div>\n<\/div>\n<\/form>\n<\/div>\n<p><img loading=\"lazy\" decoding=\"async\" class=\"alignnone size-1536x1536 wp-image-3219\" src=\"https:\/\/rolfbenker.com\/wp-content\/uploads\/2024\/01\/puerta-aluminio-rolfbenker-1152x1536.jpg\" alt=\"\" width=\"1152\" height=\"1536\" title=\"\" srcset=\"https:\/\/rolfbenker.com\/wp-content\/uploads\/2024\/01\/puerta-aluminio-rolfbenker-1152x1536.jpg 1152w, https:\/\/rolfbenker.com\/wp-content\/uploads\/2024\/01\/puerta-aluminio-rolfbenker-225x300.jpg 225w, https:\/\/rolfbenker.com\/wp-content\/uploads\/2024\/01\/puerta-aluminio-rolfbenker-768x1024.jpg 768w, https:\/\/rolfbenker.com\/wp-content\/uploads\/2024\/01\/puerta-aluminio-rolfbenker-270x360.jpg 270w, https:\/\/rolfbenker.com\/wp-content\/uploads\/2024\/01\/puerta-aluminio-rolfbenker-360x480.jpg 360w, https:\/\/rolfbenker.com\/wp-content\/uploads\/2024\/01\/puerta-aluminio-rolfbenker.jpg 1200w\" sizes=\"auto, (max-width: 1152px) 100vw, 1152px\" \/ fetchpriority=\"low\"><\/p>\n<p>&nbsp;<\/p>\n","protected":false},"excerpt":{"rendered":"<p>Das Gr\u00fcn, eine Farbe, die die Frische der Natur heraufbeschw\u00f6rt, wurde als perfekte Wahl f\u00fcr diese Eingangst\u00fcren getroffen, die sich als stilisierte W\u00e4chter dieses Wohnhauses erheben. Die ausgew\u00e4hlte Schattierung f\u00fcgt nicht nur einen Hauch von Ruhe und Ausgeglichenheit hinzu, sondern&#8230;<\/p>\n","protected":false},"author":1,"featured_media":3222,"comment_status":"closed","ping_status":"closed","sticky":false,"template":"","format":"standard","meta":{"footnotes":""},"categories":[184],"tags":[76],"class_list":["post-3226","post","type-post","status-publish","format-standard","has-post-thumbnail","hentry","category-puertas-madera-de","tag-puertas-de"],"_links":{"self":[{"href":"https:\/\/rolfbenker.com\/de\/wp-json\/wp\/v2\/posts\/3226","targetHints":{"allow":["GET"]}}],"collection":[{"href":"https:\/\/rolfbenker.com\/de\/wp-json\/wp\/v2\/posts"}],"about":[{"href":"https:\/\/rolfbenker.com\/de\/wp-json\/wp\/v2\/types\/post"}],"author":[{"embeddable":true,"href":"https:\/\/rolfbenker.com\/de\/wp-json\/wp\/v2\/users\/1"}],"replies":[{"embeddable":true,"href":"https:\/\/rolfbenker.com\/de\/wp-json\/wp\/v2\/comments?post=3226"}],"version-history":[{"count":4,"href":"https:\/\/rolfbenker.com\/de\/wp-json\/wp\/v2\/posts\/3226\/revisions"}],"predecessor-version":[{"id":3233,"href":"https:\/\/rolfbenker.com\/de\/wp-json\/wp\/v2\/posts\/3226\/revisions\/3233"}],"wp:featuredmedia":[{"embeddable":true,"href":"https:\/\/rolfbenker.com\/de\/wp-json\/wp\/v2\/media\/3222"}],"wp:attachment":[{"href":"https:\/\/rolfbenker.com\/de\/wp-json\/wp\/v2\/media?parent=3226"}],"wp:term":[{"taxonomy":"category","embeddable":true,"href":"https:\/\/rolfbenker.com\/de\/wp-json\/wp\/v2\/categories?post=3226"},{"taxonomy":"post_tag","embeddable":true,"href":"https:\/\/rolfbenker.com\/de\/wp-json\/wp\/v2\/tags?post=3226"}],"curies":[{"name":"wp","href":"https:\/\/api.w.org\/{rel}","templated":true}]}}