{"id":3248,"date":"2024-01-30T08:56:11","date_gmt":"2024-01-30T08:56:11","guid":{"rendered":"https:\/\/rolfbenker.com\/?p=3248"},"modified":"2024-01-23T09:11:53","modified_gmt":"2024-01-23T09:11:53","slug":"rolf-benker-carpinteria-massgefertigte-moebel-die-deinen-stil-widerspiegeln","status":"publish","type":"post","link":"https:\/\/rolfbenker.com\/de\/rolf-benker-carpinteria-massgefertigte-moebel-die-deinen-stil-widerspiegeln\/","title":{"rendered":"Rolf Benker Carpinter\u00eda: Ma\u00dfgefertigte M\u00f6bel, die deinen Stil widerspiegeln"},"content":{"rendered":"<p>Im Bereich der Schreinerei ist die F\u00e4higkeit, ma\u00dfgefertigte M\u00f6bel zu schaffen, eine Kunst, die \u00fcber die einfache Funktionalit\u00e4t hinausgeht. Bei Rolf Benker Carpinter\u00eda sind wir stolz darauf, unseren Service f\u00fcr die Gestaltung von ma\u00dfgeschneiderten M\u00f6beln vorzustellen, bei dem jedes St\u00fcck zu einem einzigartigen Meisterwerk wird. In diesem Zusammenhang m\u00f6chten wir besonders unseren au\u00dfergew\u00f6hnlichen Kleiderschrank aus massiver Eiche hervorheben, ein Beispiel f\u00fcr die Handwerkskunst und Eleganz, die wir bieten.<\/p>\n<p><!--more--><\/p>\n<p><strong>Die Kunst des individuellen Designs<\/strong><\/p>\n<p>Bei Rolf Benker verstehen wir, dass jeder Raum seine eigene Pers\u00f6nlichkeit hat und jeder Kunde seine eigenen Visionen und Bed\u00fcrfnisse hat. Daher haben wir uns auf das Design von ma\u00dfgeschneiderten M\u00f6beln spezialisiert und bringen Kreativit\u00e4t und Pr\u00e4zision in jedes Projekt ein. Unser Team hochqualifizierter Handwerker arbeitet eng mit Ihnen zusammen, um Ihre Ideen in au\u00dfergew\u00f6hnliche M\u00f6belst\u00fccke zu verwandeln.<\/p>\n<p><strong>Massiver Eichenholzschrank: Eleganz und Langlebigkeit<\/strong><\/p>\n<p>Unser neuestes herausragendes Projekt ist ein beeindruckender Kleiderschrank aus massiver Eiche, ein Ausdruck von Qualit\u00e4t und Sch\u00f6nheit, die mit nat\u00fcrlichen Materialien erreicht werden k\u00f6nnen. Die Eiche, bekannt f\u00fcr ihre Widerstandsf\u00e4higkeit und Langlebigkeit, bietet nicht nur eine zeitlose \u00c4sthetik, sondern gew\u00e4hrleistet auch, dass Ihr Kleiderschrank eine langfristige Investition ist.<\/p>\n<p>Mit klaren Linien und makelloser Verarbeitung ist dieser Schrank nicht nur funktional, sondern auch eine Stil\u00e4u\u00dferung. Das massive Eichenholz verleiht eine warme und einladende Atmosph\u00e4re und f\u00fcgt jedem Raum Charakter hinzu. Ob im Schlafzimmer, Wohnzimmer oder Flur \u2013 dieser Schrank f\u00fcgt sich nahtlos ein und verbessert die \u00c4sthetik Ihres Zuhauses.<\/p>\n<p><strong>Umfassender Service: Vom Design bis zur Installation<\/strong><\/p>\n<p>Was Rolf Benker Carpinter\u00eda auszeichnet, ist unser ganzheitlicher Ansatz. Wir entwerfen nicht nur ma\u00dfgeschneiderte M\u00f6bel, sondern k\u00fcmmern uns auch um die Herstellung und Installation. Vom ersten Entwurf bis zum letzten Zentimeter, der an seinen Platz gesetzt wird, wird jeder Schritt des Prozesses mit Pr\u00e4zision und Liebe zum Detail durchgef\u00fchrt.<\/p>\n<p>Unser Designteam arbeitet eng mit Ihnen zusammen, um Ihre Bed\u00fcrfnisse und Vorlieben zu verstehen. Von dort aus tauchen unsere erfahrenen Handwerker in die Sch\u00f6pfung ein, verwenden traditionelle Techniken und die neuesten Innovationen, um Ihre Vision zum Leben zu erwecken. Die abschlie\u00dfende Installation wird von Fachleuten durchgef\u00fchrt, um sicherzustellen, dass Ihr ma\u00dfgefertigtes M\u00f6belst\u00fcck perfekt an seinem vorgesehenen Ort passt.<\/p>\n<p><strong>Die Rolf Benker Erfahrung: Qualit\u00e4t, die Bestand hat<\/strong><\/p>\n<p>Bei Rolf Benker Carpinter\u00eda schaffen wir nicht nur ma\u00dfgefertigte M\u00f6bel, sondern bauen auch dauerhafte Erfahrungen. Jedes M\u00f6belst\u00fcck ist ein Ausdruck unserer Hingabe zur Qualit\u00e4t und handwerklichen Exzellenz. Wenn Sie sich f\u00fcr unseren Service entscheiden, investieren Sie in zeitlose \u00c4sthetik und Langlebigkeit.<\/p>\n<p>Dar\u00fcber hinaus erm\u00f6glicht die Vielseitigkeit unserer ma\u00dfgeschneiderten Designs eine Anpassung an jeden Stil, von klassisch bis zeitgen\u00f6ssisch. Ob Sie einen Schrank, ein Regal, einen Tisch oder ein anderes M\u00f6belst\u00fcck suchen, wir sind bestrebt, Ihre Erwartungen zu \u00fcbertreffen.<\/p>\n<p><strong>Fazit: Ihr Stil, Ihr Raum, unsere Spezialit\u00e4t<\/strong><\/p>\n<p>Bei Rolf Benker Carpinter\u00eda sind wir der Meinung, dass jeder Winkel Ihres Zuhauses etwas Besonderes verdient. Mit unserem Service f\u00fcr ma\u00dfgeschneiderte M\u00f6bel bieten wir Ihnen die M\u00f6glichkeit, jedes Detail nach Ihrem Stil und Ihren einzigartigen Bed\u00fcrfnissen anzupassen. Vom Design bis zur Installation bem\u00fchen wir uns, Ihre Vision in eine greifbare Realit\u00e4t umzusetzen.<\/p>\n<p>Wenn Sie bereit sind, Ihre R\u00e4ume mit ma\u00dfgefertigten M\u00f6beln zu transformieren, die Ihre Pers\u00f6nlichkeit widerspiegeln,<a href=\"https:\/\/rolfbenker.com\/de\/kontakt\/\"> kontaktieren Sie uns bei Rolf Benker Carpinter\u00eda<\/a>! Wir stehen bereit, Ihre Ideen in au\u00dfergew\u00f6hnliche Kreationen umzuwandeln, die im Laufe der Zeit Bestand haben werden. Ihr Zuhause, Ihr Stil, unsere Spezialit\u00e4t.<\/p>\n\n\t\t<style type=\"text\/css\">\n\t\t\t#gallery-1 {\n\t\t\t\tmargin: auto;\n\t\t\t}\n\t\t\t#gallery-1 .gallery-item {\n\t\t\t\tfloat: left;\n\t\t\t\tmargin-top: 10px;\n\t\t\t\ttext-align: center;\n\t\t\t\twidth: 33%;\n\t\t\t}\n\t\t\t#gallery-1 img {\n\t\t\t\tborder: 2px solid #cfcfcf;\n\t\t\t}\n\t\t\t#gallery-1 .gallery-caption {\n\t\t\t\tmargin-left: 0;\n\t\t\t}\n\t\t\t\/* see gallery_shortcode() in wp-includes\/media.php *\/\n\t\t<\/style>\n\t\t<div id='gallery-1' class='gallery galleryid-3248 gallery-columns-3 gallery-size-large'><dl class='gallery-item'>\n\t\t\t<dt class='gallery-icon portrait'>\n\t\t\t\t<a href='https:\/\/rolfbenker.com\/de\/rolf-benker-carpinteria-massgefertigte-moebel-die-deinen-stil-widerspiegeln\/armario-medida-rolfbenker-2-2\/'><img width=\"768\" height=\"1024\" src=\"https:\/\/rolfbenker.com\/wp-content\/uploads\/2024\/01\/armario-medida-rolfbenker-1-768x1024.jpg\" class=\"attachment-large size-large\" alt=\"Muebles a medida en Rolf Benker\" srcset=\"https:\/\/rolfbenker.com\/wp-content\/uploads\/2024\/01\/armario-medida-rolfbenker-1-768x1024.jpg 768w, https:\/\/rolfbenker.com\/wp-content\/uploads\/2024\/01\/armario-medida-rolfbenker-1-225x300.jpg 225w, https:\/\/rolfbenker.com\/wp-content\/uploads\/2024\/01\/armario-medida-rolfbenker-1-1152x1536.jpg 1152w, https:\/\/rolfbenker.com\/wp-content\/uploads\/2024\/01\/armario-medida-rolfbenker-1-270x360.jpg 270w, https:\/\/rolfbenker.com\/wp-content\/uploads\/2024\/01\/armario-medida-rolfbenker-1-360x480.jpg 360w, https:\/\/rolfbenker.com\/wp-content\/uploads\/2024\/01\/armario-medida-rolfbenker-1.jpg 1200w\" sizes=\"(max-width: 768px) 100vw, 768px\" decoding=\"async\" fetchpriority=\"high\" title=\"\" loading=\"lazy\"><\/a>\n\t\t\t<\/dt><\/dl><dl class='gallery-item'>\n\t\t\t<dt class='gallery-icon portrait'>\n\t\t\t\t<a href='https:\/\/rolfbenker.com\/de\/rolf-benker-carpinteria-massgefertigte-moebel-die-deinen-stil-widerspiegeln\/armario-medida-rolfbenker-lapalma-copia-2\/'><img width=\"768\" height=\"1024\" src=\"https:\/\/rolfbenker.com\/wp-content\/uploads\/2024\/01\/armario-medida-rolfbenker-lapalma-copia-768x1024.jpg\" class=\"attachment-large size-large\" alt=\"Muebles a medida en Rolf Benker\" srcset=\"https:\/\/rolfbenker.com\/wp-content\/uploads\/2024\/01\/armario-medida-rolfbenker-lapalma-copia-768x1024.jpg 768w, https:\/\/rolfbenker.com\/wp-content\/uploads\/2024\/01\/armario-medida-rolfbenker-lapalma-copia-225x300.jpg 225w, https:\/\/rolfbenker.com\/wp-content\/uploads\/2024\/01\/armario-medida-rolfbenker-lapalma-copia-1152x1536.jpg 1152w, https:\/\/rolfbenker.com\/wp-content\/uploads\/2024\/01\/armario-medida-rolfbenker-lapalma-copia-270x360.jpg 270w, https:\/\/rolfbenker.com\/wp-content\/uploads\/2024\/01\/armario-medida-rolfbenker-lapalma-copia-360x480.jpg 360w, https:\/\/rolfbenker.com\/wp-content\/uploads\/2024\/01\/armario-medida-rolfbenker-lapalma-copia.jpg 1200w\" sizes=\"auto, (max-width: 768px) 100vw, 768px\" loading=\"lazy\" decoding=\"async\" fetchpriority=\"low\" title=\"\"><\/a>\n\t\t\t<\/dt><\/dl><dl class='gallery-item'>\n\t\t\t<dt class='gallery-icon portrait'>\n\t\t\t\t<a href='https:\/\/rolfbenker.com\/de\/rolf-benker-carpinteria-massgefertigte-moebel-die-deinen-stil-widerspiegeln\/armario-medida-rolfbenker-carpintero-copia-2\/'><img width=\"768\" height=\"1024\" src=\"https:\/\/rolfbenker.com\/wp-content\/uploads\/2024\/01\/armario-medida-rolfbenker-carpintero-copia-768x1024.jpg\" class=\"attachment-large size-large\" alt=\"Muebles a medida en Rolf Benker\" srcset=\"https:\/\/rolfbenker.com\/wp-content\/uploads\/2024\/01\/armario-medida-rolfbenker-carpintero-copia-768x1024.jpg 768w, https:\/\/rolfbenker.com\/wp-content\/uploads\/2024\/01\/armario-medida-rolfbenker-carpintero-copia-225x300.jpg 225w, https:\/\/rolfbenker.com\/wp-content\/uploads\/2024\/01\/armario-medida-rolfbenker-carpintero-copia-1152x1536.jpg 1152w, https:\/\/rolfbenker.com\/wp-content\/uploads\/2024\/01\/armario-medida-rolfbenker-carpintero-copia-270x360.jpg 270w, https:\/\/rolfbenker.com\/wp-content\/uploads\/2024\/01\/armario-medida-rolfbenker-carpintero-copia-360x480.jpg 360w, https:\/\/rolfbenker.com\/wp-content\/uploads\/2024\/01\/armario-medida-rolfbenker-carpintero-copia.jpg 1200w\" sizes=\"auto, (max-width: 768px) 100vw, 768px\" loading=\"lazy\" decoding=\"async\" fetchpriority=\"low\" title=\"\"><\/a>\n\t\t\t<\/dt><\/dl><br style=\"clear: both\" \/>\n\t\t<\/div>\n\n","protected":false},"excerpt":{"rendered":"<p>Im Bereich der Schreinerei ist die F\u00e4higkeit, ma\u00dfgefertigte M\u00f6bel zu schaffen, eine Kunst, die \u00fcber die einfache Funktionalit\u00e4t hinausgeht. Bei Rolf Benker Carpinter\u00eda sind wir stolz darauf, unseren Service f\u00fcr die Gestaltung von ma\u00dfgeschneiderten M\u00f6beln vorzustellen, bei dem jedes St\u00fcck&#8230;<\/p>\n","protected":false},"author":1,"featured_media":3246,"comment_status":"closed","ping_status":"closed","sticky":false,"template":"","format":"standard","meta":{"footnotes":""},"categories":[66],"tags":[186,70],"class_list":["post-3248","post","type-post","status-publish","format-standard","has-post-thumbnail","hentry","category-diseno-de-muebles-de","tag-massgefertigte-moebel","tag-muebles-a-medida"],"_links":{"self":[{"href":"https:\/\/rolfbenker.com\/de\/wp-json\/wp\/v2\/posts\/3248","targetHints":{"allow":["GET"]}}],"collection":[{"href":"https:\/\/rolfbenker.com\/de\/wp-json\/wp\/v2\/posts"}],"about":[{"href":"https:\/\/rolfbenker.com\/de\/wp-json\/wp\/v2\/types\/post"}],"author":[{"embeddable":true,"href":"https:\/\/rolfbenker.com\/de\/wp-json\/wp\/v2\/users\/1"}],"replies":[{"embeddable":true,"href":"https:\/\/rolfbenker.com\/de\/wp-json\/wp\/v2\/comments?post=3248"}],"version-history":[{"count":2,"href":"https:\/\/rolfbenker.com\/de\/wp-json\/wp\/v2\/posts\/3248\/revisions"}],"predecessor-version":[{"id":3250,"href":"https:\/\/rolfbenker.com\/de\/wp-json\/wp\/v2\/posts\/3248\/revisions\/3250"}],"wp:featuredmedia":[{"embeddable":true,"href":"https:\/\/rolfbenker.com\/de\/wp-json\/wp\/v2\/media\/3246"}],"wp:attachment":[{"href":"https:\/\/rolfbenker.com\/de\/wp-json\/wp\/v2\/media?parent=3248"}],"wp:term":[{"taxonomy":"category","embeddable":true,"href":"https:\/\/rolfbenker.com\/de\/wp-json\/wp\/v2\/categories?post=3248"},{"taxonomy":"post_tag","embeddable":true,"href":"https:\/\/rolfbenker.com\/de\/wp-json\/wp\/v2\/tags?post=3248"}],"curies":[{"name":"wp","href":"https:\/\/api.w.org\/{rel}","templated":true}]}}