{"id":3296,"date":"2024-02-13T10:06:04","date_gmt":"2024-02-13T10:06:04","guid":{"rendered":"https:\/\/rolfbenker.com\/diseno-construccion-e-instalacion-de-invernadero\/"},"modified":"2024-02-14T10:15:55","modified_gmt":"2024-02-14T10:15:55","slug":"entwurf-bau-und-installation-eines-gewaechshauses","status":"publish","type":"post","link":"https:\/\/rolfbenker.com\/de\/entwurf-bau-und-installation-eines-gewaechshauses\/","title":{"rendered":"Entwurf, Bau und Installation eines Gew\u00e4chshauses"},"content":{"rendered":"<p>Wir freuen uns, Ihnen das neueste Projekt vorstellen zu k\u00f6nnen, das aus unseren Werkst\u00e4tten hervorgegangen ist: ein spektakul\u00e4res Gew\u00e4chshaus, entworfen, gebaut und installiert mit dem Engagement und der Handwerkskunst, die unser Unternehmen auszeichnen.<\/p>\n<p><!--more--><\/p>\n<p>Es handelt sich um einen Raum, der Funktionalit\u00e4t, Eleganz und Langlebigkeit vereint. Wir haben einzigartige Elemente integriert, die nicht nur ihren praktischen Zweck erf\u00fcllen, sondern auch einen distinktiven \u00e4sthetischen Touch hinzuf\u00fcgen.<\/p>\n<p>Das Satteldach aus Glas ist zweifellos das herausragendste Element dieses Gew\u00e4chshauses. Es erm\u00f6glicht nicht nur einen reichlichen Eintritt von nat\u00fcrlichem Licht aus allen Winkeln, was eine warme und einladende Atmosph\u00e4re schafft, sondern vermittelt auch ein Gef\u00fchl von Weite und Verbindung mit der umgebenden Natur.<\/p>\n<p>Die drei Schiebet\u00fcren mit je drei Fl\u00fcgeln f\u00fcgen dem Design eine au\u00dfergew\u00f6hnliche Funktionalit\u00e4t hinzu. Sie erleichtern nicht nur den Zugang zum Gew\u00e4chshaus, sondern erm\u00f6glichen auch eine optimale Bel\u00fcftung, um ein ideales Umfeld zu gew\u00e4hrleisten. Dar\u00fcber hinaus wurden diese T\u00fcren so gestaltet, dass sie sanft gleiten und somit Komfort und Benutzerfreundlichkeit bieten.<\/p>\n<p>Bei Rolf Benker Tischlerei sind wir stolz auf die Qualit\u00e4t und Pr\u00e4zision unserer Arbeit. Jedes St\u00fcck wurde sorgf\u00e4ltig ausgew\u00e4hlt, und jedes Detail wurde ber\u00fccksichtigt, um die Langlebigkeit und Widerstandsf\u00e4higkeit des Gew\u00e4chshauses zu gew\u00e4hrleisten. Wir streben danach, Strukturen zu schaffen, die nicht nur in der Gegenwart sch\u00f6n sind, sondern auch im Laufe der Zeit bestehen bleiben.<\/p>\n<p>Unser Expertenteam hat unerm\u00fcdlich daran gearbeitet, sicherzustellen, dass jedes Element des Gew\u00e4chshauses harmonisch integriert ist. Vom ersten Entwurf bis zur endg\u00fcltigen Installation haben wir uns st\u00e4ndig der Exzellenz verpflichtet, um sicherzustellen, dass jeder Kunde die Qualit\u00e4t erlebt, die Rolf Benker Tischlerei definiert.<\/p>\n<p>Dieses Projekt ist nur ein Beispiel f\u00fcr unsere F\u00e4higkeit, Ideen in die Realit\u00e4t umzusetzen. Egal, ob Sie nach einem Gew\u00e4chshaus, ma\u00dfgefertigten M\u00f6beln oder einer anderen Schreinerkreation suchen, bei Rolf Benker Tischlerei sind wir bereit, Ihre Tr\u00e4ume zum Leben zu erwecken.<\/p>\n<p>Wir danken unseren Kunden f\u00fcr ihr Vertrauen in uns und hoffen, dass dieses Gew\u00e4chshaus viele Jahre Freude und Zufriedenheit bringt. Wenn Sie von diesem Projekt inspiriert sind oder Ideen f\u00fcr Ihr eigenes ma\u00dfgeschneidertes Projekt haben, z\u00f6gern Sie nicht, uns zu kontaktieren!<\/p>\n<p><img decoding=\"async\" class=\"alignnone size-1536x1536 wp-image-3283\" src=\"https:\/\/rolfbenker.com\/wp-content\/uploads\/2024\/02\/invernadero-rolfbenker06-1536x1156.jpg\" alt=\"\" width=\"1536\" height=\"1156\" title=\"\" srcset=\"https:\/\/rolfbenker.com\/wp-content\/uploads\/2024\/02\/invernadero-rolfbenker06-1536x1156.jpg 1536w, https:\/\/rolfbenker.com\/wp-content\/uploads\/2024\/02\/invernadero-rolfbenker06-300x226.jpg 300w, https:\/\/rolfbenker.com\/wp-content\/uploads\/2024\/02\/invernadero-rolfbenker06-1024x771.jpg 1024w, https:\/\/rolfbenker.com\/wp-content\/uploads\/2024\/02\/invernadero-rolfbenker06-768x578.jpg 768w, https:\/\/rolfbenker.com\/wp-content\/uploads\/2024\/02\/invernadero-rolfbenker06-370x278.jpg 370w, https:\/\/rolfbenker.com\/wp-content\/uploads\/2024\/02\/invernadero-rolfbenker06-1200x903.jpg 1200w, https:\/\/rolfbenker.com\/wp-content\/uploads\/2024\/02\/invernadero-rolfbenker06-360x271.jpg 360w, https:\/\/rolfbenker.com\/wp-content\/uploads\/2024\/02\/invernadero-rolfbenker06.jpg 1600w\" sizes=\"auto, (max-width: 1536px) 100vw, 1536px\" \/ fetchpriority=\"high\"> <img loading=\"lazy\" decoding=\"async\" class=\"alignnone size-1536x1536 wp-image-3281\" src=\"https:\/\/rolfbenker.com\/wp-content\/uploads\/2024\/02\/invernadero-rolfbenker05-1536x1156.jpg\" alt=\"\" width=\"1536\" height=\"1156\" title=\"\" srcset=\"https:\/\/rolfbenker.com\/wp-content\/uploads\/2024\/02\/invernadero-rolfbenker05-1536x1156.jpg 1536w, https:\/\/rolfbenker.com\/wp-content\/uploads\/2024\/02\/invernadero-rolfbenker05-300x226.jpg 300w, https:\/\/rolfbenker.com\/wp-content\/uploads\/2024\/02\/invernadero-rolfbenker05-1024x771.jpg 1024w, https:\/\/rolfbenker.com\/wp-content\/uploads\/2024\/02\/invernadero-rolfbenker05-768x578.jpg 768w, https:\/\/rolfbenker.com\/wp-content\/uploads\/2024\/02\/invernadero-rolfbenker05-370x278.jpg 370w, https:\/\/rolfbenker.com\/wp-content\/uploads\/2024\/02\/invernadero-rolfbenker05-1200x903.jpg 1200w, https:\/\/rolfbenker.com\/wp-content\/uploads\/2024\/02\/invernadero-rolfbenker05-360x271.jpg 360w, https:\/\/rolfbenker.com\/wp-content\/uploads\/2024\/02\/invernadero-rolfbenker05.jpg 1600w\" sizes=\"auto, (max-width: 1536px) 100vw, 1536px\" \/ fetchpriority=\"low\"> <img loading=\"lazy\" decoding=\"async\" class=\"alignnone size-1536x1536 wp-image-3279\" src=\"https:\/\/rolfbenker.com\/wp-content\/uploads\/2024\/02\/invernadero-rolfbenker04-1536x663.jpg\" alt=\"\" width=\"1536\" height=\"663\" title=\"\" srcset=\"https:\/\/rolfbenker.com\/wp-content\/uploads\/2024\/02\/invernadero-rolfbenker04-1536x663.jpg 1536w, https:\/\/rolfbenker.com\/wp-content\/uploads\/2024\/02\/invernadero-rolfbenker04-300x130.jpg 300w, https:\/\/rolfbenker.com\/wp-content\/uploads\/2024\/02\/invernadero-rolfbenker04-1024x442.jpg 1024w, https:\/\/rolfbenker.com\/wp-content\/uploads\/2024\/02\/invernadero-rolfbenker04-768x332.jpg 768w, https:\/\/rolfbenker.com\/wp-content\/uploads\/2024\/02\/invernadero-rolfbenker04-370x160.jpg 370w, https:\/\/rolfbenker.com\/wp-content\/uploads\/2024\/02\/invernadero-rolfbenker04-1200x518.jpg 1200w, https:\/\/rolfbenker.com\/wp-content\/uploads\/2024\/02\/invernadero-rolfbenker04-360x155.jpg 360w, https:\/\/rolfbenker.com\/wp-content\/uploads\/2024\/02\/invernadero-rolfbenker04.jpg 1600w\" sizes=\"auto, (max-width: 1536px) 100vw, 1536px\" \/ fetchpriority=\"low\"><\/p>\n<p><img loading=\"lazy\" decoding=\"async\" class=\"alignnone size-1536x1536 wp-image-3275\" src=\"https:\/\/rolfbenker.com\/wp-content\/uploads\/2024\/02\/invernadero-rolfbenker02-1152x1536.jpg\" alt=\"\" width=\"1152\" height=\"1536\" title=\"\" srcset=\"https:\/\/rolfbenker.com\/wp-content\/uploads\/2024\/02\/invernadero-rolfbenker02-1152x1536.jpg 1152w, https:\/\/rolfbenker.com\/wp-content\/uploads\/2024\/02\/invernadero-rolfbenker02-225x300.jpg 225w, https:\/\/rolfbenker.com\/wp-content\/uploads\/2024\/02\/invernadero-rolfbenker02-768x1024.jpg 768w, https:\/\/rolfbenker.com\/wp-content\/uploads\/2024\/02\/invernadero-rolfbenker02-270x360.jpg 270w, https:\/\/rolfbenker.com\/wp-content\/uploads\/2024\/02\/invernadero-rolfbenker02-360x480.jpg 360w, https:\/\/rolfbenker.com\/wp-content\/uploads\/2024\/02\/invernadero-rolfbenker02.jpg 1200w\" sizes=\"auto, (max-width: 1152px) 100vw, 1152px\" \/ fetchpriority=\"low\"> <img loading=\"lazy\" decoding=\"async\" class=\"alignnone size-1536x1536 wp-image-3273\" src=\"https:\/\/rolfbenker.com\/wp-content\/uploads\/2024\/02\/invernadero-rolfbenker01-1152x1536.jpg\" alt=\"\" width=\"1152\" height=\"1536\" title=\"\" srcset=\"https:\/\/rolfbenker.com\/wp-content\/uploads\/2024\/02\/invernadero-rolfbenker01-1152x1536.jpg 1152w, https:\/\/rolfbenker.com\/wp-content\/uploads\/2024\/02\/invernadero-rolfbenker01-225x300.jpg 225w, https:\/\/rolfbenker.com\/wp-content\/uploads\/2024\/02\/invernadero-rolfbenker01-768x1024.jpg 768w, https:\/\/rolfbenker.com\/wp-content\/uploads\/2024\/02\/invernadero-rolfbenker01-270x360.jpg 270w, https:\/\/rolfbenker.com\/wp-content\/uploads\/2024\/02\/invernadero-rolfbenker01-360x480.jpg 360w, https:\/\/rolfbenker.com\/wp-content\/uploads\/2024\/02\/invernadero-rolfbenker01.jpg 1200w\" sizes=\"auto, (max-width: 1152px) 100vw, 1152px\" \/ fetchpriority=\"low\"> <img loading=\"lazy\" decoding=\"async\" class=\"alignnone size-1536x1536 wp-image-3271\" src=\"https:\/\/rolfbenker.com\/wp-content\/uploads\/2024\/02\/invernadero-rolfbenker-1152x1536.jpg\" alt=\"\" width=\"1152\" height=\"1536\" title=\"\" srcset=\"https:\/\/rolfbenker.com\/wp-content\/uploads\/2024\/02\/invernadero-rolfbenker-1152x1536.jpg 1152w, https:\/\/rolfbenker.com\/wp-content\/uploads\/2024\/02\/invernadero-rolfbenker-225x300.jpg 225w, https:\/\/rolfbenker.com\/wp-content\/uploads\/2024\/02\/invernadero-rolfbenker-768x1024.jpg 768w, https:\/\/rolfbenker.com\/wp-content\/uploads\/2024\/02\/invernadero-rolfbenker-270x360.jpg 270w, https:\/\/rolfbenker.com\/wp-content\/uploads\/2024\/02\/invernadero-rolfbenker-360x480.jpg 360w, https:\/\/rolfbenker.com\/wp-content\/uploads\/2024\/02\/invernadero-rolfbenker.jpg 1200w\" sizes=\"auto, (max-width: 1152px) 100vw, 1152px\" \/ fetchpriority=\"low\"> <img loading=\"lazy\" decoding=\"async\" class=\"alignnone size-1536x1536 wp-image-3269\" src=\"https:\/\/rolfbenker.com\/wp-content\/uploads\/2024\/02\/invernadero-1152x1536.jpg\" alt=\"\" width=\"1152\" height=\"1536\" title=\"\" srcset=\"https:\/\/rolfbenker.com\/wp-content\/uploads\/2024\/02\/invernadero-1152x1536.jpg 1152w, https:\/\/rolfbenker.com\/wp-content\/uploads\/2024\/02\/invernadero-225x300.jpg 225w, https:\/\/rolfbenker.com\/wp-content\/uploads\/2024\/02\/invernadero-768x1024.jpg 768w, https:\/\/rolfbenker.com\/wp-content\/uploads\/2024\/02\/invernadero-270x360.jpg 270w, https:\/\/rolfbenker.com\/wp-content\/uploads\/2024\/02\/invernadero-360x480.jpg 360w, https:\/\/rolfbenker.com\/wp-content\/uploads\/2024\/02\/invernadero.jpg 1200w\" sizes=\"auto, (max-width: 1152px) 100vw, 1152px\" \/ fetchpriority=\"low\"><\/p>\n","protected":false},"excerpt":{"rendered":"<p>Wir freuen uns, Ihnen das neueste Projekt vorstellen zu k\u00f6nnen, das aus unseren Werkst\u00e4tten hervorgegangen ist: ein spektakul\u00e4res Gew\u00e4chshaus, entworfen, gebaut und installiert mit dem Engagement und der Handwerkskunst, die unser Unternehmen auszeichnen.<\/p>\n","protected":false},"author":1,"featured_media":3278,"comment_status":"closed","ping_status":"closed","sticky":false,"template":"","format":"standard","meta":{"footnotes":""},"categories":[57,61],"tags":[190],"class_list":["post-3296","post","type-post","status-publish","format-standard","has-post-thumbnail","hentry","category-invernaderos-de","category-ventanas-y-puertas-aluminio-de","tag-gewaechshauses"],"_links":{"self":[{"href":"https:\/\/rolfbenker.com\/de\/wp-json\/wp\/v2\/posts\/3296","targetHints":{"allow":["GET"]}}],"collection":[{"href":"https:\/\/rolfbenker.com\/de\/wp-json\/wp\/v2\/posts"}],"about":[{"href":"https:\/\/rolfbenker.com\/de\/wp-json\/wp\/v2\/types\/post"}],"author":[{"embeddable":true,"href":"https:\/\/rolfbenker.com\/de\/wp-json\/wp\/v2\/users\/1"}],"replies":[{"embeddable":true,"href":"https:\/\/rolfbenker.com\/de\/wp-json\/wp\/v2\/comments?post=3296"}],"version-history":[{"count":3,"href":"https:\/\/rolfbenker.com\/de\/wp-json\/wp\/v2\/posts\/3296\/revisions"}],"predecessor-version":[{"id":3299,"href":"https:\/\/rolfbenker.com\/de\/wp-json\/wp\/v2\/posts\/3296\/revisions\/3299"}],"wp:featuredmedia":[{"embeddable":true,"href":"https:\/\/rolfbenker.com\/de\/wp-json\/wp\/v2\/media\/3278"}],"wp:attachment":[{"href":"https:\/\/rolfbenker.com\/de\/wp-json\/wp\/v2\/media?parent=3296"}],"wp:term":[{"taxonomy":"category","embeddable":true,"href":"https:\/\/rolfbenker.com\/de\/wp-json\/wp\/v2\/categories?post=3296"},{"taxonomy":"post_tag","embeddable":true,"href":"https:\/\/rolfbenker.com\/de\/wp-json\/wp\/v2\/tags?post=3296"}],"curies":[{"name":"wp","href":"https:\/\/api.w.org\/{rel}","templated":true}]}}