{"id":3302,"date":"2024-02-14T10:38:21","date_gmt":"2024-02-14T10:38:21","guid":{"rendered":"https:\/\/rolfbenker.com\/instalacion-de-un-suelo-de-parquet-de-bambu\/"},"modified":"2024-02-14T10:42:08","modified_gmt":"2024-02-14T10:42:08","slug":"die-verlegung-eines-bambusparkettbodens","status":"publish","type":"post","link":"https:\/\/rolfbenker.com\/de\/die-verlegung-eines-bambusparkettbodens\/","title":{"rendered":"Die Verlegung eines Bambusparkettbodens"},"content":{"rendered":"<p>En Rolf Benker Tischlerei teilen wir eines unserer neuesten Projekte, die Installation eines Bambusparkettbodens, gefolgt von einer makellosen Lackierung.<\/p>\n<p><!--more--><\/p>\n<p>Der sorgf\u00e4ltig f\u00fcr dieses Projekt ausgew\u00e4hlte Bambus ist nicht nur eine \u00e4sthetisch sch\u00f6ne Option, sondern bietet auch eine Reihe funktionaler Vorteile, die die Qualit\u00e4t eines jeden Raumes verbessern.<\/p>\n<p><strong>Haltbarkeit und Widerstandsf\u00e4higkeit:<\/strong> Bambusparkett steht f\u00fcr au\u00dfergew\u00f6hnliche Haltbarkeit. Obwohl Bambus relativ leicht ist, ist er \u00fcberraschend widerstandsf\u00e4hig gegen Abnutzung und Kratzer. Dies macht ihn zu einer perfekten Wahl f\u00fcr stark frequentierte Bereiche, da er seine urspr\u00fcngliche Sch\u00f6nheit lange bewahrt.<\/p>\n<p><strong>Umweltfreundlichkeit:<\/strong> Bei Rolf Benker Tischlerei sind wir stolz darauf, mit nachhaltigen Materialien zu arbeiten. Bambus ist eine umweltfreundliche Wahl, da er schnell w\u00e4chst, erneuerbar ist und die Umwelt schont. Die Entscheidung f\u00fcr Bambusparkettb\u00f6den ist ein Schritt in Richtung Nachhaltigkeit und tr\u00e4gt zur Erhaltung der nat\u00fcrlichen Ressourcen bei.<\/p>\n<p><strong>\u00c4sthetische Vielseitigkeit:<\/strong> Bambusparkett bietet eine zeitlose und vielseitige \u00c4sthetik, die sich in verschiedene Dekorationsstile einf\u00fcgt. Egal, ob Sie ein modernes und minimalistisches Ambiente oder einen klassischen und warmen Raum suchen, Bambus integriert sich perfekt und bietet einen eleganten und nat\u00fcrlichen Hintergrund f\u00fcr jedes Innendesign.<\/p>\n<p><strong>Einfache Pflege:<\/strong> Die Oberfl\u00e4che des Bambusparkettbodens l\u00e4sst sich leicht reinigen und pflegen. Seine Fleckenresistenz und seine F\u00e4higkeit, Feuchtigkeit gut zu widerstehen, machen ihn zu einer praktischen Wahl f\u00fcr Bereiche im Haus, die anf\u00e4llig f\u00fcr Versch\u00fcttungen oder Ver\u00e4nderungen der Umgebungsbedingungen sind.<\/p>\n<p><strong>Qualit\u00e4tslackierung:<\/strong> Bei Rolf Benker Tischlerei k\u00fcmmern wir uns nicht nur um die Materialwahl, sondern auch um die Oberfl\u00e4chenbehandlung. Nach der Installation des Bambusparkettbodens tragen wir eine hochwertige Lackierung auf, um die nat\u00fcrliche Sch\u00f6nheit des Holzes zu betonen. Dies bietet zus\u00e4tzlichen Schutz gegen t\u00e4glichen Verschlei\u00df und gew\u00e4hrleistet eine verl\u00e4ngerte Lebensdauer.<\/p>\n<p>Wir freuen uns, dieses Projekt erfolgreich abgeschlossen zu haben, und bieten unseren Kunden nicht nur einen au\u00dfergew\u00f6hnlichen Bambusparkettboden, sondern auch eine einzigartige Erfahrung in Design und Handwerkskunst. Wenn Sie die M\u00f6glichkeit von Bambus f\u00fcr Ihren Boden in Betracht ziehen, z\u00f6gern Sie nicht, uns zu kontaktieren, um die M\u00f6glichkeiten zu erkunden und Ihren Raum mit der nat\u00fcrlichen Sch\u00f6nheit von Bambusparkett zu verwandeln!<\/p>\n<p><img decoding=\"async\" class=\"alignnone size-1536x1536 wp-image-3283\" src=\"https:\/\/rolfbenker.com\/wp-content\/uploads\/2024\/02\/invernadero-rolfbenker06-1536x1156.jpg\" alt=\"\" width=\"1536\" height=\"1156\" title=\"\" srcset=\"https:\/\/rolfbenker.com\/wp-content\/uploads\/2024\/02\/invernadero-rolfbenker06-1536x1156.jpg 1536w, https:\/\/rolfbenker.com\/wp-content\/uploads\/2024\/02\/invernadero-rolfbenker06-300x226.jpg 300w, https:\/\/rolfbenker.com\/wp-content\/uploads\/2024\/02\/invernadero-rolfbenker06-1024x771.jpg 1024w, https:\/\/rolfbenker.com\/wp-content\/uploads\/2024\/02\/invernadero-rolfbenker06-768x578.jpg 768w, https:\/\/rolfbenker.com\/wp-content\/uploads\/2024\/02\/invernadero-rolfbenker06-370x278.jpg 370w, https:\/\/rolfbenker.com\/wp-content\/uploads\/2024\/02\/invernadero-rolfbenker06-1200x903.jpg 1200w, https:\/\/rolfbenker.com\/wp-content\/uploads\/2024\/02\/invernadero-rolfbenker06-360x271.jpg 360w, https:\/\/rolfbenker.com\/wp-content\/uploads\/2024\/02\/invernadero-rolfbenker06.jpg 1600w\" sizes=\"auto, (max-width: 1536px) 100vw, 1536px\" \/ fetchpriority=\"high\"> <img loading=\"lazy\" decoding=\"async\" class=\"alignnone size-1536x1536 wp-image-3289\" src=\"https:\/\/rolfbenker.com\/wp-content\/uploads\/2024\/02\/invernadero-rolfbenker09-1152x1536.jpg\" alt=\"\" width=\"1152\" height=\"1536\" title=\"\" srcset=\"https:\/\/rolfbenker.com\/wp-content\/uploads\/2024\/02\/invernadero-rolfbenker09-1152x1536.jpg 1152w, https:\/\/rolfbenker.com\/wp-content\/uploads\/2024\/02\/invernadero-rolfbenker09-225x300.jpg 225w, https:\/\/rolfbenker.com\/wp-content\/uploads\/2024\/02\/invernadero-rolfbenker09-768x1024.jpg 768w, https:\/\/rolfbenker.com\/wp-content\/uploads\/2024\/02\/invernadero-rolfbenker09-270x360.jpg 270w, https:\/\/rolfbenker.com\/wp-content\/uploads\/2024\/02\/invernadero-rolfbenker09-360x480.jpg 360w, https:\/\/rolfbenker.com\/wp-content\/uploads\/2024\/02\/invernadero-rolfbenker09.jpg 1200w\" sizes=\"auto, (max-width: 1152px) 100vw, 1152px\" \/ fetchpriority=\"low\"> <img loading=\"lazy\" decoding=\"async\" class=\"alignnone size-1536x1536 wp-image-3287\" src=\"https:\/\/rolfbenker.com\/wp-content\/uploads\/2024\/02\/invernadero-rolfbenker08-1152x1536.jpg\" alt=\"\" width=\"1152\" height=\"1536\" title=\"\" srcset=\"https:\/\/rolfbenker.com\/wp-content\/uploads\/2024\/02\/invernadero-rolfbenker08-1152x1536.jpg 1152w, https:\/\/rolfbenker.com\/wp-content\/uploads\/2024\/02\/invernadero-rolfbenker08-225x300.jpg 225w, https:\/\/rolfbenker.com\/wp-content\/uploads\/2024\/02\/invernadero-rolfbenker08-768x1024.jpg 768w, https:\/\/rolfbenker.com\/wp-content\/uploads\/2024\/02\/invernadero-rolfbenker08-270x360.jpg 270w, https:\/\/rolfbenker.com\/wp-content\/uploads\/2024\/02\/invernadero-rolfbenker08-360x480.jpg 360w, https:\/\/rolfbenker.com\/wp-content\/uploads\/2024\/02\/invernadero-rolfbenker08.jpg 1200w\" sizes=\"auto, (max-width: 1152px) 100vw, 1152px\" \/ fetchpriority=\"low\"> <img loading=\"lazy\" decoding=\"async\" class=\"alignnone size-1536x1536 wp-image-3285\" src=\"https:\/\/rolfbenker.com\/wp-content\/uploads\/2024\/02\/invernadero-rolfbenker07-1152x1536.jpg\" alt=\"\" width=\"1152\" height=\"1536\" title=\"\" srcset=\"https:\/\/rolfbenker.com\/wp-content\/uploads\/2024\/02\/invernadero-rolfbenker07-1152x1536.jpg 1152w, https:\/\/rolfbenker.com\/wp-content\/uploads\/2024\/02\/invernadero-rolfbenker07-225x300.jpg 225w, https:\/\/rolfbenker.com\/wp-content\/uploads\/2024\/02\/invernadero-rolfbenker07-768x1024.jpg 768w, https:\/\/rolfbenker.com\/wp-content\/uploads\/2024\/02\/invernadero-rolfbenker07-270x360.jpg 270w, https:\/\/rolfbenker.com\/wp-content\/uploads\/2024\/02\/invernadero-rolfbenker07-360x480.jpg 360w, https:\/\/rolfbenker.com\/wp-content\/uploads\/2024\/02\/invernadero-rolfbenker07.jpg 1200w\" sizes=\"auto, (max-width: 1152px) 100vw, 1152px\" \/ fetchpriority=\"low\"><\/p>\n","protected":false},"excerpt":{"rendered":"<p>En Rolf Benker Tischlerei teilen wir eines unserer neuesten Projekte, die Installation eines Bambusparkettbodens, gefolgt von einer makellosen Lackierung.<\/p>\n","protected":false},"author":1,"featured_media":3288,"comment_status":"closed","ping_status":"closed","sticky":false,"template":"","format":"standard","meta":{"footnotes":""},"categories":[136],"tags":[193],"class_list":["post-3302","post","type-post","status-publish","format-standard","has-post-thumbnail","hentry","category-suelos-y-tarimas-de","tag-bambusparkettbodens"],"_links":{"self":[{"href":"https:\/\/rolfbenker.com\/de\/wp-json\/wp\/v2\/posts\/3302","targetHints":{"allow":["GET"]}}],"collection":[{"href":"https:\/\/rolfbenker.com\/de\/wp-json\/wp\/v2\/posts"}],"about":[{"href":"https:\/\/rolfbenker.com\/de\/wp-json\/wp\/v2\/types\/post"}],"author":[{"embeddable":true,"href":"https:\/\/rolfbenker.com\/de\/wp-json\/wp\/v2\/users\/1"}],"replies":[{"embeddable":true,"href":"https:\/\/rolfbenker.com\/de\/wp-json\/wp\/v2\/comments?post=3302"}],"version-history":[{"count":3,"href":"https:\/\/rolfbenker.com\/de\/wp-json\/wp\/v2\/posts\/3302\/revisions"}],"predecessor-version":[{"id":3305,"href":"https:\/\/rolfbenker.com\/de\/wp-json\/wp\/v2\/posts\/3302\/revisions\/3305"}],"wp:featuredmedia":[{"embeddable":true,"href":"https:\/\/rolfbenker.com\/de\/wp-json\/wp\/v2\/media\/3288"}],"wp:attachment":[{"href":"https:\/\/rolfbenker.com\/de\/wp-json\/wp\/v2\/media?parent=3302"}],"wp:term":[{"taxonomy":"category","embeddable":true,"href":"https:\/\/rolfbenker.com\/de\/wp-json\/wp\/v2\/categories?post=3302"},{"taxonomy":"post_tag","embeddable":true,"href":"https:\/\/rolfbenker.com\/de\/wp-json\/wp\/v2\/tags?post=3302"}],"curies":[{"name":"wp","href":"https:\/\/api.w.org\/{rel}","templated":true}]}}