{"id":3388,"date":"2024-03-15T11:30:46","date_gmt":"2024-03-15T11:30:46","guid":{"rendered":"https:\/\/rolfbenker.com\/?p=3388"},"modified":"2024-03-14T13:34:59","modified_gmt":"2024-03-14T13:34:59","slug":"aluminiumschreinerei-fester-rahmen","status":"publish","type":"post","link":"https:\/\/rolfbenker.com\/de\/aluminiumschreinerei-fester-rahmen\/","title":{"rendered":"Aluminiumschreinerei, fester Rahmen"},"content":{"rendered":"<p>Bei Rolf Benker Aluminiumschreinerei entwerfen und fertigen wir nicht nur, sondern wir k\u00fcmmern uns auch um die \u00c4sthetik und Funktionalit\u00e4t jedes unserer Projekte.<\/p>\n<p><!--more--><\/p>\n<p>Wir teilen eines unserer neuesten Projekte, den ma\u00dfgeschneiderten Bau und die Installation eines feststehenden Aluminiumrahmens mit einem Finish, das die W\u00e4rme von Eichenholz nachahmt, mit Doppelverglasung und Sonnenschutz.<\/p>\n<p>Ma\u00dfgeschneiderte Konstruktion ist das Markenzeichen von Rolf Benker, und dieses Projekt ist keine Ausnahme. Jeder Aspekt des feststehenden Rahmens, von seinen Abmessungen bis hin zu seiner Farbe und Oberfl\u00e4che, wird an die Bed\u00fcrfnisse und Vorlieben des Kunden angepasst. Dieser personalisierte Ansatz garantiert, dass das Endprodukt nicht nur die Erwartungen erf\u00fcllt, sondern sie auch bei weitem \u00fcbertrifft.<\/p>\n<p>Neben seinem \u00e4sthetischen Erscheinungsbild bietet der feste Aluminiumrahmen eine au\u00dfergew\u00f6hnliche Leistung dank seiner Doppelverglasung und des integrierten Sonnenschutzes. Diese Kombination bietet nicht nur thermische und akustische Isolierung, sondern auch Schutz vor sch\u00e4dlichen UV-Strahlen und gew\u00e4hrleistet zu jeder Zeit eine komfortable und gesunde Innenraumumgebung.<\/p>\n<h2>Engagement f\u00fcr Qualit\u00e4t und Nachhaltigkeit in unserer Arbeit<\/h2>\n<p>Hinter jedem Projekt von Rolf Benker steht ein unersch\u00fctterliches Engagement f\u00fcr Qualit\u00e4t und Nachhaltigkeit. Von der Auswahl der Materialien bis hin zu den Herstellungsprozessen wird Exzellenz und Umweltschutz priorisiert.<\/p>\n<p>Die Verwendung von Aluminium garantiert nicht nur die Langlebigkeit und Widerstandsf\u00e4higkeit des Endprodukts, sondern bietet auch bedeutende Umweltvorteile. Dieses Material ist hochgradig recycelbar, was bedeutet, dass es am Ende seiner Lebensdauer immer wieder ohne Beeintr\u00e4chtigung von Qualit\u00e4t oder Leistung recycelt werden kann. Dar\u00fcber hinaus tr\u00e4gt sein geringes Gewicht zur Energieeffizienz sowohl beim Transport als auch bei der Verwendung bei.<\/p>\n<p><a href=\"https:\/\/rolfbenker.com\/de\/kontakt\/\">Kontaktieren Sie uns unverbindlich.<\/a><\/p>\n<div id=\"attachment_3383\" style=\"width: 1214px\" class=\"wp-caption alignnone\"><img decoding=\"async\" aria-describedby=\"caption-attachment-3383\" class=\"size-full wp-image-3383\" src=\"https:\/\/rolfbenker.com\/wp-content\/uploads\/2024\/03\/rolfbenker-carpinteria-aluminio-lapalma.jpg\" alt=\"Marco de aluminio, Rolf Benker Carpinter\u00eda Aluminio en La Palma\" width=\"1204\" height=\"1600\" title=\"\" srcset=\"https:\/\/rolfbenker.com\/wp-content\/uploads\/2024\/03\/rolfbenker-carpinteria-aluminio-lapalma.jpg 1204w, https:\/\/rolfbenker.com\/wp-content\/uploads\/2024\/03\/rolfbenker-carpinteria-aluminio-lapalma-226x300.jpg 226w, https:\/\/rolfbenker.com\/wp-content\/uploads\/2024\/03\/rolfbenker-carpinteria-aluminio-lapalma-771x1024.jpg 771w, https:\/\/rolfbenker.com\/wp-content\/uploads\/2024\/03\/rolfbenker-carpinteria-aluminio-lapalma-768x1021.jpg 768w, https:\/\/rolfbenker.com\/wp-content\/uploads\/2024\/03\/rolfbenker-carpinteria-aluminio-lapalma-1156x1536.jpg 1156w, https:\/\/rolfbenker.com\/wp-content\/uploads\/2024\/03\/rolfbenker-carpinteria-aluminio-lapalma-271x360.jpg 271w, https:\/\/rolfbenker.com\/wp-content\/uploads\/2024\/03\/rolfbenker-carpinteria-aluminio-lapalma-1200x1595.jpg 1200w, https:\/\/rolfbenker.com\/wp-content\/uploads\/2024\/03\/rolfbenker-carpinteria-aluminio-lapalma-360x478.jpg 360w\" sizes=\"auto, (max-width: 1204px) 100vw, 1204px\" \/ fetchpriority=\"high\"><p id=\"caption-attachment-3383\" class=\"wp-caption-text\">Marco de aluminio, Rolf Benker Carpinter\u00eda Aluminio en La Palma<\/p><\/div>\n","protected":false},"excerpt":{"rendered":"<p>Bei Rolf Benker Aluminiumschreinerei entwerfen und fertigen wir nicht nur, sondern wir k\u00fcmmern uns auch um die \u00c4sthetik und Funktionalit\u00e4t jedes unserer Projekte.<\/p>\n","protected":false},"author":1,"featured_media":3386,"comment_status":"closed","ping_status":"closed","sticky":false,"template":"","format":"standard","meta":{"footnotes":""},"categories":[61],"tags":[198,195],"class_list":["post-3388","post","type-post","status-publish","format-standard","has-post-thumbnail","hentry","category-ventanas-y-puertas-aluminio-de","tag-aluminiumschreinerei","tag-carpinteria-de-aluminio"],"_links":{"self":[{"href":"https:\/\/rolfbenker.com\/de\/wp-json\/wp\/v2\/posts\/3388","targetHints":{"allow":["GET"]}}],"collection":[{"href":"https:\/\/rolfbenker.com\/de\/wp-json\/wp\/v2\/posts"}],"about":[{"href":"https:\/\/rolfbenker.com\/de\/wp-json\/wp\/v2\/types\/post"}],"author":[{"embeddable":true,"href":"https:\/\/rolfbenker.com\/de\/wp-json\/wp\/v2\/users\/1"}],"replies":[{"embeddable":true,"href":"https:\/\/rolfbenker.com\/de\/wp-json\/wp\/v2\/comments?post=3388"}],"version-history":[{"count":3,"href":"https:\/\/rolfbenker.com\/de\/wp-json\/wp\/v2\/posts\/3388\/revisions"}],"predecessor-version":[{"id":3391,"href":"https:\/\/rolfbenker.com\/de\/wp-json\/wp\/v2\/posts\/3388\/revisions\/3391"}],"wp:featuredmedia":[{"embeddable":true,"href":"https:\/\/rolfbenker.com\/de\/wp-json\/wp\/v2\/media\/3386"}],"wp:attachment":[{"href":"https:\/\/rolfbenker.com\/de\/wp-json\/wp\/v2\/media?parent=3388"}],"wp:term":[{"taxonomy":"category","embeddable":true,"href":"https:\/\/rolfbenker.com\/de\/wp-json\/wp\/v2\/categories?post=3388"},{"taxonomy":"post_tag","embeddable":true,"href":"https:\/\/rolfbenker.com\/de\/wp-json\/wp\/v2\/tags?post=3388"}],"curies":[{"name":"wp","href":"https:\/\/api.w.org\/{rel}","templated":true}]}}