{"id":3409,"date":"2024-04-10T11:06:00","date_gmt":"2024-04-10T11:06:00","guid":{"rendered":"https:\/\/rolfbenker.com\/diseno-personalizado-de-una-estructura-de-aluminio-fija\/"},"modified":"2024-04-10T11:08:39","modified_gmt":"2024-04-10T11:08:39","slug":"massgeschneidertes-design-einer-festen-aluminiumstruktur","status":"publish","type":"post","link":"https:\/\/rolfbenker.com\/de\/massgeschneidertes-design-einer-festen-aluminiumstruktur\/","title":{"rendered":"Ma\u00dfgeschneidertes Design einer festen Aluminiumstruktur"},"content":{"rendered":"<p>Bei Rolf Benker sind wir eine spezialisierte Schreinerei f\u00fcr die Bearbeitung von Aluminium. Wir sind verpflichtet, die volle Zufriedenheit unserer Kunden sicherzustellen. In unserem kontinuierlichen Streben nach Exzellenz widmen wir uns der ma\u00dfgeschneiderten Erstellung jedes unserer Projekte, um sicherzustellen, dass sie perfekt auf die spezifischen Bed\u00fcrfnisse und W\u00fcnsche derjenigen zugeschnitten sind, die auf uns vertrauen.<\/p>\n<p><!--more--><\/p>\n<p>Nach diesen Prinzipien haben wir diese beeindruckende feste Struktur geschaffen, die wir sorgf\u00e4ltig in unserer Werkstatt im Gemeinde El Paso entwickelt haben. Wir haben Aluminium von h\u00f6chster Qualit\u00e4t verwendet, in diesem Fall einen Grauton 7039, der sorgf\u00e4ltig ausgew\u00e4hlt wurde, um Langlebigkeit, Widerstandsf\u00e4higkeit und ein makelloses \u00e4sthetisches Erscheinungsbild zu gew\u00e4hrleisten. Diese Struktur, die das Ergebnis unserer Erfahrung und handwerklichen F\u00e4higkeiten darstellt, ist dazu bestimmt, zu einem herausragenden Element in der Wohnung unserer gesch\u00e4tzten Kunden zu werden.<\/p>\n<p>Wir sehen mit Spannung dem n\u00e4chsten Schritt dieses Prozesses entgegen, der darin besteht, diese imposante Struktur im Zuhause derjenigen zu installieren, die auf unsere Erfahrung und Professionalit\u00e4t vertraut haben. Unser Engagement beschr\u00e4nkt sich nicht nur auf die Schaffung eines au\u00dfergew\u00f6hnlichen Qualit\u00e4tsst\u00fccks, sondern wir bem\u00fchen uns auch sicherzustellen, dass seine Integration in die Wohngegend einwandfrei und reibungslos verl\u00e4uft.<\/p>\n<p>Einmal installiert, wird diese Struktur nicht nur ihre praktische Funktion erf\u00fcllen, sondern auch den Raum transformieren, ihn mit Licht fluten und ein Gef\u00fchl von Weite und Helligkeit vermitteln. Dank ihrer gro\u00dfz\u00fcgigen Dimensionen ist diese feste Struktur darauf ausgelegt, den Eintritt von nat\u00fcrlichem Licht zu maximieren und eine gem\u00fctliche und helle Atmosph\u00e4re zu schaffen, die dazu einl\u00e4dt, jeden Moment im Zuhause zu genie\u00dfen.<\/p>\n<p>Bei Rolf Benker erkennen wir die Bedeutung jedes Details an und streben danach, die Erwartungen in jedem Projekt zu \u00fcbertreffen, das wir in Angriff nehmen. Vom ersten Entwurf bis zur endg\u00fcltigen Lieferung halten wir einen strengen Qualit\u00e4tsstandard und Kundenbetreuung aufrecht und stellen sicher, dass jeder Schritt des Prozesses mit Pr\u00e4zision und Hingabe ausgef\u00fchrt wird.<\/p>\n<p>Wir freuen uns darauf, die Reaktion unserer gesch\u00e4tzten Kunden zu sehen, wenn sie diese pr\u00e4chtige Struktur in ihrem Zuhause vollendet sehen. Ihre Zufriedenheit und ihr Gl\u00fcck sind unsere gr\u00f6\u00dfte Belohnung und treiben uns an, uns in jedem Projekt, das wir angehen, weiter zu verbessern. Bei Rolf Benker sind wir nicht nur verpflichtet, au\u00dfergew\u00f6hnliche Strukturen zu schaffen, sondern auch unvergessliche Erfahrungen f\u00fcr diejenigen zu schaffen, die auf unsere Erfahrung und Hingabe vertrauen.<\/p>\n<p><a href=\"https:\/\/rolfbenker.com\/de\/kontakt\/\">Kontaktieren Sie uns unverbindlich.<\/a><\/p>\n\n\t\t<style type=\"text\/css\">\n\t\t\t#gallery-1 {\n\t\t\t\tmargin: auto;\n\t\t\t}\n\t\t\t#gallery-1 .gallery-item {\n\t\t\t\tfloat: left;\n\t\t\t\tmargin-top: 10px;\n\t\t\t\ttext-align: center;\n\t\t\t\twidth: 50%;\n\t\t\t}\n\t\t\t#gallery-1 img {\n\t\t\t\tborder: 2px solid #cfcfcf;\n\t\t\t}\n\t\t\t#gallery-1 .gallery-caption {\n\t\t\t\tmargin-left: 0;\n\t\t\t}\n\t\t\t\/* see gallery_shortcode() in wp-includes\/media.php *\/\n\t\t<\/style>\n\t\t<div id='gallery-1' class='gallery galleryid-3409 gallery-columns-2 gallery-size-large'><dl class='gallery-item'>\n\t\t\t<dt class='gallery-icon portrait'>\n\t\t\t\t<a href='https:\/\/rolfbenker.com\/de\/massgeschneidertes-design-einer-festen-aluminiumstruktur\/rolf-benker-aluminio-lapalma-elpaso-2\/'><img width=\"461\" height=\"1024\" src=\"https:\/\/rolfbenker.com\/wp-content\/uploads\/2024\/04\/rolf-benker-aluminio-lapalma-elpaso-461x1024.jpg\" class=\"attachment-large size-large\" alt=\"\" srcset=\"https:\/\/rolfbenker.com\/wp-content\/uploads\/2024\/04\/rolf-benker-aluminio-lapalma-elpaso-461x1024.jpg 461w, https:\/\/rolfbenker.com\/wp-content\/uploads\/2024\/04\/rolf-benker-aluminio-lapalma-elpaso-135x300.jpg 135w, https:\/\/rolfbenker.com\/wp-content\/uploads\/2024\/04\/rolf-benker-aluminio-lapalma-elpaso-691x1536.jpg 691w, https:\/\/rolfbenker.com\/wp-content\/uploads\/2024\/04\/rolf-benker-aluminio-lapalma-elpaso-162x360.jpg 162w, https:\/\/rolfbenker.com\/wp-content\/uploads\/2024\/04\/rolf-benker-aluminio-lapalma-elpaso-360x800.jpg 360w, https:\/\/rolfbenker.com\/wp-content\/uploads\/2024\/04\/rolf-benker-aluminio-lapalma-elpaso.jpg 720w\" sizes=\"(max-width: 461px) 100vw, 461px\" decoding=\"async\" fetchpriority=\"high\" title=\"\" loading=\"lazy\"><\/a>\n\t\t\t<\/dt><\/dl><dl class='gallery-item'>\n\t\t\t<dt class='gallery-icon portrait'>\n\t\t\t\t<a href='https:\/\/rolfbenker.com\/de\/massgeschneidertes-design-einer-festen-aluminiumstruktur\/rolf-benker-aluminio-lapalma-canarias-2\/'><img width=\"461\" height=\"1024\" src=\"https:\/\/rolfbenker.com\/wp-content\/uploads\/2024\/04\/rolf-benker-aluminio-lapalma-canarias-461x1024.jpg\" class=\"attachment-large size-large\" alt=\"\" srcset=\"https:\/\/rolfbenker.com\/wp-content\/uploads\/2024\/04\/rolf-benker-aluminio-lapalma-canarias-461x1024.jpg 461w, https:\/\/rolfbenker.com\/wp-content\/uploads\/2024\/04\/rolf-benker-aluminio-lapalma-canarias-135x300.jpg 135w, https:\/\/rolfbenker.com\/wp-content\/uploads\/2024\/04\/rolf-benker-aluminio-lapalma-canarias-691x1536.jpg 691w, https:\/\/rolfbenker.com\/wp-content\/uploads\/2024\/04\/rolf-benker-aluminio-lapalma-canarias-162x360.jpg 162w, https:\/\/rolfbenker.com\/wp-content\/uploads\/2024\/04\/rolf-benker-aluminio-lapalma-canarias-360x800.jpg 360w, https:\/\/rolfbenker.com\/wp-content\/uploads\/2024\/04\/rolf-benker-aluminio-lapalma-canarias.jpg 720w\" sizes=\"auto, (max-width: 461px) 100vw, 461px\" loading=\"lazy\" decoding=\"async\" fetchpriority=\"low\" title=\"\"><\/a>\n\t\t\t<\/dt><\/dl><br style=\"clear: both\" \/>\n\t\t<\/div>\n\n","protected":false},"excerpt":{"rendered":"<p>Bei Rolf Benker sind wir eine spezialisierte Schreinerei f\u00fcr die Bearbeitung von Aluminium. Wir sind verpflichtet, die volle Zufriedenheit unserer Kunden sicherzustellen. In unserem kontinuierlichen Streben nach Exzellenz widmen wir uns der ma\u00dfgeschneiderten Erstellung jedes unserer Projekte, um sicherzustellen, dass&#8230;<\/p>\n","protected":false},"author":1,"featured_media":3403,"comment_status":"closed","ping_status":"closed","sticky":false,"template":"","format":"standard","meta":{"footnotes":""},"categories":[61],"tags":[199],"class_list":["post-3409","post","type-post","status-publish","format-standard","has-post-thumbnail","hentry","category-ventanas-y-puertas-aluminio-de","tag-aluminiumstruktur"],"_links":{"self":[{"href":"https:\/\/rolfbenker.com\/de\/wp-json\/wp\/v2\/posts\/3409","targetHints":{"allow":["GET"]}}],"collection":[{"href":"https:\/\/rolfbenker.com\/de\/wp-json\/wp\/v2\/posts"}],"about":[{"href":"https:\/\/rolfbenker.com\/de\/wp-json\/wp\/v2\/types\/post"}],"author":[{"embeddable":true,"href":"https:\/\/rolfbenker.com\/de\/wp-json\/wp\/v2\/users\/1"}],"replies":[{"embeddable":true,"href":"https:\/\/rolfbenker.com\/de\/wp-json\/wp\/v2\/comments?post=3409"}],"version-history":[{"count":3,"href":"https:\/\/rolfbenker.com\/de\/wp-json\/wp\/v2\/posts\/3409\/revisions"}],"predecessor-version":[{"id":3412,"href":"https:\/\/rolfbenker.com\/de\/wp-json\/wp\/v2\/posts\/3409\/revisions\/3412"}],"wp:featuredmedia":[{"embeddable":true,"href":"https:\/\/rolfbenker.com\/de\/wp-json\/wp\/v2\/media\/3403"}],"wp:attachment":[{"href":"https:\/\/rolfbenker.com\/de\/wp-json\/wp\/v2\/media?parent=3409"}],"wp:term":[{"taxonomy":"category","embeddable":true,"href":"https:\/\/rolfbenker.com\/de\/wp-json\/wp\/v2\/categories?post=3409"},{"taxonomy":"post_tag","embeddable":true,"href":"https:\/\/rolfbenker.com\/de\/wp-json\/wp\/v2\/tags?post=3409"}],"curies":[{"name":"wp","href":"https:\/\/api.w.org\/{rel}","templated":true}]}}