{"id":3423,"date":"2024-04-22T10:28:23","date_gmt":"2024-04-22T10:28:23","guid":{"rendered":"https:\/\/rolfbenker.com\/instalacion-de-estructura-de-aluminio-fija\/"},"modified":"2024-04-22T10:31:33","modified_gmt":"2024-04-22T10:31:33","slug":"die-installation-einer-festen-aluminiumstruktur","status":"publish","type":"post","link":"https:\/\/rolfbenker.com\/de\/die-installation-einer-festen-aluminiumstruktur\/","title":{"rendered":"Die Installation einer festen Aluminiumstruktur"},"content":{"rendered":"<p>In unserer kontinuierlichen Suche nach innovativen und \u00e4sthetisch ansprechenden L\u00f6sungen f\u00fcr das Zuhause pr\u00e4sentieren wir bei Rolf Benker die Fertigstellung eines Projekts, das wir im vorherigen Beitrag vorgestellt haben: <a href=\"https:\/\/rolfbenker.com\/de\/massgeschneidertes-design-einer-festen-aluminiumstruktur\/\">die Installation einer imposanten Aluminiumstruktur in einem privaten Wohnhaus.<\/a><br \/>\n<!--more--><\/p>\n<p>In fr\u00fcheren Ver\u00f6ffentlichungen konnten unsere Follower den Entstehungsprozess dieser Struktur von den ersten Skizzen in der Werkstatt bis zur Montagephase verfolgen. Jetzt laden wir Sie mit gro\u00dfer Zufriedenheit ein, sie bereits nahtlos in die Wohngegend integriert zu betrachten, wodurch sie sowohl Funktionalit\u00e4t als auch einen markanten Hauch moderner Eleganz verleiht.<\/p>\n<p>Diese Struktur, von beeindruckenden Ausma\u00dfen, zeichnet sich durch ihre beeindruckende visuelle Pr\u00e4senz und ihre vielf\u00e4ltigen praktischen Vorteile aus. Eines der herausragendsten Merkmale ist ihre F\u00e4higkeit, gro\u00dfe Glasfl\u00e4chen aufzunehmen, was zu einem gro\u00dfz\u00fcgigen Einfall von nat\u00fcrlichem Licht f\u00fchrt, das die Innenr\u00e4ume durchflutet und in jedem Winkel des Hauses helle und einladende R\u00e4ume schafft. Die Verschmelzung von Aluminiumfestigkeit und Glasdurchsichtigkeit verleiht ein Gef\u00fchl von Weite und Verbindung nach au\u00dfen, was dazu einl\u00e4dt, Panoramablicke zu genie\u00dfen und die Natur ins Innere des Hauses zu integrieren.<\/p>\n<p>Neben ihrer \u00e4sthetischen Wirkung bietet die Wahl von Aluminium als Hauptmaterial dieser Struktur eine Reihe praktischer Vorteile. Ihre Langlebigkeit und Korrosionsbest\u00e4ndigkeit garantieren eine lange Lebensdauer bei minimalen Wartungsanforderungen, was sich langfristig in Komfort und Sicherheit im Zuhause auszahlt. Die Vielseitigkeit von Aluminium erm\u00f6glicht es, sich an eine breite Palette von architektonischen Designs anzupassen, von minimalistischen Linien bis hin zu komplexeren Strukturen, was unseren Kunden die Freiheit gibt, ihre Ideen pr\u00e4zise und stilvoll umzusetzen.<\/p>\n<p>Die Installation dieser Aluminiumstruktur in einem privaten Wohnhaus unterstreicht unser Engagement, innovative und funktionale L\u00f6sungen anzubieten, die die Lebensqualit\u00e4t unserer Kunden verbessern. Bei Rolf Benker sind wir stolz darauf, zum Schmuck und Komfort der H\u00e4user durch Projekte beizutragen, die \u00fcber die blo\u00dfe Funktionalit\u00e4t hinaus zu wahren architektonischen Meisterwerken werden. Begleiten Sie uns auf dieser Reise zur Exzellenz im Design und in der Qualit\u00e4t, wo jedes Detail sorgf\u00e4ltig durchdacht ist, um selbst die anspruchsvollsten Erwartungen zu \u00fcbertreffen.<\/p>\n<p><a href=\"https:\/\/rolfbenker.com\/de\/kontakt\/\">Kontaktieren Sie uns unverbindlich.<\/a><\/p>\n<div id=\"attachment_3418\" style=\"width: 1610px\" class=\"wp-caption alignnone\"><img decoding=\"async\" aria-describedby=\"caption-attachment-3418\" class=\"size-full wp-image-3418\" src=\"https:\/\/rolfbenker.com\/wp-content\/uploads\/2024\/04\/rolf-benker-carpinteriade-aluminio-lapalma.jpg\" alt=\"estructura de aluminio fija\" width=\"1600\" height=\"1204\" title=\"\" srcset=\"https:\/\/rolfbenker.com\/wp-content\/uploads\/2024\/04\/rolf-benker-carpinteriade-aluminio-lapalma.jpg 1600w, https:\/\/rolfbenker.com\/wp-content\/uploads\/2024\/04\/rolf-benker-carpinteriade-aluminio-lapalma-300x226.jpg 300w, https:\/\/rolfbenker.com\/wp-content\/uploads\/2024\/04\/rolf-benker-carpinteriade-aluminio-lapalma-1024x771.jpg 1024w, https:\/\/rolfbenker.com\/wp-content\/uploads\/2024\/04\/rolf-benker-carpinteriade-aluminio-lapalma-768x578.jpg 768w, https:\/\/rolfbenker.com\/wp-content\/uploads\/2024\/04\/rolf-benker-carpinteriade-aluminio-lapalma-1536x1156.jpg 1536w, https:\/\/rolfbenker.com\/wp-content\/uploads\/2024\/04\/rolf-benker-carpinteriade-aluminio-lapalma-370x278.jpg 370w, https:\/\/rolfbenker.com\/wp-content\/uploads\/2024\/04\/rolf-benker-carpinteriade-aluminio-lapalma-1200x903.jpg 1200w, https:\/\/rolfbenker.com\/wp-content\/uploads\/2024\/04\/rolf-benker-carpinteriade-aluminio-lapalma-360x271.jpg 360w\" sizes=\"auto, (max-width: 1600px) 100vw, 1600px\" \/ fetchpriority=\"high\"><p id=\"caption-attachment-3418\" class=\"wp-caption-text\">estructura de aluminio fija<\/p><\/div>\n<div id=\"attachment_3416\" style=\"width: 1610px\" class=\"wp-caption alignnone\"><img loading=\"lazy\" decoding=\"async\" aria-describedby=\"caption-attachment-3416\" class=\"size-full wp-image-3416\" src=\"https:\/\/rolfbenker.com\/wp-content\/uploads\/2024\/04\/rolf-benker-carpinteriadealuminio-la-palma.jpg\" alt=\"estructura de aluminio fija\" width=\"1600\" height=\"1204\" title=\"\" srcset=\"https:\/\/rolfbenker.com\/wp-content\/uploads\/2024\/04\/rolf-benker-carpinteriadealuminio-la-palma.jpg 1600w, https:\/\/rolfbenker.com\/wp-content\/uploads\/2024\/04\/rolf-benker-carpinteriadealuminio-la-palma-300x226.jpg 300w, https:\/\/rolfbenker.com\/wp-content\/uploads\/2024\/04\/rolf-benker-carpinteriadealuminio-la-palma-1024x771.jpg 1024w, https:\/\/rolfbenker.com\/wp-content\/uploads\/2024\/04\/rolf-benker-carpinteriadealuminio-la-palma-768x578.jpg 768w, https:\/\/rolfbenker.com\/wp-content\/uploads\/2024\/04\/rolf-benker-carpinteriadealuminio-la-palma-1536x1156.jpg 1536w, https:\/\/rolfbenker.com\/wp-content\/uploads\/2024\/04\/rolf-benker-carpinteriadealuminio-la-palma-370x278.jpg 370w, https:\/\/rolfbenker.com\/wp-content\/uploads\/2024\/04\/rolf-benker-carpinteriadealuminio-la-palma-1200x903.jpg 1200w, https:\/\/rolfbenker.com\/wp-content\/uploads\/2024\/04\/rolf-benker-carpinteriadealuminio-la-palma-360x271.jpg 360w\" sizes=\"auto, (max-width: 1600px) 100vw, 1600px\" \/ fetchpriority=\"low\"><p id=\"caption-attachment-3416\" class=\"wp-caption-text\">estructura de aluminio fija<\/p><\/div>\n<div id=\"attachment_3414\" style=\"width: 1214px\" class=\"wp-caption alignnone\"><img loading=\"lazy\" decoding=\"async\" aria-describedby=\"caption-attachment-3414\" class=\"size-full wp-image-3414\" src=\"https:\/\/rolfbenker.com\/wp-content\/uploads\/2024\/04\/rolf-benker-carpinteriadealuminio-lapalma.jpg\" alt=\"estructura de aluminio fija\" width=\"1204\" height=\"1600\" title=\"\" srcset=\"https:\/\/rolfbenker.com\/wp-content\/uploads\/2024\/04\/rolf-benker-carpinteriadealuminio-lapalma.jpg 1204w, https:\/\/rolfbenker.com\/wp-content\/uploads\/2024\/04\/rolf-benker-carpinteriadealuminio-lapalma-226x300.jpg 226w, https:\/\/rolfbenker.com\/wp-content\/uploads\/2024\/04\/rolf-benker-carpinteriadealuminio-lapalma-771x1024.jpg 771w, https:\/\/rolfbenker.com\/wp-content\/uploads\/2024\/04\/rolf-benker-carpinteriadealuminio-lapalma-768x1021.jpg 768w, https:\/\/rolfbenker.com\/wp-content\/uploads\/2024\/04\/rolf-benker-carpinteriadealuminio-lapalma-1156x1536.jpg 1156w, https:\/\/rolfbenker.com\/wp-content\/uploads\/2024\/04\/rolf-benker-carpinteriadealuminio-lapalma-271x360.jpg 271w, https:\/\/rolfbenker.com\/wp-content\/uploads\/2024\/04\/rolf-benker-carpinteriadealuminio-lapalma-1200x1595.jpg 1200w, https:\/\/rolfbenker.com\/wp-content\/uploads\/2024\/04\/rolf-benker-carpinteriadealuminio-lapalma-360x478.jpg 360w\" sizes=\"auto, (max-width: 1204px) 100vw, 1204px\" \/ fetchpriority=\"low\"><p id=\"caption-attachment-3414\" class=\"wp-caption-text\">estructura de aluminio fija<\/p><\/div>\n","protected":false},"excerpt":{"rendered":"<p>In unserer kontinuierlichen Suche nach innovativen und \u00e4sthetisch ansprechenden L\u00f6sungen f\u00fcr das Zuhause pr\u00e4sentieren wir bei Rolf Benker die Fertigstellung eines Projekts, das wir im vorherigen Beitrag vorgestellt haben: die Installation einer imposanten Aluminiumstruktur in einem privaten Wohnhaus.<\/p>\n","protected":false},"author":1,"featured_media":3421,"comment_status":"closed","ping_status":"closed","sticky":false,"template":"","format":"standard","meta":{"footnotes":""},"categories":[61],"tags":[],"class_list":["post-3423","post","type-post","status-publish","format-standard","has-post-thumbnail","hentry","category-ventanas-y-puertas-aluminio-de"],"_links":{"self":[{"href":"https:\/\/rolfbenker.com\/de\/wp-json\/wp\/v2\/posts\/3423","targetHints":{"allow":["GET"]}}],"collection":[{"href":"https:\/\/rolfbenker.com\/de\/wp-json\/wp\/v2\/posts"}],"about":[{"href":"https:\/\/rolfbenker.com\/de\/wp-json\/wp\/v2\/types\/post"}],"author":[{"embeddable":true,"href":"https:\/\/rolfbenker.com\/de\/wp-json\/wp\/v2\/users\/1"}],"replies":[{"embeddable":true,"href":"https:\/\/rolfbenker.com\/de\/wp-json\/wp\/v2\/comments?post=3423"}],"version-history":[{"count":3,"href":"https:\/\/rolfbenker.com\/de\/wp-json\/wp\/v2\/posts\/3423\/revisions"}],"predecessor-version":[{"id":3426,"href":"https:\/\/rolfbenker.com\/de\/wp-json\/wp\/v2\/posts\/3423\/revisions\/3426"}],"wp:featuredmedia":[{"embeddable":true,"href":"https:\/\/rolfbenker.com\/de\/wp-json\/wp\/v2\/media\/3421"}],"wp:attachment":[{"href":"https:\/\/rolfbenker.com\/de\/wp-json\/wp\/v2\/media?parent=3423"}],"wp:term":[{"taxonomy":"category","embeddable":true,"href":"https:\/\/rolfbenker.com\/de\/wp-json\/wp\/v2\/categories?post=3423"},{"taxonomy":"post_tag","embeddable":true,"href":"https:\/\/rolfbenker.com\/de\/wp-json\/wp\/v2\/tags?post=3423"}],"curies":[{"name":"wp","href":"https:\/\/api.w.org\/{rel}","templated":true}]}}