{"id":3467,"date":"2024-08-13T11:49:31","date_gmt":"2024-08-13T11:49:31","guid":{"rendered":"https:\/\/rolfbenker.com\/diseno-e-instalacion-de-porches-en-viviendas\/"},"modified":"2024-08-13T11:55:36","modified_gmt":"2024-08-13T11:55:36","slug":"design-und-installation-von-veranden-in-wohnhaeusern","status":"publish","type":"post","link":"https:\/\/rolfbenker.com\/de\/design-und-installation-von-veranden-in-wohnhaeusern\/","title":{"rendered":"Design und Installation von Veranden in Wohnh\u00e4usern"},"content":{"rendered":"<p>Die Veranda hat sich zu einem grundlegenden Element entwickelt, um den Stil und die Funktionalit\u00e4t eines Hauses zu verbessern. Egal, ob du die W\u00e4rme einer Holzveranda oder die Eleganz einer verglasten Veranda bevorzugst, diese Au\u00dfenbereiche bieten den perfekten Ort, um die Au\u00dfenumgebung des Hauses zu genie\u00dfen, sich zu entspannen und Momente mit der Familie zu teilen.<\/p>\n<h2>Holzveranda: W\u00e4rme und Tradition<\/h2>\n<p>Holzveranden sind eine klassische Wahl, die nie aus der Mode kommt. Holz vermittelt ein Gef\u00fchl von W\u00e4rme und Nat\u00fcrlichkeit, das sich perfekt in die Umgebung einf\u00fcgt. Au\u00dferdem bietet es eine gro\u00dfe Vielseitigkeit in Bezug auf das Design und erm\u00f6glicht es, die Veranda nach dem architektonischen Stil des Hauses individuell anzupassen.<\/p>\n<p><img decoding=\"async\" class=\"alignnone size-full wp-image-2941\" src=\"https:\/\/rolfbenker.com\/wp-content\/uploads\/2023\/07\/porche-madera-rofbenker.jpg\" alt=\"\" width=\"1599\" height=\"1200\" title=\"\" srcset=\"https:\/\/rolfbenker.com\/wp-content\/uploads\/2023\/07\/porche-madera-rofbenker.jpg 1599w, https:\/\/rolfbenker.com\/wp-content\/uploads\/2023\/07\/porche-madera-rofbenker-300x225.jpg 300w, https:\/\/rolfbenker.com\/wp-content\/uploads\/2023\/07\/porche-madera-rofbenker-1024x768.jpg 1024w, https:\/\/rolfbenker.com\/wp-content\/uploads\/2023\/07\/porche-madera-rofbenker-768x576.jpg 768w, https:\/\/rolfbenker.com\/wp-content\/uploads\/2023\/07\/porche-madera-rofbenker-1536x1153.jpg 1536w, https:\/\/rolfbenker.com\/wp-content\/uploads\/2023\/07\/porche-madera-rofbenker-370x278.jpg 370w, https:\/\/rolfbenker.com\/wp-content\/uploads\/2023\/07\/porche-madera-rofbenker-1200x901.jpg 1200w, https:\/\/rolfbenker.com\/wp-content\/uploads\/2023\/07\/porche-madera-rofbenker-360x270.jpg 360w\" sizes=\"auto, (max-width: 1599px) 100vw, 1599px\" \/ fetchpriority=\"high\"><\/p>\n<p><strong>Vorteile von Holzveranden:<\/strong><\/p>\n<ol>\n<li>Nat\u00fcrliche \u00c4sthetik: Holz hat einen zeitlosen Charme, der sowohl zu rustikalen als auch zu modernen H\u00e4usern passt.<\/li>\n<li>Design-Vielseitigkeit: M\u00f6glichkeit, zwischen verschiedenen Holzarten und Oberfl\u00e4chen zu w\u00e4hlen, um das gew\u00fcnschte Aussehen zu erzielen.<\/li>\n<li>Langlebigkeit: Mit der richtigen Pflege k\u00f6nnen Holzveranden Jahrzehnte halten.<\/li>\n<li>Individualisierung: Holz erm\u00f6glicht ein hohes Ma\u00df an Individualisierung, von einfachen Designs bis hin zu komplexeren Strukturen.<\/li>\n<\/ol>\n<p><strong>Installationsprozess:<\/strong> Der Installationsprozess einer Holzveranda beginnt mit einem ma\u00dfgeschneiderten Design, das den Bed\u00fcrfnissen und Vorlieben des Kunden entspricht. Nach der Auswahl der Holzart und der Oberfl\u00e4chenbearbeitung erfolgt der pr\u00e4zise Bau, um eine robuste und langlebige Struktur zu gew\u00e4hrleisten. Bei <em>Rolf Benker Carpinter\u00eda<\/em> fertigen wir diese Art von Veranden v\u00f6llig individuell an und sind w\u00e4hrend des gesamten Prozesses pr\u00e4sent, von der Auswahl der Materialien \u00fcber den Bau bis hin zur Installation im Haus.<\/p>\n<h2>Verglaste Veranden: Eleganz und Modernit\u00e4t<\/h2>\n<p>Verglaste Veranden, auch als Winterg\u00e4rten bekannt, bieten eine moderne und elegante L\u00f6sung, um den Wohnraum des Hauses zu erweitern. Diese Veranden erm\u00f6glichen es, das \u00c4u\u00dfere das ganze Jahr \u00fcber zu genie\u00dfen, indem sie vor ung\u00fcnstigen Wetterbedingungen sch\u00fctzen und gleichzeitig eine visuelle Verbindung zur Umgebung aufrechterhalten.<\/p>\n<div id=\"attachment_3463\" style=\"width: 1210px\" class=\"wp-caption alignnone\"><img loading=\"lazy\" decoding=\"async\" aria-describedby=\"caption-attachment-3463\" class=\"size-full wp-image-3463\" src=\"https:\/\/rolfbenker.com\/wp-content\/uploads\/2024\/08\/rolf-benker-invernaderos.jpg\" alt=\"Porche acristalado, Rolf Benker\" width=\"1200\" height=\"900\" title=\"\" srcset=\"https:\/\/rolfbenker.com\/wp-content\/uploads\/2024\/08\/rolf-benker-invernaderos.jpg 1200w, https:\/\/rolfbenker.com\/wp-content\/uploads\/2024\/08\/rolf-benker-invernaderos-300x225.jpg 300w, https:\/\/rolfbenker.com\/wp-content\/uploads\/2024\/08\/rolf-benker-invernaderos-1024x768.jpg 1024w, https:\/\/rolfbenker.com\/wp-content\/uploads\/2024\/08\/rolf-benker-invernaderos-768x576.jpg 768w, https:\/\/rolfbenker.com\/wp-content\/uploads\/2024\/08\/rolf-benker-invernaderos-370x278.jpg 370w, https:\/\/rolfbenker.com\/wp-content\/uploads\/2024\/08\/rolf-benker-invernaderos-360x270.jpg 360w\" sizes=\"auto, (max-width: 1200px) 100vw, 1200px\" \/ fetchpriority=\"low\"><p id=\"caption-attachment-3463\" class=\"wp-caption-text\">Porche acristalado, Rolf Benker<\/p><\/div>\n<p><strong>Vorteile von verglasten Veranden:<\/strong><\/p>\n<ol>\n<li>Nutzung des nat\u00fcrlichen Lichts: Die gro\u00dfen Fenster lassen viel nat\u00fcrliches Licht herein, wodurch ein heller und einladender Raum entsteht.<\/li>\n<li>Multifunktionaler Raum: Kann als Wohnzimmer, Esszimmer oder sogar als Innenhof genutzt werden, wodurch sich die Nutzungsm\u00f6glichkeiten erweitern.<\/li>\n<li>Witterungsschutz: Genie\u00dfe das \u00c4u\u00dfere, ohne dir Sorgen \u00fcber Regen, Wind oder K\u00e4lte machen zu m\u00fcssen, dank der Isolierung, die das Verglasungssystem bietet.<\/li>\n<li>Zeitgem\u00e4\u00dfe \u00c4sthetik: Verglaste Veranden bieten einen modernen Stil, der den Wert und die Raffinesse des Hauses erh\u00f6ht.<\/li>\n<\/ol>\n<p><strong>Installationsprozess:<\/strong> Die Installation einer verglasten Veranda erfordert ein sorgf\u00e4ltiges Design, um sicherzustellen, dass sie sich nahtlos in die Architektur des Hauses einf\u00fcgt. Das Glas muss von hoher Qualit\u00e4t sein, mit Optionen wie Doppel- oder Dreifachverglasung, um eine gute W\u00e4rme- und Schalld\u00e4mmung zu gew\u00e4hrleisten. Zudem ist es wichtig, \u00fcber ein geeignetes Bel\u00fcftungssystem zu verf\u00fcgen, um Feuchtigkeitsansammlungen zu vermeiden. Bei <em>Rolf Benker Carpinter\u00eda<\/em> bieten wir auch diesen Service an und halten dabei die Bauvorschriften und lokalen Bestimmungen ein.<\/p>\n<p>Sowohl Holzveranden als auch verglaste Veranden sind ausgezeichnete Optionen f\u00fcr diejenigen, die ihr Zuhause erweitern und versch\u00f6nern m\u00f6chten. Die Wahl zwischen den beiden h\u00e4ngt vom Lebensstil, den Bed\u00fcrfnissen und den pers\u00f6nlichen Vorlieben des Eigent\u00fcmers ab. In jedem Fall verbessert eine gut gestaltete und installierte Veranda nicht nur die \u00c4sthetik des Hauses, sondern steigert auch dessen Wert und Funktionalit\u00e4t.<\/p>\n<p>Wenn du dar\u00fcber nachdenkst, deinem Zuhause eine Veranda hinzuzuf\u00fcgen, sei es aus Holz oder verglast, ist es entscheidend, erfahrene Fachleute zu beauftragen, die ein Design und eine Installation von hoher Qualit\u00e4t gew\u00e4hrleisten. Bei <a href=\"https:\/\/rolfbenker.com\/de\/kontakt\/\"><em>Rolf Benker Carpinter\u00eda<\/em><\/a> steht dir ein Team von Fachleuten zur Seite, das dich w\u00e4hrend des gesamten Prozesses ber\u00e4t und unterst\u00fctzt. Kontaktiere uns unverbindlich f\u00fcr weitere Informationen oder um ein Angebot zu erhalten.<\/p>\n","protected":false},"excerpt":{"rendered":"<p>Die Veranda hat sich zu einem grundlegenden Element entwickelt, um den Stil und die Funktionalit\u00e4t eines Hauses zu verbessern. Egal, ob du die W\u00e4rme einer Holzveranda oder die Eleganz einer verglasten Veranda bevorzugst, diese Au\u00dfenbereiche bieten den perfekten Ort, um&#8230;<\/p>\n","protected":false},"author":1,"featured_media":3464,"comment_status":"closed","ping_status":"closed","sticky":false,"template":"","format":"standard","meta":{"footnotes":""},"categories":[57],"tags":[204,151],"class_list":["post-3467","post","type-post","status-publish","format-standard","has-post-thumbnail","hentry","category-invernaderos-de","tag-porche-de","tag-porche-acristalado-de"],"_links":{"self":[{"href":"https:\/\/rolfbenker.com\/de\/wp-json\/wp\/v2\/posts\/3467","targetHints":{"allow":["GET"]}}],"collection":[{"href":"https:\/\/rolfbenker.com\/de\/wp-json\/wp\/v2\/posts"}],"about":[{"href":"https:\/\/rolfbenker.com\/de\/wp-json\/wp\/v2\/types\/post"}],"author":[{"embeddable":true,"href":"https:\/\/rolfbenker.com\/de\/wp-json\/wp\/v2\/users\/1"}],"replies":[{"embeddable":true,"href":"https:\/\/rolfbenker.com\/de\/wp-json\/wp\/v2\/comments?post=3467"}],"version-history":[{"count":3,"href":"https:\/\/rolfbenker.com\/de\/wp-json\/wp\/v2\/posts\/3467\/revisions"}],"predecessor-version":[{"id":3470,"href":"https:\/\/rolfbenker.com\/de\/wp-json\/wp\/v2\/posts\/3467\/revisions\/3470"}],"wp:featuredmedia":[{"embeddable":true,"href":"https:\/\/rolfbenker.com\/de\/wp-json\/wp\/v2\/media\/3464"}],"wp:attachment":[{"href":"https:\/\/rolfbenker.com\/de\/wp-json\/wp\/v2\/media?parent=3467"}],"wp:term":[{"taxonomy":"category","embeddable":true,"href":"https:\/\/rolfbenker.com\/de\/wp-json\/wp\/v2\/categories?post=3467"},{"taxonomy":"post_tag","embeddable":true,"href":"https:\/\/rolfbenker.com\/de\/wp-json\/wp\/v2\/tags?post=3467"}],"curies":[{"name":"wp","href":"https:\/\/api.w.org\/{rel}","templated":true}]}}