{"id":3508,"date":"2024-09-06T11:48:52","date_gmt":"2024-09-06T11:48:52","guid":{"rendered":"https:\/\/rolfbenker.com\/instalacion-de-ventanas\/"},"modified":"2024-09-06T11:52:05","modified_gmt":"2024-09-06T11:52:05","slug":"installation-von-fenstern","status":"publish","type":"post","link":"https:\/\/rolfbenker.com\/de\/installation-von-fenstern\/","title":{"rendered":"Installation von Fenstern mit auf das Glas geklebter Sprossenoptik"},"content":{"rendered":"<div class=\"flex-shrink-0 flex flex-col relative items-end\">\n<div>\n<div class=\"pt-0\">\n<div class=\"gizmo-bot-avatar flex h-8 w-8 items-center justify-center overflow-hidden rounded-full\">\n<div class=\"relative p-1 rounded-sm flex items-center justify-center bg-token-main-surface-primary text-token-text-primary h-8 w-8\"><strong>Wir pr\u00e4sentieren eines unserer neuesten Projekte: Installation von Fenstern mit auf das Glas geklebter Sprossenoptik<\/strong><\/div>\n<\/div>\n<\/div>\n<\/div>\n<\/div>\n<p><img loading=\"lazy\" decoding=\"async\" class=\"alignnone size-full wp-image-3505\" src=\"https:\/\/rolfbenker.com\/wp-content\/uploads\/2024\/09\/ventanas-rolfbenker-carpinteria-4.jpg\" alt=\"Instalaci\u00f3n de ventanas con paliller\u00eda pegada sobre el cristal\" width=\"1600\" height=\"1204\" title=\"\" srcset=\"https:\/\/rolfbenker.com\/wp-content\/uploads\/2024\/09\/ventanas-rolfbenker-carpinteria-4.jpg 1600w, https:\/\/rolfbenker.com\/wp-content\/uploads\/2024\/09\/ventanas-rolfbenker-carpinteria-4-300x226.jpg 300w, https:\/\/rolfbenker.com\/wp-content\/uploads\/2024\/09\/ventanas-rolfbenker-carpinteria-4-1024x771.jpg 1024w, https:\/\/rolfbenker.com\/wp-content\/uploads\/2024\/09\/ventanas-rolfbenker-carpinteria-4-768x578.jpg 768w, https:\/\/rolfbenker.com\/wp-content\/uploads\/2024\/09\/ventanas-rolfbenker-carpinteria-4-1536x1156.jpg 1536w, https:\/\/rolfbenker.com\/wp-content\/uploads\/2024\/09\/ventanas-rolfbenker-carpinteria-4-370x278.jpg 370w, https:\/\/rolfbenker.com\/wp-content\/uploads\/2024\/09\/ventanas-rolfbenker-carpinteria-4-1200x903.jpg 1200w, https:\/\/rolfbenker.com\/wp-content\/uploads\/2024\/09\/ventanas-rolfbenker-carpinteria-4-360x271.jpg 360w\" sizes=\"auto, (max-width: 1600px) 100vw, 1600px\" \/ fetchpriority=\"low\"><\/p>\n<p>Bei <strong>Rolf Benker, Ihrer Ma\u00dfschreinerei auf La Palma<\/strong>, freuen wir uns, eines unserer j\u00fcngsten Projekte vorzustellen: die Montage und Installation von Fenstern mit auf das Glas geklebter Sprossenoptik, die vollst\u00e4ndig nach Ma\u00df entworfen und gefertigt wurden. Diese Fenster zeichnen sich durch eine elegante Aluminiumoberfl\u00e4che aus und sind mit <strong>Doppelverglasung<\/strong> ausgestattet, wodurch unseren Kunden die perfekte Kombination aus Design und Funktionalit\u00e4t geboten wird.<\/p>\n<h3>Vorteile der Aluminiumoberfl\u00e4che<\/h3>\n<p>Aluminium hat sich zu einer der gefragtesten Optionen f\u00fcr Fensteroberfl\u00e4chen entwickelt \u2013 und das nicht ohne Grund. <strong>Dieses Material besticht durch seine Langlebigkeit und Widerstandsf\u00e4higkeit<\/strong>, was es zur idealen Wahl f\u00fcr die klimatischen Bedingungen auf der Insel La Palma macht. Dar\u00fcber hinaus ist Aluminium korrosionsbest\u00e4ndig, was es besonders geeignet f\u00fcr K\u00fcstengebiete oder Regionen mit hoher Luftfeuchtigkeit macht, wie sie in vielen Teilen der Insel zu finden sind. Der Wartungsaufwand ist minimal, da Aluminium keine speziellen Behandlungen ben\u00f6tigt und \u00fcber lange Zeit hinweg makellos bleibt. \u00c4sthetisch bietet es ein modernes und elegantes Finish, das sich an jeden architektonischen Stil anpasst und jedem Raum einen Hauch von Raffinesse verleiht.<\/p>\n<p><img loading=\"lazy\" decoding=\"async\" class=\"alignnone size-full wp-image-3503\" src=\"https:\/\/rolfbenker.com\/wp-content\/uploads\/2024\/09\/ventanas-rolfbenker-carpinteria-3.jpg\" alt=\"Instalaci\u00f3n de ventanas con paliller\u00eda pegada sobre el cristal\" width=\"1204\" height=\"1600\" title=\"\" srcset=\"https:\/\/rolfbenker.com\/wp-content\/uploads\/2024\/09\/ventanas-rolfbenker-carpinteria-3.jpg 1204w, https:\/\/rolfbenker.com\/wp-content\/uploads\/2024\/09\/ventanas-rolfbenker-carpinteria-3-226x300.jpg 226w, https:\/\/rolfbenker.com\/wp-content\/uploads\/2024\/09\/ventanas-rolfbenker-carpinteria-3-771x1024.jpg 771w, https:\/\/rolfbenker.com\/wp-content\/uploads\/2024\/09\/ventanas-rolfbenker-carpinteria-3-768x1021.jpg 768w, https:\/\/rolfbenker.com\/wp-content\/uploads\/2024\/09\/ventanas-rolfbenker-carpinteria-3-1156x1536.jpg 1156w, https:\/\/rolfbenker.com\/wp-content\/uploads\/2024\/09\/ventanas-rolfbenker-carpinteria-3-271x360.jpg 271w, https:\/\/rolfbenker.com\/wp-content\/uploads\/2024\/09\/ventanas-rolfbenker-carpinteria-3-1200x1595.jpg 1200w, https:\/\/rolfbenker.com\/wp-content\/uploads\/2024\/09\/ventanas-rolfbenker-carpinteria-3-360x478.jpg 360w\" sizes=\"auto, (max-width: 1204px) 100vw, 1204px\" \/ fetchpriority=\"low\"><\/p>\n<h3>Vorteile der Doppelverglasung<\/h3>\n<p>Ein weiteres zentrales Merkmal dieses Projekts ist die <strong>Doppelverglasung<\/strong>, eine Technologie, die den Wohnkomfort erheblich verbessert. Fenster mit Doppelverglasung bieten eine hervorragende <strong>W\u00e4rme- und Schalld\u00e4mmung<\/strong>, indem sie helfen, die Innentemperatur stabil zu halten und den Bedarf an Klimatisierung zu verringern \u2013 was zu erheblichen Energieeinsparungen f\u00fchrt. Au\u00dferdem bieten sie einen hervorragenden Schallschutz, indem sie den Au\u00dfenl\u00e4rm reduzieren und so eine ruhigere und angenehmere Wohnumgebung schaffen. Diese Art der Verglasung tr\u00e4gt auch zu einer h\u00f6heren Sicherheit bei, da sie die Widerstandsf\u00e4higkeit des Glases gegen\u00fcber St\u00f6\u00dfen erh\u00f6ht.<\/p>\n<p>Bei <strong>Rolf Benker<\/strong> sind wir stolz darauf, ma\u00dfgeschneiderte L\u00f6sungen anzubieten, die den Bed\u00fcrfnissen und W\u00fcnschen unserer Kunden entsprechen. Wenn Sie die \u00c4sthetik und Funktionalit\u00e4t Ihres Hauses mit hochwertigen Fenstern und einer au\u00dfergew\u00f6hnlichen Oberfl\u00e4che verbessern m\u00f6chten, z\u00f6gern Sie nicht, uns zu kontaktieren.<\/p>\n<p><a href=\"https:\/\/rolfbenker.com\/de\/kontakt\/\"><strong>Wir sind hier, um Ihnen zu helfen, Ihr Zuhause zu verwandeln!<\/strong><\/a><\/p>\n\n\t\t<style type=\"text\/css\">\n\t\t\t#gallery-1 {\n\t\t\t\tmargin: auto;\n\t\t\t}\n\t\t\t#gallery-1 .gallery-item {\n\t\t\t\tfloat: left;\n\t\t\t\tmargin-top: 10px;\n\t\t\t\ttext-align: center;\n\t\t\t\twidth: 50%;\n\t\t\t}\n\t\t\t#gallery-1 img {\n\t\t\t\tborder: 2px solid #cfcfcf;\n\t\t\t}\n\t\t\t#gallery-1 .gallery-caption {\n\t\t\t\tmargin-left: 0;\n\t\t\t}\n\t\t\t\/* see gallery_shortcode() in wp-includes\/media.php *\/\n\t\t<\/style>\n\t\t<div id='gallery-1' class='gallery galleryid-3508 gallery-columns-2 gallery-size-full'><dl class='gallery-item'>\n\t\t\t<dt class='gallery-icon portrait'>\n\t\t\t\t<a href='https:\/\/rolfbenker.com\/de\/installation-von-fenstern\/ventanas-rolfbenker-carpinteria-2-2\/'><img width=\"1200\" height=\"1600\" src=\"https:\/\/rolfbenker.com\/wp-content\/uploads\/2024\/09\/ventanas-rolfbenker-carpinteria-2.jpg\" class=\"attachment-full size-full\" alt=\"Instalaci\u00f3n de ventanas con paliller\u00eda pegada sobre el cristal\" srcset=\"https:\/\/rolfbenker.com\/wp-content\/uploads\/2024\/09\/ventanas-rolfbenker-carpinteria-2.jpg 1200w, https:\/\/rolfbenker.com\/wp-content\/uploads\/2024\/09\/ventanas-rolfbenker-carpinteria-2-225x300.jpg 225w, https:\/\/rolfbenker.com\/wp-content\/uploads\/2024\/09\/ventanas-rolfbenker-carpinteria-2-768x1024.jpg 768w, https:\/\/rolfbenker.com\/wp-content\/uploads\/2024\/09\/ventanas-rolfbenker-carpinteria-2-1152x1536.jpg 1152w, https:\/\/rolfbenker.com\/wp-content\/uploads\/2024\/09\/ventanas-rolfbenker-carpinteria-2-270x360.jpg 270w, https:\/\/rolfbenker.com\/wp-content\/uploads\/2024\/09\/ventanas-rolfbenker-carpinteria-2-360x480.jpg 360w\" sizes=\"(max-width: 1200px) 100vw, 1200px\" decoding=\"async\" fetchpriority=\"high\" title=\"\" loading=\"lazy\"><\/a>\n\t\t\t<\/dt><\/dl><dl class='gallery-item'>\n\t\t\t<dt class='gallery-icon portrait'>\n\t\t\t\t<a href='https:\/\/rolfbenker.com\/de\/installation-von-fenstern\/ventanas-rolfbenker-carpinteria-1-2\/'><img width=\"1204\" height=\"1600\" src=\"https:\/\/rolfbenker.com\/wp-content\/uploads\/2024\/09\/ventanas-rolfbenker-carpinteria-1.jpg\" class=\"attachment-full size-full\" alt=\"Instalaci\u00f3n de ventanas con paliller\u00eda pegada sobre el cristal\" srcset=\"https:\/\/rolfbenker.com\/wp-content\/uploads\/2024\/09\/ventanas-rolfbenker-carpinteria-1.jpg 1204w, https:\/\/rolfbenker.com\/wp-content\/uploads\/2024\/09\/ventanas-rolfbenker-carpinteria-1-226x300.jpg 226w, https:\/\/rolfbenker.com\/wp-content\/uploads\/2024\/09\/ventanas-rolfbenker-carpinteria-1-771x1024.jpg 771w, https:\/\/rolfbenker.com\/wp-content\/uploads\/2024\/09\/ventanas-rolfbenker-carpinteria-1-768x1021.jpg 768w, https:\/\/rolfbenker.com\/wp-content\/uploads\/2024\/09\/ventanas-rolfbenker-carpinteria-1-1156x1536.jpg 1156w, https:\/\/rolfbenker.com\/wp-content\/uploads\/2024\/09\/ventanas-rolfbenker-carpinteria-1-271x360.jpg 271w, https:\/\/rolfbenker.com\/wp-content\/uploads\/2024\/09\/ventanas-rolfbenker-carpinteria-1-1200x1595.jpg 1200w, https:\/\/rolfbenker.com\/wp-content\/uploads\/2024\/09\/ventanas-rolfbenker-carpinteria-1-360x478.jpg 360w\" sizes=\"auto, (max-width: 1204px) 100vw, 1204px\" loading=\"lazy\" decoding=\"async\" fetchpriority=\"low\" title=\"\"><\/a>\n\t\t\t<\/dt><\/dl><br style=\"clear: both\" \/><dl class='gallery-item'>\n\t\t\t<dt class='gallery-icon portrait'>\n\t\t\t\t<a href='https:\/\/rolfbenker.com\/de\/installation-von-fenstern\/rolfbenker-ventanas-1-2\/'><img width=\"1200\" height=\"1600\" src=\"https:\/\/rolfbenker.com\/wp-content\/uploads\/2024\/09\/rolfbenker-ventanas-1.jpg\" class=\"attachment-full size-full\" alt=\"Instalaci\u00f3n de ventanas con paliller\u00eda pegada sobre el cristal\" srcset=\"https:\/\/rolfbenker.com\/wp-content\/uploads\/2024\/09\/rolfbenker-ventanas-1.jpg 1200w, https:\/\/rolfbenker.com\/wp-content\/uploads\/2024\/09\/rolfbenker-ventanas-1-225x300.jpg 225w, https:\/\/rolfbenker.com\/wp-content\/uploads\/2024\/09\/rolfbenker-ventanas-1-768x1024.jpg 768w, https:\/\/rolfbenker.com\/wp-content\/uploads\/2024\/09\/rolfbenker-ventanas-1-1152x1536.jpg 1152w, https:\/\/rolfbenker.com\/wp-content\/uploads\/2024\/09\/rolfbenker-ventanas-1-270x360.jpg 270w, https:\/\/rolfbenker.com\/wp-content\/uploads\/2024\/09\/rolfbenker-ventanas-1-360x480.jpg 360w\" sizes=\"auto, (max-width: 1200px) 100vw, 1200px\" loading=\"lazy\" decoding=\"async\" fetchpriority=\"low\" title=\"\"><\/a>\n\t\t\t<\/dt><\/dl><dl class='gallery-item'>\n\t\t\t<dt class='gallery-icon portrait'>\n\t\t\t\t<a href='https:\/\/rolfbenker.com\/de\/installation-von-fenstern\/rolfbenker-ventanas-2-2-2\/'><img width=\"1204\" height=\"1600\" src=\"https:\/\/rolfbenker.com\/wp-content\/uploads\/2024\/09\/rolfbenker-ventanas-2.jpg\" class=\"attachment-full size-full\" alt=\"Instalaci\u00f3n de ventanas con paliller\u00eda pegada sobre el cristal\" srcset=\"https:\/\/rolfbenker.com\/wp-content\/uploads\/2024\/09\/rolfbenker-ventanas-2.jpg 1204w, https:\/\/rolfbenker.com\/wp-content\/uploads\/2024\/09\/rolfbenker-ventanas-2-226x300.jpg 226w, https:\/\/rolfbenker.com\/wp-content\/uploads\/2024\/09\/rolfbenker-ventanas-2-771x1024.jpg 771w, https:\/\/rolfbenker.com\/wp-content\/uploads\/2024\/09\/rolfbenker-ventanas-2-768x1021.jpg 768w, https:\/\/rolfbenker.com\/wp-content\/uploads\/2024\/09\/rolfbenker-ventanas-2-1156x1536.jpg 1156w, https:\/\/rolfbenker.com\/wp-content\/uploads\/2024\/09\/rolfbenker-ventanas-2-271x360.jpg 271w, https:\/\/rolfbenker.com\/wp-content\/uploads\/2024\/09\/rolfbenker-ventanas-2-1200x1595.jpg 1200w, https:\/\/rolfbenker.com\/wp-content\/uploads\/2024\/09\/rolfbenker-ventanas-2-360x478.jpg 360w\" sizes=\"auto, (max-width: 1204px) 100vw, 1204px\" loading=\"lazy\" decoding=\"async\" fetchpriority=\"low\" title=\"\"><\/a>\n\t\t\t<\/dt><\/dl><br style=\"clear: both\" \/>\n\t\t<\/div>\n\n","protected":false},"excerpt":{"rendered":"<p>Wir pr\u00e4sentieren eines unserer neuesten Projekte: Installation von Fenstern mit auf das Glas geklebter Sprossenoptik Bei Rolf Benker, Ihrer Ma\u00dfschreinerei auf La Palma, freuen wir uns, eines unserer j\u00fcngsten Projekte vorzustellen: die Montage und Installation von Fenstern mit auf das&#8230;<\/p>\n","protected":false},"author":1,"featured_media":3498,"comment_status":"closed","ping_status":"closed","sticky":false,"template":"","format":"standard","meta":{"footnotes":""},"categories":[61],"tags":[179],"class_list":["post-3508","post","type-post","status-publish","format-standard","has-post-thumbnail","hentry","category-ventanas-y-puertas-aluminio-de","tag-fenstern-und-tueren"],"_links":{"self":[{"href":"https:\/\/rolfbenker.com\/de\/wp-json\/wp\/v2\/posts\/3508","targetHints":{"allow":["GET"]}}],"collection":[{"href":"https:\/\/rolfbenker.com\/de\/wp-json\/wp\/v2\/posts"}],"about":[{"href":"https:\/\/rolfbenker.com\/de\/wp-json\/wp\/v2\/types\/post"}],"author":[{"embeddable":true,"href":"https:\/\/rolfbenker.com\/de\/wp-json\/wp\/v2\/users\/1"}],"replies":[{"embeddable":true,"href":"https:\/\/rolfbenker.com\/de\/wp-json\/wp\/v2\/comments?post=3508"}],"version-history":[{"count":3,"href":"https:\/\/rolfbenker.com\/de\/wp-json\/wp\/v2\/posts\/3508\/revisions"}],"predecessor-version":[{"id":3511,"href":"https:\/\/rolfbenker.com\/de\/wp-json\/wp\/v2\/posts\/3508\/revisions\/3511"}],"wp:featuredmedia":[{"embeddable":true,"href":"https:\/\/rolfbenker.com\/de\/wp-json\/wp\/v2\/media\/3498"}],"wp:attachment":[{"href":"https:\/\/rolfbenker.com\/de\/wp-json\/wp\/v2\/media?parent=3508"}],"wp:term":[{"taxonomy":"category","embeddable":true,"href":"https:\/\/rolfbenker.com\/de\/wp-json\/wp\/v2\/categories?post=3508"},{"taxonomy":"post_tag","embeddable":true,"href":"https:\/\/rolfbenker.com\/de\/wp-json\/wp\/v2\/tags?post=3508"}],"curies":[{"name":"wp","href":"https:\/\/api.w.org\/{rel}","templated":true}]}}