{"id":3545,"date":"2024-10-11T11:25:54","date_gmt":"2024-10-11T11:25:54","guid":{"rendered":"https:\/\/rolfbenker.com\/nueva-pergola-de-aluminio-en-la-palma\/"},"modified":"2024-10-11T11:35:20","modified_gmt":"2024-10-11T11:35:20","slug":"neue-aluminium-pergola-auf-la-palma","status":"publish","type":"post","link":"https:\/\/rolfbenker.com\/de\/neue-aluminium-pergola-auf-la-palma\/","title":{"rendered":"Neue Aluminium-Pergola auf La Palma"},"content":{"rendered":"<p><em><strong>Neue Aluminium-Pergola auf La Palma: Eleganz und Funktionalit\u00e4t f\u00fcr den Au\u00dfenbereich<\/strong><\/em><\/p>\n<p>Bei <strong>Rolf Benker Carpinter\u00eda<\/strong> sind wir darauf spezialisiert, handwerkliche L\u00f6sungen mit erstklassigen Oberfl\u00e4chen anzubieten. Eines unserer neuesten Projekte auf der Insel La Palma ist die Installation einer Aluminium-Pergola in Wei\u00df mit festen Lamellen, die entwickelt wurde, um sowohl Stil als auch Funktionalit\u00e4t in diesen wundersch\u00f6nen Au\u00dfenbereich zu bringen.<\/p>\n<p>Die Konstruktion besticht durch ihr sauberes und modernes Design, mit Lamellen, die das Sonnenlicht filtern und einen schattigen Bereich schaffen, der perfekt ist, um sich an hei\u00dfen Tagen zu entspannen. Gleichzeitig erm\u00f6glicht ihre Anordnung, weiterhin den Blick auf den Himmel und die nat\u00fcrliche Umgebung zu genie\u00dfen, ohne dabei auf Komfort oder Frische zu verzichten. Ideal f\u00fcr alle, die ein Gleichgewicht zwischen Sonnenschutz und Naturverbundenheit suchen.<\/p>\n<p>Das f\u00fcr dieses Projekt gew\u00e4hlte Aluminium garantiert nicht nur Langlebigkeit und Widerstandsf\u00e4higkeit gegen\u00fcber Witterungseinfl\u00fcssen, sondern erfordert auch wenig Pflege, sodass es im Laufe der Jahre sein makelloses Aussehen beh\u00e4lt.<\/p>\n<p>Dieses Projekt ist ein Beispiel f\u00fcr das Engagement von Rolf Benker, Au\u00dfenbereiche zu schaffen, die Sch\u00f6nheit, Funktionalit\u00e4t und handwerkliche Qualit\u00e4t vereinen. Wir laden Sie ein, sich die Bilder dieses Projekts anzusehen und uns zu kontaktieren, <a href=\"https:\/\/rolfbenker.com\/de\/kontakt\/\">wenn Sie eine ma\u00dfgeschneiderte L\u00f6sung f\u00fcr Ihr Zuhause w\u00fcnschen.<\/a><\/p>\n<p>&nbsp;<\/p>\n<p><img decoding=\"async\" class=\"alignnone size-full wp-image-3541\" src=\"https:\/\/rolfbenker.com\/wp-content\/uploads\/2024\/10\/rolfbenker-lapalma-01.jpg\" alt=\"\" width=\"1600\" height=\"1200\" title=\"\" srcset=\"https:\/\/rolfbenker.com\/wp-content\/uploads\/2024\/10\/rolfbenker-lapalma-01.jpg 1600w, https:\/\/rolfbenker.com\/wp-content\/uploads\/2024\/10\/rolfbenker-lapalma-01-300x225.jpg 300w, https:\/\/rolfbenker.com\/wp-content\/uploads\/2024\/10\/rolfbenker-lapalma-01-1024x768.jpg 1024w, https:\/\/rolfbenker.com\/wp-content\/uploads\/2024\/10\/rolfbenker-lapalma-01-768x576.jpg 768w, https:\/\/rolfbenker.com\/wp-content\/uploads\/2024\/10\/rolfbenker-lapalma-01-1536x1152.jpg 1536w, https:\/\/rolfbenker.com\/wp-content\/uploads\/2024\/10\/rolfbenker-lapalma-01-370x278.jpg 370w, https:\/\/rolfbenker.com\/wp-content\/uploads\/2024\/10\/rolfbenker-lapalma-01-1200x900.jpg 1200w, https:\/\/rolfbenker.com\/wp-content\/uploads\/2024\/10\/rolfbenker-lapalma-01-360x270.jpg 360w\" sizes=\"auto, (max-width: 1600px) 100vw, 1600px\" \/ fetchpriority=\"high\"> <img loading=\"lazy\" decoding=\"async\" class=\"alignnone size-full wp-image-3537\" src=\"https:\/\/rolfbenker.com\/wp-content\/uploads\/2024\/10\/rolfbenker-lapalma-03.jpg\" alt=\"\" width=\"1600\" height=\"1200\" title=\"\" srcset=\"https:\/\/rolfbenker.com\/wp-content\/uploads\/2024\/10\/rolfbenker-lapalma-03.jpg 1600w, https:\/\/rolfbenker.com\/wp-content\/uploads\/2024\/10\/rolfbenker-lapalma-03-300x225.jpg 300w, https:\/\/rolfbenker.com\/wp-content\/uploads\/2024\/10\/rolfbenker-lapalma-03-1024x768.jpg 1024w, https:\/\/rolfbenker.com\/wp-content\/uploads\/2024\/10\/rolfbenker-lapalma-03-768x576.jpg 768w, https:\/\/rolfbenker.com\/wp-content\/uploads\/2024\/10\/rolfbenker-lapalma-03-1536x1152.jpg 1536w, https:\/\/rolfbenker.com\/wp-content\/uploads\/2024\/10\/rolfbenker-lapalma-03-370x278.jpg 370w, https:\/\/rolfbenker.com\/wp-content\/uploads\/2024\/10\/rolfbenker-lapalma-03-1200x900.jpg 1200w, https:\/\/rolfbenker.com\/wp-content\/uploads\/2024\/10\/rolfbenker-lapalma-03-360x270.jpg 360w\" sizes=\"auto, (max-width: 1600px) 100vw, 1600px\" \/ fetchpriority=\"low\"> <img loading=\"lazy\" decoding=\"async\" class=\"alignnone size-full wp-image-3535\" src=\"https:\/\/rolfbenker.com\/wp-content\/uploads\/2024\/10\/rolfbenker-lapalma-04.jpg\" alt=\"\" width=\"1600\" height=\"1200\" title=\"\" srcset=\"https:\/\/rolfbenker.com\/wp-content\/uploads\/2024\/10\/rolfbenker-lapalma-04.jpg 1600w, https:\/\/rolfbenker.com\/wp-content\/uploads\/2024\/10\/rolfbenker-lapalma-04-300x225.jpg 300w, https:\/\/rolfbenker.com\/wp-content\/uploads\/2024\/10\/rolfbenker-lapalma-04-1024x768.jpg 1024w, https:\/\/rolfbenker.com\/wp-content\/uploads\/2024\/10\/rolfbenker-lapalma-04-768x576.jpg 768w, https:\/\/rolfbenker.com\/wp-content\/uploads\/2024\/10\/rolfbenker-lapalma-04-1536x1152.jpg 1536w, https:\/\/rolfbenker.com\/wp-content\/uploads\/2024\/10\/rolfbenker-lapalma-04-370x278.jpg 370w, https:\/\/rolfbenker.com\/wp-content\/uploads\/2024\/10\/rolfbenker-lapalma-04-1200x900.jpg 1200w, https:\/\/rolfbenker.com\/wp-content\/uploads\/2024\/10\/rolfbenker-lapalma-04-360x270.jpg 360w\" sizes=\"auto, (max-width: 1600px) 100vw, 1600px\" \/ fetchpriority=\"low\"> <img loading=\"lazy\" decoding=\"async\" class=\"alignnone size-full wp-image-3531\" src=\"https:\/\/rolfbenker.com\/wp-content\/uploads\/2024\/10\/rolfbenker-lapalma-06.jpg\" alt=\"\" width=\"1600\" height=\"1200\" title=\"\" srcset=\"https:\/\/rolfbenker.com\/wp-content\/uploads\/2024\/10\/rolfbenker-lapalma-06.jpg 1600w, https:\/\/rolfbenker.com\/wp-content\/uploads\/2024\/10\/rolfbenker-lapalma-06-300x225.jpg 300w, https:\/\/rolfbenker.com\/wp-content\/uploads\/2024\/10\/rolfbenker-lapalma-06-1024x768.jpg 1024w, https:\/\/rolfbenker.com\/wp-content\/uploads\/2024\/10\/rolfbenker-lapalma-06-768x576.jpg 768w, https:\/\/rolfbenker.com\/wp-content\/uploads\/2024\/10\/rolfbenker-lapalma-06-1536x1152.jpg 1536w, https:\/\/rolfbenker.com\/wp-content\/uploads\/2024\/10\/rolfbenker-lapalma-06-370x278.jpg 370w, https:\/\/rolfbenker.com\/wp-content\/uploads\/2024\/10\/rolfbenker-lapalma-06-1200x900.jpg 1200w, https:\/\/rolfbenker.com\/wp-content\/uploads\/2024\/10\/rolfbenker-lapalma-06-360x270.jpg 360w\" sizes=\"auto, (max-width: 1600px) 100vw, 1600px\" \/ fetchpriority=\"low\"> <img loading=\"lazy\" decoding=\"async\" class=\"alignnone size-full wp-image-3533\" src=\"https:\/\/rolfbenker.com\/wp-content\/uploads\/2024\/10\/rolfbenker-lapalma-05.jpg\" alt=\"\" width=\"1600\" height=\"1200\" title=\"\" srcset=\"https:\/\/rolfbenker.com\/wp-content\/uploads\/2024\/10\/rolfbenker-lapalma-05.jpg 1600w, https:\/\/rolfbenker.com\/wp-content\/uploads\/2024\/10\/rolfbenker-lapalma-05-300x225.jpg 300w, https:\/\/rolfbenker.com\/wp-content\/uploads\/2024\/10\/rolfbenker-lapalma-05-1024x768.jpg 1024w, https:\/\/rolfbenker.com\/wp-content\/uploads\/2024\/10\/rolfbenker-lapalma-05-768x576.jpg 768w, https:\/\/rolfbenker.com\/wp-content\/uploads\/2024\/10\/rolfbenker-lapalma-05-1536x1152.jpg 1536w, https:\/\/rolfbenker.com\/wp-content\/uploads\/2024\/10\/rolfbenker-lapalma-05-370x278.jpg 370w, https:\/\/rolfbenker.com\/wp-content\/uploads\/2024\/10\/rolfbenker-lapalma-05-1200x900.jpg 1200w, https:\/\/rolfbenker.com\/wp-content\/uploads\/2024\/10\/rolfbenker-lapalma-05-360x270.jpg 360w\" sizes=\"auto, (max-width: 1600px) 100vw, 1600px\" \/ fetchpriority=\"low\"><\/p>\n","protected":false},"excerpt":{"rendered":"<p>Neue Aluminium-Pergola auf La Palma: Eleganz und Funktionalit\u00e4t f\u00fcr den Au\u00dfenbereich Bei Rolf Benker Carpinter\u00eda sind wir darauf spezialisiert, handwerkliche L\u00f6sungen mit erstklassigen Oberfl\u00e4chen anzubieten. Eines unserer neuesten Projekte auf der Insel La Palma ist die Installation einer Aluminium-Pergola in&#8230;<\/p>\n","protected":false},"author":1,"featured_media":3540,"comment_status":"closed","ping_status":"closed","sticky":false,"template":"","format":"standard","meta":{"footnotes":""},"categories":[206],"tags":[215],"class_list":["post-3545","post","type-post","status-publish","format-standard","has-post-thumbnail","hentry","category-pergolas-de","tag-aluminium-pergola"],"_links":{"self":[{"href":"https:\/\/rolfbenker.com\/de\/wp-json\/wp\/v2\/posts\/3545","targetHints":{"allow":["GET"]}}],"collection":[{"href":"https:\/\/rolfbenker.com\/de\/wp-json\/wp\/v2\/posts"}],"about":[{"href":"https:\/\/rolfbenker.com\/de\/wp-json\/wp\/v2\/types\/post"}],"author":[{"embeddable":true,"href":"https:\/\/rolfbenker.com\/de\/wp-json\/wp\/v2\/users\/1"}],"replies":[{"embeddable":true,"href":"https:\/\/rolfbenker.com\/de\/wp-json\/wp\/v2\/comments?post=3545"}],"version-history":[{"count":3,"href":"https:\/\/rolfbenker.com\/de\/wp-json\/wp\/v2\/posts\/3545\/revisions"}],"predecessor-version":[{"id":3548,"href":"https:\/\/rolfbenker.com\/de\/wp-json\/wp\/v2\/posts\/3545\/revisions\/3548"}],"wp:featuredmedia":[{"embeddable":true,"href":"https:\/\/rolfbenker.com\/de\/wp-json\/wp\/v2\/media\/3540"}],"wp:attachment":[{"href":"https:\/\/rolfbenker.com\/de\/wp-json\/wp\/v2\/media?parent=3545"}],"wp:term":[{"taxonomy":"category","embeddable":true,"href":"https:\/\/rolfbenker.com\/de\/wp-json\/wp\/v2\/categories?post=3545"},{"taxonomy":"post_tag","embeddable":true,"href":"https:\/\/rolfbenker.com\/de\/wp-json\/wp\/v2\/tags?post=3545"}],"curies":[{"name":"wp","href":"https:\/\/api.w.org\/{rel}","templated":true}]}}