{"id":3585,"date":"2024-12-13T08:20:02","date_gmt":"2024-12-13T08:20:02","guid":{"rendered":"https:\/\/rolfbenker.com\/carpinteria-artesanal-en-la-palma\/"},"modified":"2024-12-13T08:25:50","modified_gmt":"2024-12-13T08:25:50","slug":"handwerkliche-tischlerei","status":"publish","type":"post","link":"https:\/\/rolfbenker.com\/de\/handwerkliche-tischlerei\/","title":{"rendered":"Handwerkliche Tischlerei: Wir gestalten Ihre ideale K\u00fcche nach Ma\u00df"},"content":{"rendered":"<h2>Die Magie einer handwerklichen Tischlerei<\/h2>\n<p>Bei <strong>Rolf Benker Carpinter\u00eda Artesanal<\/strong> ist es unsere Spezialit\u00e4t, Ideen in einzigartige Realit\u00e4ten zu verwandeln. Hier pr\u00e4sentieren wir eines unserer neuesten Projekte: eine ma\u00dfgefertigte K\u00fcche, die das perfekte Gleichgewicht zwischen Funktionalit\u00e4t, Stil und Individualit\u00e4t widerspiegelt \u2013 Eigenschaften, die unser Handwerk auszeichnen.<\/p>\n<p>Dieses exklusive Design beginnt mit <strong>Massivholzfronten<\/strong>, die in einem intensiven Rot gestrichen sind und dem Raum eine lebendige W\u00e4rme sowie viel Pers\u00f6nlichkeit verleihen. Die Wahl von <strong>Unterschr\u00e4nken mit Holzimitat-Oberfl\u00e4chen in Schwarz<\/strong> schafft einen eleganten und raffinierten Kontrast, der die \u00c4sthetik der K\u00fcche aufwertet und als echtes Beispiel f\u00fcr die Kunst der handwerklichen Tischlerei gilt.<\/p>\n<h3>Details, die den Unterschied machen<\/h3>\n<p>Um eine makellose funktionale und \u00e4sthetische Erfahrung zu garantieren, haben wir <strong>Beschl\u00e4ge und Schubladen von Blum<\/strong> in Schwarz integriert. Diese Elemente verleihen nicht nur einen modernen und eleganten Touch, sondern zeichnen sich auch durch ihre <strong>Langlebigkeit und Benutzerfreundlichkeit<\/strong> aus, was den Alltag in der K\u00fcche erleichtert.<\/p>\n<p>Im Hintergrund des Raumes sorgt ein <strong>Dekorfliesenbelag mit geometrischen Mustern<\/strong> in Blau- und Wei\u00dft\u00f6nen f\u00fcr einen mediterranen und handwerklichen Charme. Dieses Detail schafft einen harmonischen visuellen Kontrast, der perfekt mit der W\u00e4rme der Materialien und der Eleganz der Farben harmoniert.<\/p>\n<p>Die <strong>Fenster mit gebogenen Holzrahmen<\/strong> erg\u00e4nzen das Design nicht nur, sondern maximieren auch den nat\u00fcrlichen Lichteinfall, wodurch ein einladendes und lebendiges Ambiente entsteht.<\/p>\n<h3>Warum eine ma\u00dfgeschneiderte K\u00fcche w\u00e4hlen?<\/h3>\n<p>Die Entscheidung f\u00fcr eine ma\u00dfgeschneiderte K\u00fcche ist nicht nur eine praktische Wahl, sondern auch eine Gelegenheit, den eigenen Stil widerzuspiegeln und den verf\u00fcgbaren Raum optimal zu nutzen. Bei <strong>Rolf Benker Carpinter\u00eda Artesanal<\/strong> wird jedes Projekt mit Liebe zum Detail angefertigt, wobei hochwertige Materialien und Techniken verwendet werden, die ein langlebiges und einzigartiges Ergebnis gew\u00e4hrleisten.<\/p>\n<p>Wenn Sie Ihr Zuhause renovieren oder einen Raum schaffen m\u00f6chten, der Funktionalit\u00e4t und Stil vereint, ist ein ma\u00dfgeschneidertes Design die perfekte L\u00f6sung. Mit unserer Erfahrung und Hingabe verwandeln wir Ihre Ideen in Realit\u00e4t \u2013 immer mit dem Qualit\u00e4ts- und Exklusivit\u00e4tsversprechen, das uns auszeichnet.<\/p>\n<p><strong>M\u00f6chten Sie, dass Ihre n\u00e4chste K\u00fcche ein einzigartiges, ma\u00dfgefertigtes Design ist?<\/strong><br \/>\n<a href=\"https:\/\/rolfbenker.com\/de\/kontakt\/\">Kontaktieren Sie unser Team aus Experten f\u00fcr handwerkliche Tischlerei und lassen Sie uns Ihre Erwartungen \u00fcbertreffen<\/a>. Bei <strong>Rolf Benker Carpinter\u00eda Artesanal<\/strong> ist Ihr Projekt in den besten H\u00e4nden!<\/p>\n<p><img decoding=\"async\" class=\"alignnone size-full wp-image-3583\" src=\"https:\/\/rolfbenker.com\/wp-content\/uploads\/2024\/12\/cocina-a-medida-rolfbenker-lapalma-2.jpg\" alt=\"Carpinter\u00eda artesanal. Cocina a medida\" width=\"1600\" height=\"1372\" title=\"\" srcset=\"https:\/\/rolfbenker.com\/wp-content\/uploads\/2024\/12\/cocina-a-medida-rolfbenker-lapalma-2.jpg 1600w, https:\/\/rolfbenker.com\/wp-content\/uploads\/2024\/12\/cocina-a-medida-rolfbenker-lapalma-2-300x257.jpg 300w, https:\/\/rolfbenker.com\/wp-content\/uploads\/2024\/12\/cocina-a-medida-rolfbenker-lapalma-2-1024x878.jpg 1024w, https:\/\/rolfbenker.com\/wp-content\/uploads\/2024\/12\/cocina-a-medida-rolfbenker-lapalma-2-768x659.jpg 768w, https:\/\/rolfbenker.com\/wp-content\/uploads\/2024\/12\/cocina-a-medida-rolfbenker-lapalma-2-1536x1317.jpg 1536w, https:\/\/rolfbenker.com\/wp-content\/uploads\/2024\/12\/cocina-a-medida-rolfbenker-lapalma-2-370x317.jpg 370w, https:\/\/rolfbenker.com\/wp-content\/uploads\/2024\/12\/cocina-a-medida-rolfbenker-lapalma-2-1200x1029.jpg 1200w, https:\/\/rolfbenker.com\/wp-content\/uploads\/2024\/12\/cocina-a-medida-rolfbenker-lapalma-2-360x309.jpg 360w\" sizes=\"auto, (max-width: 1600px) 100vw, 1600px\" \/ fetchpriority=\"high\"> <img loading=\"lazy\" decoding=\"async\" class=\"alignnone size-full wp-image-3581\" src=\"https:\/\/rolfbenker.com\/wp-content\/uploads\/2024\/12\/cocina-a-medida-rolfbenker-lapalma-3.jpg\" alt=\"Carpinter\u00eda artesanal. Cocina a medida\" width=\"1600\" height=\"1200\" title=\"\" srcset=\"https:\/\/rolfbenker.com\/wp-content\/uploads\/2024\/12\/cocina-a-medida-rolfbenker-lapalma-3.jpg 1600w, https:\/\/rolfbenker.com\/wp-content\/uploads\/2024\/12\/cocina-a-medida-rolfbenker-lapalma-3-300x225.jpg 300w, https:\/\/rolfbenker.com\/wp-content\/uploads\/2024\/12\/cocina-a-medida-rolfbenker-lapalma-3-1024x768.jpg 1024w, https:\/\/rolfbenker.com\/wp-content\/uploads\/2024\/12\/cocina-a-medida-rolfbenker-lapalma-3-768x576.jpg 768w, https:\/\/rolfbenker.com\/wp-content\/uploads\/2024\/12\/cocina-a-medida-rolfbenker-lapalma-3-1536x1152.jpg 1536w, https:\/\/rolfbenker.com\/wp-content\/uploads\/2024\/12\/cocina-a-medida-rolfbenker-lapalma-3-370x278.jpg 370w, https:\/\/rolfbenker.com\/wp-content\/uploads\/2024\/12\/cocina-a-medida-rolfbenker-lapalma-3-1200x900.jpg 1200w, https:\/\/rolfbenker.com\/wp-content\/uploads\/2024\/12\/cocina-a-medida-rolfbenker-lapalma-3-360x270.jpg 360w\" sizes=\"auto, (max-width: 1600px) 100vw, 1600px\" \/ fetchpriority=\"low\"> <img loading=\"lazy\" decoding=\"async\" class=\"alignnone size-full wp-image-3579\" src=\"https:\/\/rolfbenker.com\/wp-content\/uploads\/2024\/12\/cocina-a-medida-rolfbenker-lapalma-1.jpg\" alt=\"Carpinter\u00eda artesanal. Cocina a medida\" width=\"1600\" height=\"1200\" title=\"\" srcset=\"https:\/\/rolfbenker.com\/wp-content\/uploads\/2024\/12\/cocina-a-medida-rolfbenker-lapalma-1.jpg 1600w, https:\/\/rolfbenker.com\/wp-content\/uploads\/2024\/12\/cocina-a-medida-rolfbenker-lapalma-1-300x225.jpg 300w, https:\/\/rolfbenker.com\/wp-content\/uploads\/2024\/12\/cocina-a-medida-rolfbenker-lapalma-1-1024x768.jpg 1024w, https:\/\/rolfbenker.com\/wp-content\/uploads\/2024\/12\/cocina-a-medida-rolfbenker-lapalma-1-768x576.jpg 768w, https:\/\/rolfbenker.com\/wp-content\/uploads\/2024\/12\/cocina-a-medida-rolfbenker-lapalma-1-1536x1152.jpg 1536w, https:\/\/rolfbenker.com\/wp-content\/uploads\/2024\/12\/cocina-a-medida-rolfbenker-lapalma-1-370x278.jpg 370w, https:\/\/rolfbenker.com\/wp-content\/uploads\/2024\/12\/cocina-a-medida-rolfbenker-lapalma-1-1200x900.jpg 1200w, https:\/\/rolfbenker.com\/wp-content\/uploads\/2024\/12\/cocina-a-medida-rolfbenker-lapalma-1-360x270.jpg 360w\" sizes=\"auto, (max-width: 1600px) 100vw, 1600px\" \/ fetchpriority=\"low\"><\/p>\n<div id=\"attachment_3577\" style=\"width: 1510px\" class=\"wp-caption alignnone\"><img loading=\"lazy\" decoding=\"async\" aria-describedby=\"caption-attachment-3577\" class=\"size-full wp-image-3577\" src=\"https:\/\/rolfbenker.com\/wp-content\/uploads\/2024\/12\/cocina-a-medida-rolfbenker-lapalma-4.jpg\" alt=\"Carpinter\u00eda artesanal. Cocina a medida\" width=\"1500\" height=\"2000\" title=\"\" srcset=\"https:\/\/rolfbenker.com\/wp-content\/uploads\/2024\/12\/cocina-a-medida-rolfbenker-lapalma-4.jpg 1500w, https:\/\/rolfbenker.com\/wp-content\/uploads\/2024\/12\/cocina-a-medida-rolfbenker-lapalma-4-225x300.jpg 225w, https:\/\/rolfbenker.com\/wp-content\/uploads\/2024\/12\/cocina-a-medida-rolfbenker-lapalma-4-768x1024.jpg 768w, https:\/\/rolfbenker.com\/wp-content\/uploads\/2024\/12\/cocina-a-medida-rolfbenker-lapalma-4-1152x1536.jpg 1152w, https:\/\/rolfbenker.com\/wp-content\/uploads\/2024\/12\/cocina-a-medida-rolfbenker-lapalma-4-270x360.jpg 270w, https:\/\/rolfbenker.com\/wp-content\/uploads\/2024\/12\/cocina-a-medida-rolfbenker-lapalma-4-1200x1600.jpg 1200w, https:\/\/rolfbenker.com\/wp-content\/uploads\/2024\/12\/cocina-a-medida-rolfbenker-lapalma-4-360x480.jpg 360w\" sizes=\"auto, (max-width: 1500px) 100vw, 1500px\" \/ fetchpriority=\"low\"><p id=\"caption-attachment-3577\" class=\"wp-caption-text\">Carpinter\u00eda artesanal. Cocina a medida<\/p><\/div>\n","protected":false},"excerpt":{"rendered":"<p>Die Magie einer handwerklichen Tischlerei Bei Rolf Benker Carpinter\u00eda Artesanal ist es unsere Spezialit\u00e4t, Ideen in einzigartige Realit\u00e4ten zu verwandeln. Hier pr\u00e4sentieren wir eines unserer neuesten Projekte: eine ma\u00dfgefertigte K\u00fcche, die das perfekte Gleichgewicht zwischen Funktionalit\u00e4t, Stil und Individualit\u00e4t widerspiegelt&#8230;<\/p>\n","protected":false},"author":1,"featured_media":3575,"comment_status":"closed","ping_status":"closed","sticky":false,"template":"","format":"standard","meta":{"footnotes":""},"categories":[66],"tags":[221],"class_list":["post-3585","post","type-post","status-publish","format-standard","has-post-thumbnail","hentry","category-diseno-de-muebles-de","tag-cocina-a-medida-de"],"_links":{"self":[{"href":"https:\/\/rolfbenker.com\/de\/wp-json\/wp\/v2\/posts\/3585","targetHints":{"allow":["GET"]}}],"collection":[{"href":"https:\/\/rolfbenker.com\/de\/wp-json\/wp\/v2\/posts"}],"about":[{"href":"https:\/\/rolfbenker.com\/de\/wp-json\/wp\/v2\/types\/post"}],"author":[{"embeddable":true,"href":"https:\/\/rolfbenker.com\/de\/wp-json\/wp\/v2\/users\/1"}],"replies":[{"embeddable":true,"href":"https:\/\/rolfbenker.com\/de\/wp-json\/wp\/v2\/comments?post=3585"}],"version-history":[{"count":3,"href":"https:\/\/rolfbenker.com\/de\/wp-json\/wp\/v2\/posts\/3585\/revisions"}],"predecessor-version":[{"id":3588,"href":"https:\/\/rolfbenker.com\/de\/wp-json\/wp\/v2\/posts\/3585\/revisions\/3588"}],"wp:featuredmedia":[{"embeddable":true,"href":"https:\/\/rolfbenker.com\/de\/wp-json\/wp\/v2\/media\/3575"}],"wp:attachment":[{"href":"https:\/\/rolfbenker.com\/de\/wp-json\/wp\/v2\/media?parent=3585"}],"wp:term":[{"taxonomy":"category","embeddable":true,"href":"https:\/\/rolfbenker.com\/de\/wp-json\/wp\/v2\/categories?post=3585"},{"taxonomy":"post_tag","embeddable":true,"href":"https:\/\/rolfbenker.com\/de\/wp-json\/wp\/v2\/tags?post=3585"}],"curies":[{"name":"wp","href":"https:\/\/api.w.org\/{rel}","templated":true}]}}