{"id":3603,"date":"2024-12-04T08:50:06","date_gmt":"2024-12-04T08:50:06","guid":{"rendered":"https:\/\/rolfbenker.com\/cubierta-exterior-de-madera-y-cristal\/"},"modified":"2024-12-13T09:10:05","modified_gmt":"2024-12-13T09:10:05","slug":"aussenueberdachung-aus-holz-und-glas","status":"publish","type":"post","link":"https:\/\/rolfbenker.com\/de\/aussenueberdachung-aus-holz-und-glas\/","title":{"rendered":"Au\u00dfen\u00fcberdachung aus Holz und Glas"},"content":{"rendered":"<h2 data-pm-slice=\"1 1 []\">Holz- und Glas\u00fcberdachung f\u00fcr den Au\u00dfenbereich: Design und Funktionalit\u00e4t f\u00fcr Ihr Zuhause<\/h2>\n<p>Bei <strong>Rolf Benker Carpinter\u00eda Artesanal<\/strong> setzen wir uns daf\u00fcr ein, einzigartige und funktionale L\u00f6sungen zu schaffen, die die Au\u00dfenbereiche Ihres Zuhauses versch\u00f6nern und verwandeln. Eines unserer neuesten Projekte auf der Insel La Palma ist eine Holz- und Glas\u00fcberdachung, die Schutz, \u00c4sthetik und Komfort in einer unvergleichlichen nat\u00fcrlichen Umgebung bietet.<\/p>\n<h3>Ein Design, das Stil und Praktikabilit\u00e4t vereint<\/h3>\n<p>Diese \u00dcberdachung besteht aus einer hochwertigen Holzstruktur, die sorgf\u00e4ltig bearbeitet wurde, um Langlebigkeit und Sch\u00f6nheit zu gew\u00e4hrleisten, sowie aus transparenten Paneelen aus Glas oder Polycarbonat. Diese Kombination bietet:<\/p>\n<ul data-spread=\"false\">\n<li><strong>Schutz vor Witterungseinfl\u00fcssen:<\/strong> Die transparenten Paneele sch\u00fctzen vor Regen und Schmutz und sorgen daf\u00fcr, dass der darunterliegende Bereich sauber und trocken bleibt.<\/li>\n<li><strong>Nutzung des nat\u00fcrlichen Lichts:<\/strong> Die Transparenz des oberen Materials l\u00e4sst Sonnenlicht in den Bereich einfallen und schafft eine warme und einladende Atmosph\u00e4re.<\/li>\n<li><strong>Nat\u00fcrliche und moderne \u00c4sthetik:<\/strong> Die Holzleisten verleihen ein elegantes Design, das sich perfekt in die nat\u00fcrliche Umgebung einf\u00fcgt und gleichzeitig ein attraktives und entspannendes Schattenspiel erzeugt.<\/li>\n<\/ul>\n<h3>Ideal f\u00fcr Au\u00dfenbereiche<\/h3>\n<p>Diese Art von Au\u00dfen\u00fcberdachung ist ideal f\u00fcr Terrassen, Patios oder G\u00e4rten und erm\u00f6glicht es, die Au\u00dfenbereiche das ganze Jahr \u00fcber zu genie\u00dfen. Ob zum Schutz eines Ruhebereichs, eines Essplatzes im Freien oder eines Freizeitbereichs \u2013 unsere ma\u00dfgeschneiderten \u00dcberdachungen passen sich Ihren Bed\u00fcrfnissen und Ihrem Stil an.<\/p>\n<h3>Lokales Handwerk in jedem Detail<\/h3>\n<p>Bei <strong>Rolf Benker Carpinter\u00eda Artesanal<\/strong> sind wir stolz darauf, mit nachhaltigen Materialien und traditionellen Techniken zu arbeiten, kombiniert mit modernen Designs, die die Sch\u00f6nheit jedes Projekts hervorheben. Jedes St\u00fcck wird mit Hingabe und Liebe zum Detail gefertigt, um Ergebnisse zu garantieren, die Bestand haben.<\/p>\n<h3>Kontaktieren Sie uns und verwandeln Sie Ihr Zuhause!<\/h3>\n<p>Wenn Sie eine ma\u00dfgeschneiderte L\u00f6sung suchen, um Ihre Au\u00dfenbereiche zu versch\u00f6nern und zu sch\u00fctzen, z\u00f6gern Sie nicht, uns zu kontaktieren. Bei <strong>Rolf Benker Carpinter\u00eda Artesanal<\/strong> sind wir bereit, Ihre Ideen anzuh\u00f6ren und sie in die Tat umzusetzen.<\/p>\n<p>Besuchen Sie uns auf La Palma oder kontaktieren Sie uns direkt, um mehr \u00fcber dieses Projekt und unsere weiteren Dienstleistungen zu erfahren. Gemeinsam k\u00f6nnen wir einen einzigartigen Raum schaffen, der Ihren Stil widerspiegelt und die nat\u00fcrliche Sch\u00f6nheit unserer Insel optimal nutzt.<\/p>\n<p><img decoding=\"async\" class=\"alignnone size-full wp-image-3597\" src=\"https:\/\/rolfbenker.com\/wp-content\/uploads\/2024\/12\/cubierta-exterior-rolfbenker-carpinteria-lapalma.jpg\" alt=\"Cubierta exterior de madera y cristal\" width=\"1440\" height=\"1440\" title=\"\" srcset=\"https:\/\/rolfbenker.com\/wp-content\/uploads\/2024\/12\/cubierta-exterior-rolfbenker-carpinteria-lapalma.jpg 1440w, https:\/\/rolfbenker.com\/wp-content\/uploads\/2024\/12\/cubierta-exterior-rolfbenker-carpinteria-lapalma-300x300.jpg 300w, https:\/\/rolfbenker.com\/wp-content\/uploads\/2024\/12\/cubierta-exterior-rolfbenker-carpinteria-lapalma-1024x1024.jpg 1024w, https:\/\/rolfbenker.com\/wp-content\/uploads\/2024\/12\/cubierta-exterior-rolfbenker-carpinteria-lapalma-150x150.jpg 150w, https:\/\/rolfbenker.com\/wp-content\/uploads\/2024\/12\/cubierta-exterior-rolfbenker-carpinteria-lapalma-768x768.jpg 768w, https:\/\/rolfbenker.com\/wp-content\/uploads\/2024\/12\/cubierta-exterior-rolfbenker-carpinteria-lapalma-360x360.jpg 360w, https:\/\/rolfbenker.com\/wp-content\/uploads\/2024\/12\/cubierta-exterior-rolfbenker-carpinteria-lapalma-1200x1200.jpg 1200w\" sizes=\"auto, (max-width: 1440px) 100vw, 1440px\" \/ fetchpriority=\"high\"><\/p>\n","protected":false},"excerpt":{"rendered":"<p>Holz- und Glas\u00fcberdachung f\u00fcr den Au\u00dfenbereich: Design und Funktionalit\u00e4t f\u00fcr Ihr Zuhause Bei Rolf Benker Carpinter\u00eda Artesanal setzen wir uns daf\u00fcr ein, einzigartige und funktionale L\u00f6sungen zu schaffen, die die Au\u00dfenbereiche Ihres Zuhauses versch\u00f6nern und verwandeln. Eines unserer neuesten Projekte&#8230;<\/p>\n","protected":false},"author":1,"featured_media":3600,"comment_status":"closed","ping_status":"closed","sticky":false,"template":"","format":"standard","meta":{"footnotes":""},"categories":[206],"tags":[224],"class_list":["post-3603","post","type-post","status-publish","format-standard","has-post-thumbnail","hentry","category-pergolas-de","tag-aussenueberdachung"],"_links":{"self":[{"href":"https:\/\/rolfbenker.com\/de\/wp-json\/wp\/v2\/posts\/3603","targetHints":{"allow":["GET"]}}],"collection":[{"href":"https:\/\/rolfbenker.com\/de\/wp-json\/wp\/v2\/posts"}],"about":[{"href":"https:\/\/rolfbenker.com\/de\/wp-json\/wp\/v2\/types\/post"}],"author":[{"embeddable":true,"href":"https:\/\/rolfbenker.com\/de\/wp-json\/wp\/v2\/users\/1"}],"replies":[{"embeddable":true,"href":"https:\/\/rolfbenker.com\/de\/wp-json\/wp\/v2\/comments?post=3603"}],"version-history":[{"count":3,"href":"https:\/\/rolfbenker.com\/de\/wp-json\/wp\/v2\/posts\/3603\/revisions"}],"predecessor-version":[{"id":3606,"href":"https:\/\/rolfbenker.com\/de\/wp-json\/wp\/v2\/posts\/3603\/revisions\/3606"}],"wp:featuredmedia":[{"embeddable":true,"href":"https:\/\/rolfbenker.com\/de\/wp-json\/wp\/v2\/media\/3600"}],"wp:attachment":[{"href":"https:\/\/rolfbenker.com\/de\/wp-json\/wp\/v2\/media?parent=3603"}],"wp:term":[{"taxonomy":"category","embeddable":true,"href":"https:\/\/rolfbenker.com\/de\/wp-json\/wp\/v2\/categories?post=3603"},{"taxonomy":"post_tag","embeddable":true,"href":"https:\/\/rolfbenker.com\/de\/wp-json\/wp\/v2\/tags?post=3603"}],"curies":[{"name":"wp","href":"https:\/\/api.w.org\/{rel}","templated":true}]}}