{"id":3630,"date":"2024-12-09T09:20:24","date_gmt":"2024-12-09T09:20:24","guid":{"rendered":"https:\/\/rolfbenker.com\/cubierta-de-cristal\/"},"modified":"2024-12-13T09:52:59","modified_gmt":"2024-12-13T09:52:59","slug":"glasabdeckung","status":"publish","type":"post","link":"https:\/\/rolfbenker.com\/de\/glasabdeckung\/","title":{"rendered":"Glasabdeckung"},"content":{"rendered":"<h2>Glasabdeckung: Funktionalit\u00e4t und Design zur Versch\u00f6nerung Ihrer Au\u00dfenbereiche<\/h2>\n<p>Bei <strong>Rolf Benker Carpinter\u00eda Artesanal<\/strong> sind wir auf die Gestaltung und den Bau architektonischer L\u00f6sungen spezialisiert, die Funktionalit\u00e4t und \u00c4sthetik vereinen. Eines unserer herausragenden Projekte auf der Insel La Palma ist dieses spektakul\u00e4re Glasdach aus dem Jahr 2015. Dieses Werk, das bald 10 Jahre alt wird, sieht vom ersten Tag an immer noch modern und funktional aus und spiegelt unsere Leidenschaft f\u00fcr Design wider. personalisierte und handwerkliche Qualit\u00e4t.<\/p>\n<h3>Hochwertige Materialien f\u00fcr die Herstellung dieser Glasabdeckung<\/h3>\n<p>Der Umschlag besteht aus:<\/p>\n<ul>\n<li><strong>Transparentes Glas:<\/strong> Dieses Material l\u00e4sst nat\u00fcrliches Licht durch und schafft so eine helle und einladende Umgebung. Dar\u00fcber hinaus stellt seine Transparenz eine visuelle Verbindung mit der Umgebung her, was es ideal f\u00fcr R\u00e4ume mit Kontakt zur Natur macht.<\/li>\n<li><strong>Metallstruktur:<\/strong> Diese Struktur wurde entwickelt, um Stabilit\u00e4t und Widerstandsf\u00e4higkeit zu gew\u00e4hrleisten. Sie h\u00e4lt den klimatischen Bedingungen der Insel stand und gew\u00e4hrleistet eine lange Lebensdauer.<\/li>\n<\/ul>\n<h3><strong>Funktionale Vorteile<\/strong><\/h3>\n<p>Diese Glasabdeckung zeichnet sich nicht nur durch ihre Sch\u00f6nheit aus, sondern auch durch ihre N\u00fctzlichkeit:<\/p>\n<ul>\n<li><strong>Schutz vor Witterungseinfl\u00fcssen:<\/strong> Sch\u00fctzt den unteren Raum vor Regen, Wind und anderen Witterungseinfl\u00fcssen, sodass Sie ihn das ganze Jahr \u00fcber genie\u00dfen k\u00f6nnen.<\/li>\n<li><strong>Nat\u00fcrliche Beleuchtung:<\/strong> Die Transparenz des Glases maximiert den Eintritt des Sonnenlichts, reduziert den Bedarf an k\u00fcnstlicher Beleuchtung und schafft eine warme, energieeffiziente Umgebung.<\/li>\n<li><strong>Vielseitigkeit:<\/strong> Es eignet sich perfekt zum Abdecken von Terrassen, Innenh\u00f6fen oder Erholungsgebieten im Freien und passt sich verschiedenen Stilen und Bed\u00fcrfnissen an.<\/li>\n<\/ul>\n<h3><strong>Ein Design, das den Unterschied macht<\/strong><\/h3>\n<p>Aus \u00e4sthetischer Sicht verleiht diese Abdeckung jedem Raum eine moderne und elegante Note. Sein klares und minimalistisches Design, kombiniert mit der geschwungenen Form der Struktur, macht es zu einem einzigartigen architektonischen Element, das die Sch\u00f6nheit der nat\u00fcrlichen Umgebung hervorhebt.<\/p>\n<h3><strong>Handwerkskunst im Dienst Ihrer Ideen<\/strong><\/h3>\n<p>Bei Rolf Benker Carpinter\u00eda Artesanal sind wir stolz darauf, mit hochwertigen Materialien zu arbeiten und traditionelle Techniken anzuwenden, um Projekte zu schaffen, die lange halten. Jedes Detail ist sorgf\u00e4ltig ausgearbeitet, um au\u00dfergew\u00f6hnliche Ergebnisse zu gew\u00e4hrleisten, die Ihren Stil und Ihre Bed\u00fcrfnisse widerspiegeln.<\/p>\n<h3><strong>Kontaktieren Sie Rolf Benker Carpinter!<\/strong><\/h3>\n<p>Wenn Sie nach einer individuellen L\u00f6sung zur Versch\u00f6nerung und zum Schutz Ihrer Au\u00dfenbereiche suchen, z\u00f6gern Sie nicht, uns zu kontaktieren. Bei Rolf Benker Artisanal Carpentry haben wir ein offenes Ohr f\u00fcr Ihre Ideen und setzen sie in die Tat um.<\/p>\n<p>Besuchen Sie uns in <a href=\"https:\/\/www.google.es\/maps\/place\/Rolf+Benker\/@28.6567088,-17.8597121,962m\/data=!3m2!1e3!4b1!4m6!3m5!1s0xc6bedc653a73959:0xbb5c282d8e8cfc2e!8m2!3d28.6567041!4d-17.8571372!16s%2Fg%2F11g2zgyhhp?hl=es&amp;entry=ttu&amp;g_ep=EgoyMDI0MTIxMC4wIKXMDSoASAFQAw%3D%3D\" target=\"_blank\" rel=\"noopener\">El Paso<\/a>, La Palma oder kontaktieren Sie uns direkt f\u00fcr weitere Informationen zu diesem Projekt und anderen von uns angebotenen Dienstleistungen. Gemeinsam k\u00f6nnen wir einen einzigartigen Raum schaffen, der Funktionalit\u00e4t, Design und die nat\u00fcrliche Sch\u00f6nheit unserer Insel vereint.<\/p>\n<p><img decoding=\"async\" class=\"alignnone size-full wp-image-3627\" src=\"https:\/\/rolfbenker.com\/wp-content\/uploads\/2024\/12\/cubierta-de-cristal-RolfBenker-carpinteria-2.jpg\" alt=\"Cubierta de cristal exterior\" width=\"960\" height=\"720\" title=\"\" srcset=\"https:\/\/rolfbenker.com\/wp-content\/uploads\/2024\/12\/cubierta-de-cristal-RolfBenker-carpinteria-2.jpg 960w, https:\/\/rolfbenker.com\/wp-content\/uploads\/2024\/12\/cubierta-de-cristal-RolfBenker-carpinteria-2-300x225.jpg 300w, https:\/\/rolfbenker.com\/wp-content\/uploads\/2024\/12\/cubierta-de-cristal-RolfBenker-carpinteria-2-768x576.jpg 768w, https:\/\/rolfbenker.com\/wp-content\/uploads\/2024\/12\/cubierta-de-cristal-RolfBenker-carpinteria-2-370x278.jpg 370w, https:\/\/rolfbenker.com\/wp-content\/uploads\/2024\/12\/cubierta-de-cristal-RolfBenker-carpinteria-2-360x270.jpg 360w\" sizes=\"auto, (max-width: 960px) 100vw, 960px\" \/ fetchpriority=\"high\"> <img loading=\"lazy\" decoding=\"async\" class=\"alignnone size-full wp-image-3625\" src=\"https:\/\/rolfbenker.com\/wp-content\/uploads\/2024\/12\/cubierta-de-cristal-RolfBenker-carpinteria-3.jpg\" alt=\"Cubierta de cristal exterior\" width=\"960\" height=\"640\" title=\"\" srcset=\"https:\/\/rolfbenker.com\/wp-content\/uploads\/2024\/12\/cubierta-de-cristal-RolfBenker-carpinteria-3.jpg 960w, https:\/\/rolfbenker.com\/wp-content\/uploads\/2024\/12\/cubierta-de-cristal-RolfBenker-carpinteria-3-300x200.jpg 300w, https:\/\/rolfbenker.com\/wp-content\/uploads\/2024\/12\/cubierta-de-cristal-RolfBenker-carpinteria-3-768x512.jpg 768w, https:\/\/rolfbenker.com\/wp-content\/uploads\/2024\/12\/cubierta-de-cristal-RolfBenker-carpinteria-3-370x247.jpg 370w, https:\/\/rolfbenker.com\/wp-content\/uploads\/2024\/12\/cubierta-de-cristal-RolfBenker-carpinteria-3-360x240.jpg 360w\" sizes=\"auto, (max-width: 960px) 100vw, 960px\" \/ fetchpriority=\"low\"> \u00a0<img loading=\"lazy\" decoding=\"async\" class=\"alignnone size-full wp-image-3621\" src=\"https:\/\/rolfbenker.com\/wp-content\/uploads\/2024\/12\/cubierta-de-cristal-RolfBenker-carpinteria-5.jpg\" alt=\"Cubierta de cristal exterior\" width=\"960\" height=\"640\" title=\"\" srcset=\"https:\/\/rolfbenker.com\/wp-content\/uploads\/2024\/12\/cubierta-de-cristal-RolfBenker-carpinteria-5.jpg 960w, https:\/\/rolfbenker.com\/wp-content\/uploads\/2024\/12\/cubierta-de-cristal-RolfBenker-carpinteria-5-300x200.jpg 300w, https:\/\/rolfbenker.com\/wp-content\/uploads\/2024\/12\/cubierta-de-cristal-RolfBenker-carpinteria-5-768x512.jpg 768w, https:\/\/rolfbenker.com\/wp-content\/uploads\/2024\/12\/cubierta-de-cristal-RolfBenker-carpinteria-5-370x247.jpg 370w, https:\/\/rolfbenker.com\/wp-content\/uploads\/2024\/12\/cubierta-de-cristal-RolfBenker-carpinteria-5-360x240.jpg 360w\" sizes=\"auto, (max-width: 960px) 100vw, 960px\" \/ fetchpriority=\"low\"> <img loading=\"lazy\" decoding=\"async\" class=\"alignnone size-full wp-image-3619\" src=\"https:\/\/rolfbenker.com\/wp-content\/uploads\/2024\/12\/cubierta-de-cristal-RolfBenker-carpinteria-6.jpg\" alt=\"Cubierta de cristal exterior\" width=\"960\" height=\"640\" title=\"\" srcset=\"https:\/\/rolfbenker.com\/wp-content\/uploads\/2024\/12\/cubierta-de-cristal-RolfBenker-carpinteria-6.jpg 960w, https:\/\/rolfbenker.com\/wp-content\/uploads\/2024\/12\/cubierta-de-cristal-RolfBenker-carpinteria-6-300x200.jpg 300w, https:\/\/rolfbenker.com\/wp-content\/uploads\/2024\/12\/cubierta-de-cristal-RolfBenker-carpinteria-6-768x512.jpg 768w, https:\/\/rolfbenker.com\/wp-content\/uploads\/2024\/12\/cubierta-de-cristal-RolfBenker-carpinteria-6-370x247.jpg 370w, https:\/\/rolfbenker.com\/wp-content\/uploads\/2024\/12\/cubierta-de-cristal-RolfBenker-carpinteria-6-360x240.jpg 360w\" sizes=\"auto, (max-width: 960px) 100vw, 960px\" \/ fetchpriority=\"low\"> <img loading=\"lazy\" decoding=\"async\" class=\"alignnone size-full wp-image-3617\" src=\"https:\/\/rolfbenker.com\/wp-content\/uploads\/2024\/12\/cubierta-de-cristal-RolfBenker-carpinteria-8.jpg\" alt=\"Cubierta de cristal exterior\" width=\"960\" height=\"640\" title=\"\" srcset=\"https:\/\/rolfbenker.com\/wp-content\/uploads\/2024\/12\/cubierta-de-cristal-RolfBenker-carpinteria-8.jpg 960w, https:\/\/rolfbenker.com\/wp-content\/uploads\/2024\/12\/cubierta-de-cristal-RolfBenker-carpinteria-8-300x200.jpg 300w, https:\/\/rolfbenker.com\/wp-content\/uploads\/2024\/12\/cubierta-de-cristal-RolfBenker-carpinteria-8-768x512.jpg 768w, https:\/\/rolfbenker.com\/wp-content\/uploads\/2024\/12\/cubierta-de-cristal-RolfBenker-carpinteria-8-370x247.jpg 370w, https:\/\/rolfbenker.com\/wp-content\/uploads\/2024\/12\/cubierta-de-cristal-RolfBenker-carpinteria-8-360x240.jpg 360w\" sizes=\"auto, (max-width: 960px) 100vw, 960px\" \/ fetchpriority=\"low\"> <img loading=\"lazy\" decoding=\"async\" class=\"alignnone size-full wp-image-3615\" src=\"https:\/\/rolfbenker.com\/wp-content\/uploads\/2024\/12\/cubierta-de-cristal-RolfBenker-carpinteria-9.jpg\" alt=\"Cubierta de cristal exterior\" width=\"960\" height=\"640\" title=\"\" srcset=\"https:\/\/rolfbenker.com\/wp-content\/uploads\/2024\/12\/cubierta-de-cristal-RolfBenker-carpinteria-9.jpg 960w, https:\/\/rolfbenker.com\/wp-content\/uploads\/2024\/12\/cubierta-de-cristal-RolfBenker-carpinteria-9-300x200.jpg 300w, https:\/\/rolfbenker.com\/wp-content\/uploads\/2024\/12\/cubierta-de-cristal-RolfBenker-carpinteria-9-768x512.jpg 768w, https:\/\/rolfbenker.com\/wp-content\/uploads\/2024\/12\/cubierta-de-cristal-RolfBenker-carpinteria-9-370x247.jpg 370w, https:\/\/rolfbenker.com\/wp-content\/uploads\/2024\/12\/cubierta-de-cristal-RolfBenker-carpinteria-9-360x240.jpg 360w\" sizes=\"auto, (max-width: 960px) 100vw, 960px\" \/ fetchpriority=\"low\"> <img loading=\"lazy\" decoding=\"async\" class=\"alignnone size-full wp-image-3613\" src=\"https:\/\/rolfbenker.com\/wp-content\/uploads\/2024\/12\/cubierta-de-cristal-RolfBenker-carpinteria-10.jpg\" alt=\"Cubierta de cristal exterior\" width=\"960\" height=\"640\" title=\"\" srcset=\"https:\/\/rolfbenker.com\/wp-content\/uploads\/2024\/12\/cubierta-de-cristal-RolfBenker-carpinteria-10.jpg 960w, https:\/\/rolfbenker.com\/wp-content\/uploads\/2024\/12\/cubierta-de-cristal-RolfBenker-carpinteria-10-300x200.jpg 300w, https:\/\/rolfbenker.com\/wp-content\/uploads\/2024\/12\/cubierta-de-cristal-RolfBenker-carpinteria-10-768x512.jpg 768w, https:\/\/rolfbenker.com\/wp-content\/uploads\/2024\/12\/cubierta-de-cristal-RolfBenker-carpinteria-10-370x247.jpg 370w, https:\/\/rolfbenker.com\/wp-content\/uploads\/2024\/12\/cubierta-de-cristal-RolfBenker-carpinteria-10-360x240.jpg 360w\" sizes=\"auto, (max-width: 960px) 100vw, 960px\" \/ fetchpriority=\"low\"> <img loading=\"lazy\" decoding=\"async\" class=\"alignnone size-full wp-image-3611\" src=\"https:\/\/rolfbenker.com\/wp-content\/uploads\/2024\/12\/cubierta-de-cristal-RolfBenker-carpinteria-1.jpg\" alt=\"Cubierta de cristal exterior\" width=\"960\" height=\"640\" title=\"\" srcset=\"https:\/\/rolfbenker.com\/wp-content\/uploads\/2024\/12\/cubierta-de-cristal-RolfBenker-carpinteria-1.jpg 960w, https:\/\/rolfbenker.com\/wp-content\/uploads\/2024\/12\/cubierta-de-cristal-RolfBenker-carpinteria-1-300x200.jpg 300w, https:\/\/rolfbenker.com\/wp-content\/uploads\/2024\/12\/cubierta-de-cristal-RolfBenker-carpinteria-1-768x512.jpg 768w, https:\/\/rolfbenker.com\/wp-content\/uploads\/2024\/12\/cubierta-de-cristal-RolfBenker-carpinteria-1-370x247.jpg 370w, https:\/\/rolfbenker.com\/wp-content\/uploads\/2024\/12\/cubierta-de-cristal-RolfBenker-carpinteria-1-360x240.jpg 360w\" sizes=\"auto, (max-width: 960px) 100vw, 960px\" \/ fetchpriority=\"low\"><\/p>\n","protected":false},"excerpt":{"rendered":"<p>Glasabdeckung: Funktionalit\u00e4t und Design zur Versch\u00f6nerung Ihrer Au\u00dfenbereiche Bei Rolf Benker Carpinter\u00eda Artesanal sind wir auf die Gestaltung und den Bau architektonischer L\u00f6sungen spezialisiert, die Funktionalit\u00e4t und \u00c4sthetik vereinen. Eines unserer herausragenden Projekte auf der Insel La Palma ist dieses&#8230;<\/p>\n","protected":false},"author":1,"featured_media":3618,"comment_status":"closed","ping_status":"closed","sticky":false,"template":"","format":"standard","meta":{"footnotes":""},"categories":[206],"tags":[227],"class_list":["post-3630","post","type-post","status-publish","format-standard","has-post-thumbnail","hentry","category-pergolas-de","tag-glasabdeckung"],"_links":{"self":[{"href":"https:\/\/rolfbenker.com\/de\/wp-json\/wp\/v2\/posts\/3630","targetHints":{"allow":["GET"]}}],"collection":[{"href":"https:\/\/rolfbenker.com\/de\/wp-json\/wp\/v2\/posts"}],"about":[{"href":"https:\/\/rolfbenker.com\/de\/wp-json\/wp\/v2\/types\/post"}],"author":[{"embeddable":true,"href":"https:\/\/rolfbenker.com\/de\/wp-json\/wp\/v2\/users\/1"}],"replies":[{"embeddable":true,"href":"https:\/\/rolfbenker.com\/de\/wp-json\/wp\/v2\/comments?post=3630"}],"version-history":[{"count":4,"href":"https:\/\/rolfbenker.com\/de\/wp-json\/wp\/v2\/posts\/3630\/revisions"}],"predecessor-version":[{"id":3636,"href":"https:\/\/rolfbenker.com\/de\/wp-json\/wp\/v2\/posts\/3630\/revisions\/3636"}],"wp:featuredmedia":[{"embeddable":true,"href":"https:\/\/rolfbenker.com\/de\/wp-json\/wp\/v2\/media\/3618"}],"wp:attachment":[{"href":"https:\/\/rolfbenker.com\/de\/wp-json\/wp\/v2\/media?parent=3630"}],"wp:term":[{"taxonomy":"category","embeddable":true,"href":"https:\/\/rolfbenker.com\/de\/wp-json\/wp\/v2\/categories?post=3630"},{"taxonomy":"post_tag","embeddable":true,"href":"https:\/\/rolfbenker.com\/de\/wp-json\/wp\/v2\/tags?post=3630"}],"curies":[{"name":"wp","href":"https:\/\/api.w.org\/{rel}","templated":true}]}}