{"id":3656,"date":"2025-01-10T11:38:15","date_gmt":"2025-01-10T11:38:15","guid":{"rendered":"https:\/\/rolfbenker.com\/nueva-terraza-en-tarima-de-bambu\/"},"modified":"2025-01-10T11:41:39","modified_gmt":"2025-01-10T11:41:39","slug":"neue-terrasse-aus-bambus-dielen","status":"publish","type":"post","link":"https:\/\/rolfbenker.com\/de\/neue-terrasse-aus-bambus-dielen\/","title":{"rendered":"Neue Terrasse aus Bambus-Dielen"},"content":{"rendered":"<div class=\"flex-shrink-0 flex flex-col relative items-end\">\n<div class=\"pt-0\">\n<div class=\"gizmo-bot-avatar flex h-8 w-8 items-center justify-center overflow-hidden rounded-full\">\n<div class=\"flex-shrink-0 flex flex-col relative items-end\">\n<div>\n<div class=\"pt-0\">\n<div class=\"gizmo-bot-avatar flex h-8 w-8 items-center justify-center overflow-hidden rounded-full\">\n<div class=\"relative p-1 rounded-sm flex items-center justify-center bg-token-main-surface-primary text-token-text-primary h-8 w-8\">Erstellung einer neuen Terrasse<\/div>\n<\/div>\n<\/div>\n<\/div>\n<\/div>\n<div class=\"group\/conversation-turn relative flex w-full min-w-0 flex-col agent-turn\">\n<div class=\"flex-col gap-1 md:gap-3\">\n<div class=\"flex max-w-full flex-col flex-grow\">\n<div class=\"min-h-8 text-message flex w-full flex-col items-end gap-2 whitespace-normal break-words text-start [.text-message+&amp;]:mt-5\" dir=\"auto\" data-message-author-role=\"assistant\" data-message-id=\"67c9a80f-99a1-431f-a456-fbd2028ff573\" data-message-model-slug=\"gpt-4o\">\n<div class=\"flex w-full flex-col gap-1 empty:hidden first:pt-[3px]\">\n<div class=\"markdown prose w-full break-words dark:prose-invert light\">\n<p>Bei Rolf Benker Tischlerei haben wir k\u00fcrzlich ein Projekt abgeschlossen, auf das wir besonders stolz sind: den Bau einer Terrasse f\u00fcr ein privates Wohnhaus auf La Palma. Das Design wurde mit Bambus umgesetzt, einem nachhaltigen und robusten Material, das nicht nur einen nat\u00fcrlichen und modernen Stil verleiht, sondern auch Langlebigkeit und Funktionalit\u00e4t garantiert.<\/p>\n<p>Diese neue Terrasse erweitert den Wohnraum des Hauses und schafft einen idealen Au\u00dfenbereich f\u00fcr den t\u00e4glichen Gebrauch oder famili\u00e4re Zusammenk\u00fcnfte. Im Rahmen des Projekts haben wir mehrere Fenster durch Schiebet\u00fcren ersetzt, um den direkten Zugang vom Hausinneren zur Terrasse zu erleichtern und die Verbindung zwischen den R\u00e4umen zu verbessern.<\/p>\n<h3>Individuelle Details und Sicherheit<\/h3>\n<p>Wir haben uns um jedes Detail des Projekts gek\u00fcmmert, einschlie\u00dflich ma\u00dfgeschneiderter Oberfl\u00e4chen, die den spezifischen Bed\u00fcrfnissen der Hausbesitzer entsprechen. Um die Sicherheit zu gew\u00e4hrleisten, haben wir ein funktionales Gel\u00e4nder integriert, das sich nahtlos in das Gesamtdesign einf\u00fcgt. Das gesamte Projekt wurde mit dem Ziel umgesetzt, \u00c4sthetik, Nutzen und Qualit\u00e4t miteinander zu vereinen.<\/p>\n<h3>Ein Projekt, auf das wir stolz sind<\/h3>\n<p>Dieses Projekt ist ein klares Beispiel daf\u00fcr, wie unsere Tischlerei Wohnr\u00e4ume transformieren und ihre Nutzung optimieren kann.<\/p>\n<h3>Kontaktieren Sie uns, um Ihre Ideen zu verwirklichen<\/h3>\n<p>Wenn Sie daran denken, Ihr Zuhause zu renovieren oder einen neuen Raum zu schaffen, stehen wir bei der Tischlerei Rolf Benker gerne zur Verf\u00fcgung. Wir sind auf individuelle Projekte spezialisiert, die Design, Funktionalit\u00e4t und hochwertige Materialien kombinieren. <a href=\"https:\/\/rolfbenker.com\/de\/kontakt\/\">Kontaktieren Sie uns und teilen Sie uns Ihre Idee mit<\/a>. Gemeinsam machen wir sie Wirklichkeit.<\/p>\n<\/div>\n<\/div>\n<\/div>\n<\/div>\n<\/div>\n<\/div>\n<\/div>\n<\/div>\n<\/div>\n<div class=\"group\/conversation-turn relative flex w-full min-w-0 flex-col agent-turn\">\n<div class=\"flex-col gap-1 md:gap-3\">\n<div class=\"flex max-w-full flex-col flex-grow\">\n<div class=\"min-h-8 text-message flex w-full flex-col items-end gap-2 whitespace-normal break-words text-start [.text-message+&amp;]:mt-5\" dir=\"auto\" data-message-author-role=\"assistant\" data-message-id=\"d454e57d-2bfc-4a1b-a9f5-4ac9fbfbada8\" data-message-model-slug=\"gpt-4o\">\n<div class=\"flex w-full flex-col gap-1 empty:hidden first:pt-[3px]\">\n<div id=\"attachment_3638\" style=\"width: 1214px\" class=\"wp-caption alignnone\"><img decoding=\"async\" aria-describedby=\"caption-attachment-3638\" class=\"size-full wp-image-3638\" src=\"https:\/\/rolfbenker.com\/wp-content\/uploads\/2025\/01\/tarima-bambu-lapalma.jpg\" alt=\"Tarima de bamb\u00fa en La Palma\" width=\"1204\" height=\"1600\" title=\"\" srcset=\"https:\/\/rolfbenker.com\/wp-content\/uploads\/2025\/01\/tarima-bambu-lapalma.jpg 1204w, https:\/\/rolfbenker.com\/wp-content\/uploads\/2025\/01\/tarima-bambu-lapalma-226x300.jpg 226w, https:\/\/rolfbenker.com\/wp-content\/uploads\/2025\/01\/tarima-bambu-lapalma-771x1024.jpg 771w, https:\/\/rolfbenker.com\/wp-content\/uploads\/2025\/01\/tarima-bambu-lapalma-768x1021.jpg 768w, https:\/\/rolfbenker.com\/wp-content\/uploads\/2025\/01\/tarima-bambu-lapalma-1156x1536.jpg 1156w, https:\/\/rolfbenker.com\/wp-content\/uploads\/2025\/01\/tarima-bambu-lapalma-271x360.jpg 271w, https:\/\/rolfbenker.com\/wp-content\/uploads\/2025\/01\/tarima-bambu-lapalma-1200x1595.jpg 1200w, https:\/\/rolfbenker.com\/wp-content\/uploads\/2025\/01\/tarima-bambu-lapalma-360x478.jpg 360w\" sizes=\"auto, (max-width: 1204px) 100vw, 1204px\" \/ fetchpriority=\"high\"><p id=\"caption-attachment-3638\" class=\"wp-caption-text\">Tarima de bamb\u00fa en La Palma<\/p><\/div>\n<p>&nbsp;<\/p>\n<div id=\"attachment_3650\" style=\"width: 1510px\" class=\"wp-caption alignnone\"><img loading=\"lazy\" decoding=\"async\" aria-describedby=\"caption-attachment-3650\" class=\"size-full wp-image-3650\" src=\"https:\/\/rolfbenker.com\/wp-content\/uploads\/2025\/01\/rolfbenker-tarima-bambu-lapalma.jpg\" alt=\"Tarima de bamb\u00fa en La Palma\" width=\"1500\" height=\"2000\" title=\"\" srcset=\"https:\/\/rolfbenker.com\/wp-content\/uploads\/2025\/01\/rolfbenker-tarima-bambu-lapalma.jpg 1500w, https:\/\/rolfbenker.com\/wp-content\/uploads\/2025\/01\/rolfbenker-tarima-bambu-lapalma-225x300.jpg 225w, https:\/\/rolfbenker.com\/wp-content\/uploads\/2025\/01\/rolfbenker-tarima-bambu-lapalma-768x1024.jpg 768w, https:\/\/rolfbenker.com\/wp-content\/uploads\/2025\/01\/rolfbenker-tarima-bambu-lapalma-1152x1536.jpg 1152w, https:\/\/rolfbenker.com\/wp-content\/uploads\/2025\/01\/rolfbenker-tarima-bambu-lapalma-270x360.jpg 270w, https:\/\/rolfbenker.com\/wp-content\/uploads\/2025\/01\/rolfbenker-tarima-bambu-lapalma-1200x1600.jpg 1200w, https:\/\/rolfbenker.com\/wp-content\/uploads\/2025\/01\/rolfbenker-tarima-bambu-lapalma-360x480.jpg 360w\" sizes=\"auto, (max-width: 1500px) 100vw, 1500px\" \/ fetchpriority=\"low\"><p id=\"caption-attachment-3650\" class=\"wp-caption-text\">Tarima de bamb\u00fa en La Palma<\/p><\/div>\n<p>&nbsp;<\/p>\n<div id=\"attachment_3648\" style=\"width: 1610px\" class=\"wp-caption alignnone\"><img loading=\"lazy\" decoding=\"async\" aria-describedby=\"caption-attachment-3648\" class=\"size-full wp-image-3648\" src=\"https:\/\/rolfbenker.com\/wp-content\/uploads\/2025\/01\/rolfbenker-tarima-bambu-lapalma-canarias.jpg\" alt=\"Tarima de bamb\u00fa en La Palma\" width=\"1600\" height=\"1204\" title=\"\" srcset=\"https:\/\/rolfbenker.com\/wp-content\/uploads\/2025\/01\/rolfbenker-tarima-bambu-lapalma-canarias.jpg 1600w, https:\/\/rolfbenker.com\/wp-content\/uploads\/2025\/01\/rolfbenker-tarima-bambu-lapalma-canarias-300x226.jpg 300w, https:\/\/rolfbenker.com\/wp-content\/uploads\/2025\/01\/rolfbenker-tarima-bambu-lapalma-canarias-1024x771.jpg 1024w, https:\/\/rolfbenker.com\/wp-content\/uploads\/2025\/01\/rolfbenker-tarima-bambu-lapalma-canarias-768x578.jpg 768w, https:\/\/rolfbenker.com\/wp-content\/uploads\/2025\/01\/rolfbenker-tarima-bambu-lapalma-canarias-1536x1156.jpg 1536w, https:\/\/rolfbenker.com\/wp-content\/uploads\/2025\/01\/rolfbenker-tarima-bambu-lapalma-canarias-370x278.jpg 370w, https:\/\/rolfbenker.com\/wp-content\/uploads\/2025\/01\/rolfbenker-tarima-bambu-lapalma-canarias-1200x903.jpg 1200w, https:\/\/rolfbenker.com\/wp-content\/uploads\/2025\/01\/rolfbenker-tarima-bambu-lapalma-canarias-360x271.jpg 360w\" sizes=\"auto, (max-width: 1600px) 100vw, 1600px\" \/ fetchpriority=\"low\"><p id=\"caption-attachment-3648\" class=\"wp-caption-text\">Tarima de bamb\u00fa en La Palma<\/p><\/div>\n<p>&nbsp;<\/p>\n<div id=\"attachment_3644\" style=\"width: 1610px\" class=\"wp-caption alignnone\"><img loading=\"lazy\" decoding=\"async\" aria-describedby=\"caption-attachment-3644\" class=\"size-full wp-image-3644\" src=\"https:\/\/rolfbenker.com\/wp-content\/uploads\/2025\/01\/rolfbenker-tarimabambu-lapalma.jpg\" alt=\"Tarima de bamb\u00fa en La Palma\" width=\"1600\" height=\"1204\" title=\"\" srcset=\"https:\/\/rolfbenker.com\/wp-content\/uploads\/2025\/01\/rolfbenker-tarimabambu-lapalma.jpg 1600w, https:\/\/rolfbenker.com\/wp-content\/uploads\/2025\/01\/rolfbenker-tarimabambu-lapalma-300x226.jpg 300w, https:\/\/rolfbenker.com\/wp-content\/uploads\/2025\/01\/rolfbenker-tarimabambu-lapalma-1024x771.jpg 1024w, https:\/\/rolfbenker.com\/wp-content\/uploads\/2025\/01\/rolfbenker-tarimabambu-lapalma-768x578.jpg 768w, https:\/\/rolfbenker.com\/wp-content\/uploads\/2025\/01\/rolfbenker-tarimabambu-lapalma-1536x1156.jpg 1536w, https:\/\/rolfbenker.com\/wp-content\/uploads\/2025\/01\/rolfbenker-tarimabambu-lapalma-370x278.jpg 370w, https:\/\/rolfbenker.com\/wp-content\/uploads\/2025\/01\/rolfbenker-tarimabambu-lapalma-1200x903.jpg 1200w, https:\/\/rolfbenker.com\/wp-content\/uploads\/2025\/01\/rolfbenker-tarimabambu-lapalma-360x271.jpg 360w\" sizes=\"auto, (max-width: 1600px) 100vw, 1600px\" \/ fetchpriority=\"low\"><p id=\"caption-attachment-3644\" class=\"wp-caption-text\">Tarima de bamb\u00fa en La Palma<\/p><\/div>\n<p>&nbsp;<\/p>\n<div id=\"attachment_3642\" style=\"width: 1610px\" class=\"wp-caption alignnone\"><img loading=\"lazy\" decoding=\"async\" aria-describedby=\"caption-attachment-3642\" class=\"size-full wp-image-3642\" src=\"https:\/\/rolfbenker.com\/wp-content\/uploads\/2025\/01\/instalacion-tarima-bambu-rolfbenker.jpg\" alt=\"Tarima de bamb\u00fa en La Palma\" width=\"1600\" height=\"1204\" title=\"\" srcset=\"https:\/\/rolfbenker.com\/wp-content\/uploads\/2025\/01\/instalacion-tarima-bambu-rolfbenker.jpg 1600w, https:\/\/rolfbenker.com\/wp-content\/uploads\/2025\/01\/instalacion-tarima-bambu-rolfbenker-300x226.jpg 300w, https:\/\/rolfbenker.com\/wp-content\/uploads\/2025\/01\/instalacion-tarima-bambu-rolfbenker-1024x771.jpg 1024w, https:\/\/rolfbenker.com\/wp-content\/uploads\/2025\/01\/instalacion-tarima-bambu-rolfbenker-768x578.jpg 768w, https:\/\/rolfbenker.com\/wp-content\/uploads\/2025\/01\/instalacion-tarima-bambu-rolfbenker-1536x1156.jpg 1536w, https:\/\/rolfbenker.com\/wp-content\/uploads\/2025\/01\/instalacion-tarima-bambu-rolfbenker-370x278.jpg 370w, https:\/\/rolfbenker.com\/wp-content\/uploads\/2025\/01\/instalacion-tarima-bambu-rolfbenker-1200x903.jpg 1200w, https:\/\/rolfbenker.com\/wp-content\/uploads\/2025\/01\/instalacion-tarima-bambu-rolfbenker-360x271.jpg 360w\" sizes=\"auto, (max-width: 1600px) 100vw, 1600px\" \/ fetchpriority=\"low\"><p id=\"caption-attachment-3642\" class=\"wp-caption-text\">Tarima de bamb\u00fa en La Palma<\/p><\/div>\n<p>&nbsp;<\/p>\n<div id=\"attachment_3640\" style=\"width: 1214px\" class=\"wp-caption alignnone\"><img loading=\"lazy\" decoding=\"async\" aria-describedby=\"caption-attachment-3640\" class=\"size-full wp-image-3640\" src=\"https:\/\/rolfbenker.com\/wp-content\/uploads\/2025\/01\/tarimabambu-lapalma.jpg\" alt=\"Tarima de bamb\u00fa en La Palma\" width=\"1204\" height=\"1600\" title=\"\" srcset=\"https:\/\/rolfbenker.com\/wp-content\/uploads\/2025\/01\/tarimabambu-lapalma.jpg 1204w, https:\/\/rolfbenker.com\/wp-content\/uploads\/2025\/01\/tarimabambu-lapalma-226x300.jpg 226w, https:\/\/rolfbenker.com\/wp-content\/uploads\/2025\/01\/tarimabambu-lapalma-771x1024.jpg 771w, https:\/\/rolfbenker.com\/wp-content\/uploads\/2025\/01\/tarimabambu-lapalma-768x1021.jpg 768w, https:\/\/rolfbenker.com\/wp-content\/uploads\/2025\/01\/tarimabambu-lapalma-1156x1536.jpg 1156w, https:\/\/rolfbenker.com\/wp-content\/uploads\/2025\/01\/tarimabambu-lapalma-271x360.jpg 271w, https:\/\/rolfbenker.com\/wp-content\/uploads\/2025\/01\/tarimabambu-lapalma-1200x1595.jpg 1200w, https:\/\/rolfbenker.com\/wp-content\/uploads\/2025\/01\/tarimabambu-lapalma-360x478.jpg 360w\" sizes=\"auto, (max-width: 1204px) 100vw, 1204px\" \/ fetchpriority=\"low\"><p id=\"caption-attachment-3640\" class=\"wp-caption-text\">Tarima de bamb\u00fa en La Palma<\/p><\/div>\n<\/div>\n<\/div>\n<\/div>\n<\/div>\n<h2>Ausgangssituation der Wohnung vor den durchgef\u00fchrten Arbeiten<\/h2>\n<div class=\"flex-col gap-1 md:gap-3\">\n<div class=\"flex max-w-full flex-col flex-grow\">\n<div class=\"min-h-8 text-message flex w-full flex-col items-end gap-2 whitespace-normal break-words text-start [.text-message+&amp;]:mt-5\" dir=\"auto\" data-message-author-role=\"assistant\" data-message-id=\"d454e57d-2bfc-4a1b-a9f5-4ac9fbfbada8\" data-message-model-slug=\"gpt-4o\">\n<div class=\"flex w-full flex-col gap-1 empty:hidden first:pt-[3px]\">\n<div id=\"attachment_3652\" style=\"width: 1610px\" class=\"wp-caption alignnone\"><img loading=\"lazy\" decoding=\"async\" aria-describedby=\"caption-attachment-3652\" class=\"size-full wp-image-3652\" src=\"https:\/\/rolfbenker.com\/wp-content\/uploads\/2025\/01\/rolfbenker-carpintero-lapalma.jpg\" alt=\"Estado de la vivienda antes de la intervenci\u00f3n\" width=\"1600\" height=\"720\" title=\"\" srcset=\"https:\/\/rolfbenker.com\/wp-content\/uploads\/2025\/01\/rolfbenker-carpintero-lapalma.jpg 1600w, https:\/\/rolfbenker.com\/wp-content\/uploads\/2025\/01\/rolfbenker-carpintero-lapalma-300x135.jpg 300w, https:\/\/rolfbenker.com\/wp-content\/uploads\/2025\/01\/rolfbenker-carpintero-lapalma-1024x461.jpg 1024w, https:\/\/rolfbenker.com\/wp-content\/uploads\/2025\/01\/rolfbenker-carpintero-lapalma-768x346.jpg 768w, https:\/\/rolfbenker.com\/wp-content\/uploads\/2025\/01\/rolfbenker-carpintero-lapalma-1536x691.jpg 1536w, https:\/\/rolfbenker.com\/wp-content\/uploads\/2025\/01\/rolfbenker-carpintero-lapalma-370x167.jpg 370w, https:\/\/rolfbenker.com\/wp-content\/uploads\/2025\/01\/rolfbenker-carpintero-lapalma-1200x540.jpg 1200w, https:\/\/rolfbenker.com\/wp-content\/uploads\/2025\/01\/rolfbenker-carpintero-lapalma-360x162.jpg 360w\" sizes=\"auto, (max-width: 1600px) 100vw, 1600px\" \/ fetchpriority=\"low\"><p id=\"caption-attachment-3652\" class=\"wp-caption-text\">Estado de la vivienda antes de la intervenci\u00f3n<\/p><\/div>\n<\/div>\n<\/div>\n<\/div>\n<\/div>\n<\/div>\n","protected":false},"excerpt":{"rendered":"<p>Erstellung einer neuen Terrasse Bei Rolf Benker Tischlerei haben wir k\u00fcrzlich ein Projekt abgeschlossen, auf das wir besonders stolz sind: den Bau einer Terrasse f\u00fcr ein privates Wohnhaus auf La Palma. Das Design wurde mit Bambus umgesetzt, einem nachhaltigen und&#8230;<\/p>\n","protected":false},"author":1,"featured_media":3649,"comment_status":"closed","ping_status":"closed","sticky":false,"template":"","format":"standard","meta":{"footnotes":""},"categories":[136],"tags":[229],"class_list":["post-3656","post","type-post","status-publish","format-standard","has-post-thumbnail","hentry","category-suelos-y-tarimas-de","tag-terraza-bambu-de"],"_links":{"self":[{"href":"https:\/\/rolfbenker.com\/de\/wp-json\/wp\/v2\/posts\/3656","targetHints":{"allow":["GET"]}}],"collection":[{"href":"https:\/\/rolfbenker.com\/de\/wp-json\/wp\/v2\/posts"}],"about":[{"href":"https:\/\/rolfbenker.com\/de\/wp-json\/wp\/v2\/types\/post"}],"author":[{"embeddable":true,"href":"https:\/\/rolfbenker.com\/de\/wp-json\/wp\/v2\/users\/1"}],"replies":[{"embeddable":true,"href":"https:\/\/rolfbenker.com\/de\/wp-json\/wp\/v2\/comments?post=3656"}],"version-history":[{"count":3,"href":"https:\/\/rolfbenker.com\/de\/wp-json\/wp\/v2\/posts\/3656\/revisions"}],"predecessor-version":[{"id":3659,"href":"https:\/\/rolfbenker.com\/de\/wp-json\/wp\/v2\/posts\/3656\/revisions\/3659"}],"wp:featuredmedia":[{"embeddable":true,"href":"https:\/\/rolfbenker.com\/de\/wp-json\/wp\/v2\/media\/3649"}],"wp:attachment":[{"href":"https:\/\/rolfbenker.com\/de\/wp-json\/wp\/v2\/media?parent=3656"}],"wp:term":[{"taxonomy":"category","embeddable":true,"href":"https:\/\/rolfbenker.com\/de\/wp-json\/wp\/v2\/categories?post=3656"},{"taxonomy":"post_tag","embeddable":true,"href":"https:\/\/rolfbenker.com\/de\/wp-json\/wp\/v2\/tags?post=3656"}],"curies":[{"name":"wp","href":"https:\/\/api.w.org\/{rel}","templated":true}]}}