{"id":3675,"date":"2025-02-06T08:50:38","date_gmt":"2025-02-06T08:50:38","guid":{"rendered":"https:\/\/rolfbenker.com\/persianas-de-madera-maciza-de-morera-artesanales\/"},"modified":"2025-02-06T08:53:58","modified_gmt":"2025-02-06T08:53:58","slug":"massive-handgefertigte-jalousien-aus-maulbeerholz","status":"publish","type":"post","link":"https:\/\/rolfbenker.com\/de\/massive-handgefertigte-jalousien-aus-maulbeerholz\/","title":{"rendered":"Massive handgefertigte Jalousien aus Maulbeerholz"},"content":{"rendered":"<p>Bei Rolf Benker Holzhandwerk sind wir darauf spezialisiert, einzigartige St\u00fccke zu schaffen, die Funktionalit\u00e4t, Design und eine tiefe Wertsch\u00e4tzung f\u00fcr edle Materialien vereinen. Heute m\u00f6chten wir eines unserer neuesten Projekte vorstellen, das in einem Privathaus auf der Insel La Palma realisiert wurde, wo massives Maulbeerholz die Hauptrolle spielte.<\/p>\n<p>In diesem Fall haben wir ein Holzjalousiensystem entworfen und gefertigt, das aus einem festen Panel und einem beweglichen Fl\u00fcgel besteht, der mit Gasdruckfedern ausgestattet ist, um eine einfache \u00d6ffnung nach au\u00dfen zu erm\u00f6glichen, im Stil eines Kiosks. Dieses Design erm\u00f6glicht nicht nur eine effiziente Steuerung von Licht und Bel\u00fcftung, sondern verleiht dem Raum auch einen Hauch von rustikaler Eleganz. Die komplett ma\u00dfgeschneiderte Konstruktion f\u00fcgt sich perfekt in die nat\u00fcrliche Umgebung des Hauses ein und schafft eine harmonische Verbindung zwischen Holzhandwerk und Landschaft.<\/p>\n<p>Die Jalousien wurden sorgf\u00e4ltig bearbeitet, um Langlebigkeit und Widerstandsf\u00e4higkeit gegen\u00fcber den lokalen Witterungsbedingungen zu gew\u00e4hrleisten, w\u00e4hrend gleichzeitig die W\u00e4rme und die Textur des Maulbeerholzes hervorgehoben werden. Dieses Projekt spiegelt unser Engagement f\u00fcr Qualit\u00e4t und individuelles Design wider, indem wir uns stets an die spezifischen Bed\u00fcrfnisse jedes Kunden anpassen.<\/p>\n<p>Wenn Sie ein Projekt im Kopf haben, um Ihr Zuhause, Ihren Weinkeller oder jeden anderen Raum mit einer handwerklichen Note aufzuwerten, z\u00f6gern Sie nicht, <strong><a href=\"https:\/\/rolfbenker.com\/de\/kontakt\/\">uns zu kontaktieren<\/a><\/strong>. Bei Rolf Benker Holzhandwerk freuen wir uns, von Ihnen zu h\u00f6ren, und bieten Ihnen gerne eine unverbindliche Beratung an. Verwirklichen Sie Ihre Ideen mit der Qualit\u00e4t und Liebe zum Detail, die sie verdienen.<\/p>\n\n\t\t<style type=\"text\/css\">\n\t\t\t#gallery-1 {\n\t\t\t\tmargin: auto;\n\t\t\t}\n\t\t\t#gallery-1 .gallery-item {\n\t\t\t\tfloat: left;\n\t\t\t\tmargin-top: 10px;\n\t\t\t\ttext-align: center;\n\t\t\t\twidth: 50%;\n\t\t\t}\n\t\t\t#gallery-1 img {\n\t\t\t\tborder: 2px solid #cfcfcf;\n\t\t\t}\n\t\t\t#gallery-1 .gallery-caption {\n\t\t\t\tmargin-left: 0;\n\t\t\t}\n\t\t\t\/* see gallery_shortcode() in wp-includes\/media.php *\/\n\t\t<\/style>\n\t\t<div id='gallery-1' class='gallery galleryid-3675 gallery-columns-2 gallery-size-large'><dl class='gallery-item'>\n\t\t\t<dt class='gallery-icon landscape'>\n\t\t\t\t<a href='https:\/\/rolfbenker.com\/de\/massive-handgefertigte-jalousien-aus-maulbeerholz\/rolf-benker-carpinteria-madera-lapalma-6-2\/'><img width=\"1024\" height=\"768\" src=\"https:\/\/rolfbenker.com\/wp-content\/uploads\/2025\/02\/Rolf-Benker-carpinteria-madera-LaPalma-6-1024x768.jpg\" class=\"attachment-large size-large\" alt=\"Persianas de Madera\" srcset=\"https:\/\/rolfbenker.com\/wp-content\/uploads\/2025\/02\/Rolf-Benker-carpinteria-madera-LaPalma-6-1024x768.jpg 1024w, https:\/\/rolfbenker.com\/wp-content\/uploads\/2025\/02\/Rolf-Benker-carpinteria-madera-LaPalma-6-300x225.jpg 300w, https:\/\/rolfbenker.com\/wp-content\/uploads\/2025\/02\/Rolf-Benker-carpinteria-madera-LaPalma-6-768x576.jpg 768w, https:\/\/rolfbenker.com\/wp-content\/uploads\/2025\/02\/Rolf-Benker-carpinteria-madera-LaPalma-6-1536x1152.jpg 1536w, https:\/\/rolfbenker.com\/wp-content\/uploads\/2025\/02\/Rolf-Benker-carpinteria-madera-LaPalma-6-370x278.jpg 370w, https:\/\/rolfbenker.com\/wp-content\/uploads\/2025\/02\/Rolf-Benker-carpinteria-madera-LaPalma-6-1200x900.jpg 1200w, https:\/\/rolfbenker.com\/wp-content\/uploads\/2025\/02\/Rolf-Benker-carpinteria-madera-LaPalma-6-360x270.jpg 360w, https:\/\/rolfbenker.com\/wp-content\/uploads\/2025\/02\/Rolf-Benker-carpinteria-madera-LaPalma-6.jpg 1600w\" sizes=\"(max-width: 1024px) 100vw, 1024px\" decoding=\"async\" fetchpriority=\"high\" title=\"\" loading=\"lazy\"><\/a>\n\t\t\t<\/dt><\/dl><dl class='gallery-item'>\n\t\t\t<dt class='gallery-icon landscape'>\n\t\t\t\t<a href='https:\/\/rolfbenker.com\/de\/massive-handgefertigte-jalousien-aus-maulbeerholz\/rolf-benker-carpinteria-madera-lapalma-2-2\/'><img width=\"1024\" height=\"768\" src=\"https:\/\/rolfbenker.com\/wp-content\/uploads\/2025\/02\/Rolf-Benker-carpinteria-madera-LaPalma-2-1024x768.jpg\" class=\"attachment-large size-large\" alt=\"Persianas de Madera\" srcset=\"https:\/\/rolfbenker.com\/wp-content\/uploads\/2025\/02\/Rolf-Benker-carpinteria-madera-LaPalma-2-1024x768.jpg 1024w, https:\/\/rolfbenker.com\/wp-content\/uploads\/2025\/02\/Rolf-Benker-carpinteria-madera-LaPalma-2-300x225.jpg 300w, https:\/\/rolfbenker.com\/wp-content\/uploads\/2025\/02\/Rolf-Benker-carpinteria-madera-LaPalma-2-768x576.jpg 768w, https:\/\/rolfbenker.com\/wp-content\/uploads\/2025\/02\/Rolf-Benker-carpinteria-madera-LaPalma-2-1536x1152.jpg 1536w, https:\/\/rolfbenker.com\/wp-content\/uploads\/2025\/02\/Rolf-Benker-carpinteria-madera-LaPalma-2-370x278.jpg 370w, https:\/\/rolfbenker.com\/wp-content\/uploads\/2025\/02\/Rolf-Benker-carpinteria-madera-LaPalma-2-1200x900.jpg 1200w, https:\/\/rolfbenker.com\/wp-content\/uploads\/2025\/02\/Rolf-Benker-carpinteria-madera-LaPalma-2-360x270.jpg 360w, https:\/\/rolfbenker.com\/wp-content\/uploads\/2025\/02\/Rolf-Benker-carpinteria-madera-LaPalma-2.jpg 1600w\" sizes=\"auto, (max-width: 1024px) 100vw, 1024px\" loading=\"lazy\" decoding=\"async\" fetchpriority=\"low\" title=\"\"><\/a>\n\t\t\t<\/dt><\/dl><br style=\"clear: both\" \/><dl class='gallery-item'>\n\t\t\t<dt class='gallery-icon landscape'>\n\t\t\t\t<a href='https:\/\/rolfbenker.com\/de\/massive-handgefertigte-jalousien-aus-maulbeerholz\/rolf-benker-carpinteria-madera-lapalma-3-2\/'><img width=\"1024\" height=\"768\" src=\"https:\/\/rolfbenker.com\/wp-content\/uploads\/2025\/02\/Rolf-Benker-carpinteria-madera-LaPalma-3-1024x768.jpg\" class=\"attachment-large size-large\" alt=\"Persianas de Madera\" srcset=\"https:\/\/rolfbenker.com\/wp-content\/uploads\/2025\/02\/Rolf-Benker-carpinteria-madera-LaPalma-3-1024x768.jpg 1024w, https:\/\/rolfbenker.com\/wp-content\/uploads\/2025\/02\/Rolf-Benker-carpinteria-madera-LaPalma-3-300x225.jpg 300w, https:\/\/rolfbenker.com\/wp-content\/uploads\/2025\/02\/Rolf-Benker-carpinteria-madera-LaPalma-3-768x576.jpg 768w, https:\/\/rolfbenker.com\/wp-content\/uploads\/2025\/02\/Rolf-Benker-carpinteria-madera-LaPalma-3-1536x1152.jpg 1536w, https:\/\/rolfbenker.com\/wp-content\/uploads\/2025\/02\/Rolf-Benker-carpinteria-madera-LaPalma-3-370x278.jpg 370w, https:\/\/rolfbenker.com\/wp-content\/uploads\/2025\/02\/Rolf-Benker-carpinteria-madera-LaPalma-3-1200x900.jpg 1200w, https:\/\/rolfbenker.com\/wp-content\/uploads\/2025\/02\/Rolf-Benker-carpinteria-madera-LaPalma-3-360x270.jpg 360w, https:\/\/rolfbenker.com\/wp-content\/uploads\/2025\/02\/Rolf-Benker-carpinteria-madera-LaPalma-3.jpg 1600w\" sizes=\"auto, (max-width: 1024px) 100vw, 1024px\" loading=\"lazy\" decoding=\"async\" fetchpriority=\"low\" title=\"\"><\/a>\n\t\t\t<\/dt><\/dl><dl class='gallery-item'>\n\t\t\t<dt class='gallery-icon landscape'>\n\t\t\t\t<a href='https:\/\/rolfbenker.com\/de\/massive-handgefertigte-jalousien-aus-maulbeerholz\/rolf-benker-carpinteria-madera-lapalma-4-2\/'><img width=\"1024\" height=\"768\" src=\"https:\/\/rolfbenker.com\/wp-content\/uploads\/2025\/02\/Rolf-Benker-carpinteria-madera-LaPalma-4-1024x768.jpg\" class=\"attachment-large size-large\" alt=\"Persianas de Madera\" srcset=\"https:\/\/rolfbenker.com\/wp-content\/uploads\/2025\/02\/Rolf-Benker-carpinteria-madera-LaPalma-4-1024x768.jpg 1024w, https:\/\/rolfbenker.com\/wp-content\/uploads\/2025\/02\/Rolf-Benker-carpinteria-madera-LaPalma-4-300x225.jpg 300w, https:\/\/rolfbenker.com\/wp-content\/uploads\/2025\/02\/Rolf-Benker-carpinteria-madera-LaPalma-4-768x576.jpg 768w, https:\/\/rolfbenker.com\/wp-content\/uploads\/2025\/02\/Rolf-Benker-carpinteria-madera-LaPalma-4-1536x1152.jpg 1536w, https:\/\/rolfbenker.com\/wp-content\/uploads\/2025\/02\/Rolf-Benker-carpinteria-madera-LaPalma-4-370x278.jpg 370w, https:\/\/rolfbenker.com\/wp-content\/uploads\/2025\/02\/Rolf-Benker-carpinteria-madera-LaPalma-4-1200x900.jpg 1200w, https:\/\/rolfbenker.com\/wp-content\/uploads\/2025\/02\/Rolf-Benker-carpinteria-madera-LaPalma-4-360x270.jpg 360w, https:\/\/rolfbenker.com\/wp-content\/uploads\/2025\/02\/Rolf-Benker-carpinteria-madera-LaPalma-4.jpg 1600w\" sizes=\"auto, (max-width: 1024px) 100vw, 1024px\" loading=\"lazy\" decoding=\"async\" fetchpriority=\"low\" title=\"\"><\/a>\n\t\t\t<\/dt><\/dl><br style=\"clear: both\" \/>\n\t\t<\/div>\n\n","protected":false},"excerpt":{"rendered":"<p>Bei Rolf Benker Holzhandwerk sind wir darauf spezialisiert, einzigartige St\u00fccke zu schaffen, die Funktionalit\u00e4t, Design und eine tiefe Wertsch\u00e4tzung f\u00fcr edle Materialien vereinen. Heute m\u00f6chten wir eines unserer neuesten Projekte vorstellen, das in einem Privathaus auf der Insel La Palma&#8230;<\/p>\n","protected":false},"author":1,"featured_media":3664,"comment_status":"closed","ping_status":"closed","sticky":false,"template":"","format":"standard","meta":{"footnotes":""},"categories":[66,184],"tags":[231],"class_list":["post-3675","post","type-post","status-publish","format-standard","has-post-thumbnail","hentry","category-diseno-de-muebles-de","category-puertas-madera-de","tag-persiana-de-madera-de"],"_links":{"self":[{"href":"https:\/\/rolfbenker.com\/de\/wp-json\/wp\/v2\/posts\/3675","targetHints":{"allow":["GET"]}}],"collection":[{"href":"https:\/\/rolfbenker.com\/de\/wp-json\/wp\/v2\/posts"}],"about":[{"href":"https:\/\/rolfbenker.com\/de\/wp-json\/wp\/v2\/types\/post"}],"author":[{"embeddable":true,"href":"https:\/\/rolfbenker.com\/de\/wp-json\/wp\/v2\/users\/1"}],"replies":[{"embeddable":true,"href":"https:\/\/rolfbenker.com\/de\/wp-json\/wp\/v2\/comments?post=3675"}],"version-history":[{"count":3,"href":"https:\/\/rolfbenker.com\/de\/wp-json\/wp\/v2\/posts\/3675\/revisions"}],"predecessor-version":[{"id":3678,"href":"https:\/\/rolfbenker.com\/de\/wp-json\/wp\/v2\/posts\/3675\/revisions\/3678"}],"wp:featuredmedia":[{"embeddable":true,"href":"https:\/\/rolfbenker.com\/de\/wp-json\/wp\/v2\/media\/3664"}],"wp:attachment":[{"href":"https:\/\/rolfbenker.com\/de\/wp-json\/wp\/v2\/media?parent=3675"}],"wp:term":[{"taxonomy":"category","embeddable":true,"href":"https:\/\/rolfbenker.com\/de\/wp-json\/wp\/v2\/categories?post=3675"},{"taxonomy":"post_tag","embeddable":true,"href":"https:\/\/rolfbenker.com\/de\/wp-json\/wp\/v2\/tags?post=3675"}],"curies":[{"name":"wp","href":"https:\/\/api.w.org\/{rel}","templated":true}]}}