{"id":3700,"date":"2025-03-17T13:34:50","date_gmt":"2025-03-17T13:34:50","guid":{"rendered":"https:\/\/rolfbenker.com\/ventanas-y-puertas-de-aluminio-un-trabajo-a-medida\/"},"modified":"2025-03-17T13:39:27","modified_gmt":"2025-03-17T13:39:27","slug":"fenster-und-tueren-aus-aluminium","status":"publish","type":"post","link":"https:\/\/rolfbenker.com\/de\/fenster-und-tueren-aus-aluminium\/","title":{"rendered":"Fenster und T\u00fcren aus Aluminium: eine Ma\u00dfarbeit"},"content":{"rendered":"<p data-start=\"45\" data-end=\"402\">Bei Rolf Benker sind wir auf hochwertige Tischlerarbeiten spezialisiert und haben k\u00fcrzlich ein Projekt in einem privaten Anwesen abgeschlossen. In diesem Fall hat unser Team Aluminiumfenster und -t\u00fcren mit einem Zweikammersystem entworfen, gefertigt und installiert, wodurch eine \u00e4sthetische Optik und eine hervorragende W\u00e4rmed\u00e4mmung gew\u00e4hrleistet werden.<\/p>\n<p data-start=\"404\" data-end=\"714\">F\u00fcr den Innenbereich wurde eine elegante, strukturierte wei\u00dfe Farbe gew\u00e4hlt, die den R\u00e4umen Helligkeit und Modernit\u00e4t verleiht. F\u00fcr die Au\u00dfenseite entschieden wir uns f\u00fcr eine Holzdekor-Oberfl\u00e4che in Kirschbaumoptik, die eine warme und nat\u00fcrliche Ausstrahlung bietet und sich perfekt in die Umgebung einf\u00fcgt.<\/p>\n<p data-start=\"716\" data-end=\"1165\">Ein Schl\u00fcsselaspekt dieses Projekts war die Doppelverglasung aller Fenster und T\u00fcren. Dieses System verbessert nicht nur die W\u00e4rmed\u00e4mmung, sondern tr\u00e4gt auch zur Energieeffizienz des Hauses bei. Dank dieser Verglasung und der pr\u00e4zisen Abdichtung des Aluminiums werden W\u00e4rmeverluste im Winter minimiert und das Eindringen von Hitze im Sommer reduziert, wodurch eine angenehme Innentemperatur erhalten bleibt und der Energieverbrauch optimiert wird.<\/p>\n<p data-start=\"1167\" data-end=\"1497\">Bei Rolf Benker arbeiten wir mit hochwertigen Materialien und bieten ma\u00dfgeschneiderte L\u00f6sungen f\u00fcr jeden Kunden. Wenn Sie die Effizienz und das Design Ihres Hauses mit Aluminiumfenstern und -t\u00fcren verbessern m\u00f6chten, z\u00f6gern Sie nicht, <strong><a href=\"https:\/\/rolfbenker.com\/de\/kontakt\/\">uns zu kontaktieren<\/a><\/strong>. Wir beraten Sie gerne und bieten Ihnen die beste L\u00f6sung f\u00fcr Ihr Projekt.<\/p>\n\n\t\t<style type=\"text\/css\">\n\t\t\t#gallery-1 {\n\t\t\t\tmargin: auto;\n\t\t\t}\n\t\t\t#gallery-1 .gallery-item {\n\t\t\t\tfloat: left;\n\t\t\t\tmargin-top: 10px;\n\t\t\t\ttext-align: center;\n\t\t\t\twidth: 25%;\n\t\t\t}\n\t\t\t#gallery-1 img {\n\t\t\t\tborder: 2px solid #cfcfcf;\n\t\t\t}\n\t\t\t#gallery-1 .gallery-caption {\n\t\t\t\tmargin-left: 0;\n\t\t\t}\n\t\t\t\/* see gallery_shortcode() in wp-includes\/media.php *\/\n\t\t<\/style>\n\t\t<div id='gallery-1' class='gallery galleryid-3700 gallery-columns-4 gallery-size-large'><dl class='gallery-item'>\n\t\t\t<dt class='gallery-icon portrait'>\n\t\t\t\t<a href='https:\/\/rolfbenker.com\/de\/fenster-und-tueren-aus-aluminium\/puerta-aluminio-carpinteria-lapalma-2\/'><img width=\"768\" height=\"1024\" src=\"https:\/\/rolfbenker.com\/wp-content\/uploads\/2025\/03\/puerta-aluminio-carpinteria-lapalma-768x1024.jpg\" class=\"attachment-large size-large\" alt=\"Ventanas y puertas de aluminio: un trabajo a medida en el paso\" srcset=\"https:\/\/rolfbenker.com\/wp-content\/uploads\/2025\/03\/puerta-aluminio-carpinteria-lapalma-768x1024.jpg 768w, https:\/\/rolfbenker.com\/wp-content\/uploads\/2025\/03\/puerta-aluminio-carpinteria-lapalma-225x300.jpg 225w, https:\/\/rolfbenker.com\/wp-content\/uploads\/2025\/03\/puerta-aluminio-carpinteria-lapalma-1152x1536.jpg 1152w, https:\/\/rolfbenker.com\/wp-content\/uploads\/2025\/03\/puerta-aluminio-carpinteria-lapalma-270x360.jpg 270w, https:\/\/rolfbenker.com\/wp-content\/uploads\/2025\/03\/puerta-aluminio-carpinteria-lapalma-360x480.jpg 360w, https:\/\/rolfbenker.com\/wp-content\/uploads\/2025\/03\/puerta-aluminio-carpinteria-lapalma.jpg 1200w\" sizes=\"(max-width: 768px) 100vw, 768px\" decoding=\"async\" fetchpriority=\"high\" title=\"\" loading=\"lazy\"><\/a>\n\t\t\t<\/dt><\/dl><dl class='gallery-item'>\n\t\t\t<dt class='gallery-icon portrait'>\n\t\t\t\t<a href='https:\/\/rolfbenker.com\/de\/fenster-und-tueren-aus-aluminium\/puerta-aluminio-carpinteria-la-palma-2\/'><img width=\"768\" height=\"1024\" src=\"https:\/\/rolfbenker.com\/wp-content\/uploads\/2025\/03\/puerta-aluminio-carpinteria-la-palma-768x1024.jpg\" class=\"attachment-large size-large\" alt=\"Ventanas y puertas de aluminio: un trabajo a medida en el paso\" srcset=\"https:\/\/rolfbenker.com\/wp-content\/uploads\/2025\/03\/puerta-aluminio-carpinteria-la-palma-768x1024.jpg 768w, https:\/\/rolfbenker.com\/wp-content\/uploads\/2025\/03\/puerta-aluminio-carpinteria-la-palma-225x300.jpg 225w, https:\/\/rolfbenker.com\/wp-content\/uploads\/2025\/03\/puerta-aluminio-carpinteria-la-palma-1152x1536.jpg 1152w, https:\/\/rolfbenker.com\/wp-content\/uploads\/2025\/03\/puerta-aluminio-carpinteria-la-palma-270x360.jpg 270w, https:\/\/rolfbenker.com\/wp-content\/uploads\/2025\/03\/puerta-aluminio-carpinteria-la-palma-360x480.jpg 360w, https:\/\/rolfbenker.com\/wp-content\/uploads\/2025\/03\/puerta-aluminio-carpinteria-la-palma.jpg 1200w\" sizes=\"auto, (max-width: 768px) 100vw, 768px\" loading=\"lazy\" decoding=\"async\" fetchpriority=\"low\" title=\"\"><\/a>\n\t\t\t<\/dt><\/dl><dl class='gallery-item'>\n\t\t\t<dt class='gallery-icon portrait'>\n\t\t\t\t<a href='https:\/\/rolfbenker.com\/de\/fenster-und-tueren-aus-aluminium\/puertas-aluminio-elpaso-2\/'><img width=\"768\" height=\"1024\" src=\"https:\/\/rolfbenker.com\/wp-content\/uploads\/2025\/03\/puertas-aluminio-elpaso-768x1024.jpg\" class=\"attachment-large size-large\" alt=\"Ventanas y puertas de aluminio: un trabajo a medida en el paso\" srcset=\"https:\/\/rolfbenker.com\/wp-content\/uploads\/2025\/03\/puertas-aluminio-elpaso-768x1024.jpg 768w, https:\/\/rolfbenker.com\/wp-content\/uploads\/2025\/03\/puertas-aluminio-elpaso-225x300.jpg 225w, https:\/\/rolfbenker.com\/wp-content\/uploads\/2025\/03\/puertas-aluminio-elpaso-1152x1536.jpg 1152w, https:\/\/rolfbenker.com\/wp-content\/uploads\/2025\/03\/puertas-aluminio-elpaso-270x360.jpg 270w, https:\/\/rolfbenker.com\/wp-content\/uploads\/2025\/03\/puertas-aluminio-elpaso-360x480.jpg 360w, https:\/\/rolfbenker.com\/wp-content\/uploads\/2025\/03\/puertas-aluminio-elpaso.jpg 1200w\" sizes=\"auto, (max-width: 768px) 100vw, 768px\" loading=\"lazy\" decoding=\"async\" fetchpriority=\"low\" title=\"\"><\/a>\n\t\t\t<\/dt><\/dl><dl class='gallery-item'>\n\t\t\t<dt class='gallery-icon portrait'>\n\t\t\t\t<a href='https:\/\/rolfbenker.com\/de\/fenster-und-tueren-aus-aluminium\/ventas-de-aluminio-rolfbenjer-2\/'><img width=\"768\" height=\"1024\" src=\"https:\/\/rolfbenker.com\/wp-content\/uploads\/2025\/03\/ventas-de-aluminio-rolfbenjer-768x1024.jpg\" class=\"attachment-large size-large\" alt=\"Ventanas y puertas de aluminio: un trabajo a medida en el paso\" srcset=\"https:\/\/rolfbenker.com\/wp-content\/uploads\/2025\/03\/ventas-de-aluminio-rolfbenjer-768x1024.jpg 768w, https:\/\/rolfbenker.com\/wp-content\/uploads\/2025\/03\/ventas-de-aluminio-rolfbenjer-225x300.jpg 225w, https:\/\/rolfbenker.com\/wp-content\/uploads\/2025\/03\/ventas-de-aluminio-rolfbenjer-1152x1536.jpg 1152w, https:\/\/rolfbenker.com\/wp-content\/uploads\/2025\/03\/ventas-de-aluminio-rolfbenjer-270x360.jpg 270w, https:\/\/rolfbenker.com\/wp-content\/uploads\/2025\/03\/ventas-de-aluminio-rolfbenjer-360x480.jpg 360w, https:\/\/rolfbenker.com\/wp-content\/uploads\/2025\/03\/ventas-de-aluminio-rolfbenjer.jpg 1200w\" sizes=\"auto, (max-width: 768px) 100vw, 768px\" loading=\"lazy\" decoding=\"async\" fetchpriority=\"low\" title=\"\"><\/a>\n\t\t\t<\/dt><\/dl><br style=\"clear: both\" \/><dl class='gallery-item'>\n\t\t\t<dt class='gallery-icon portrait'>\n\t\t\t\t<a href='https:\/\/rolfbenker.com\/de\/fenster-und-tueren-aus-aluminium\/ventanas-rolfbenker-2\/'><img width=\"768\" height=\"1024\" src=\"https:\/\/rolfbenker.com\/wp-content\/uploads\/2025\/03\/ventanas-rolfbenker-768x1024.jpg\" class=\"attachment-large size-large\" alt=\"Ventanas y puertas de aluminio: un trabajo a medida en el paso\" srcset=\"https:\/\/rolfbenker.com\/wp-content\/uploads\/2025\/03\/ventanas-rolfbenker-768x1024.jpg 768w, https:\/\/rolfbenker.com\/wp-content\/uploads\/2025\/03\/ventanas-rolfbenker-225x300.jpg 225w, https:\/\/rolfbenker.com\/wp-content\/uploads\/2025\/03\/ventanas-rolfbenker-1152x1536.jpg 1152w, https:\/\/rolfbenker.com\/wp-content\/uploads\/2025\/03\/ventanas-rolfbenker-270x360.jpg 270w, https:\/\/rolfbenker.com\/wp-content\/uploads\/2025\/03\/ventanas-rolfbenker-360x480.jpg 360w, https:\/\/rolfbenker.com\/wp-content\/uploads\/2025\/03\/ventanas-rolfbenker.jpg 1200w\" sizes=\"auto, (max-width: 768px) 100vw, 768px\" loading=\"lazy\" decoding=\"async\" fetchpriority=\"low\" title=\"\"><\/a>\n\t\t\t<\/dt><\/dl><dl class='gallery-item'>\n\t\t\t<dt class='gallery-icon portrait'>\n\t\t\t\t<a href='https:\/\/rolfbenker.com\/de\/fenster-und-tueren-aus-aluminium\/ventanas-el-paso-2\/'><img width=\"768\" height=\"1024\" src=\"https:\/\/rolfbenker.com\/wp-content\/uploads\/2025\/03\/ventanas-el-paso-768x1024.jpg\" class=\"attachment-large size-large\" alt=\"Ventanas y puertas de aluminio: un trabajo a medida en el paso\" srcset=\"https:\/\/rolfbenker.com\/wp-content\/uploads\/2025\/03\/ventanas-el-paso-768x1024.jpg 768w, https:\/\/rolfbenker.com\/wp-content\/uploads\/2025\/03\/ventanas-el-paso-225x300.jpg 225w, https:\/\/rolfbenker.com\/wp-content\/uploads\/2025\/03\/ventanas-el-paso-1152x1536.jpg 1152w, https:\/\/rolfbenker.com\/wp-content\/uploads\/2025\/03\/ventanas-el-paso-270x360.jpg 270w, https:\/\/rolfbenker.com\/wp-content\/uploads\/2025\/03\/ventanas-el-paso-360x480.jpg 360w, https:\/\/rolfbenker.com\/wp-content\/uploads\/2025\/03\/ventanas-el-paso.jpg 1200w\" sizes=\"auto, (max-width: 768px) 100vw, 768px\" loading=\"lazy\" decoding=\"async\" fetchpriority=\"low\" title=\"\"><\/a>\n\t\t\t<\/dt><\/dl><dl class='gallery-item'>\n\t\t\t<dt class='gallery-icon portrait'>\n\t\t\t\t<a href='https:\/\/rolfbenker.com\/de\/fenster-und-tueren-aus-aluminium\/ventanas-carpinteria-elpaso-2\/'><img width=\"768\" height=\"1024\" src=\"https:\/\/rolfbenker.com\/wp-content\/uploads\/2025\/03\/ventanas-carpinteria-elpaso-768x1024.jpg\" class=\"attachment-large size-large\" alt=\"Ventanas y puertas de aluminio: un trabajo a medida en el paso\" srcset=\"https:\/\/rolfbenker.com\/wp-content\/uploads\/2025\/03\/ventanas-carpinteria-elpaso-768x1024.jpg 768w, https:\/\/rolfbenker.com\/wp-content\/uploads\/2025\/03\/ventanas-carpinteria-elpaso-225x300.jpg 225w, https:\/\/rolfbenker.com\/wp-content\/uploads\/2025\/03\/ventanas-carpinteria-elpaso-1152x1536.jpg 1152w, https:\/\/rolfbenker.com\/wp-content\/uploads\/2025\/03\/ventanas-carpinteria-elpaso-270x360.jpg 270w, https:\/\/rolfbenker.com\/wp-content\/uploads\/2025\/03\/ventanas-carpinteria-elpaso-360x480.jpg 360w, https:\/\/rolfbenker.com\/wp-content\/uploads\/2025\/03\/ventanas-carpinteria-elpaso.jpg 1200w\" sizes=\"auto, (max-width: 768px) 100vw, 768px\" loading=\"lazy\" decoding=\"async\" fetchpriority=\"low\" title=\"\"><\/a>\n\t\t\t<\/dt><\/dl><dl class='gallery-item'>\n\t\t\t<dt class='gallery-icon landscape'>\n\t\t\t\t<a href='https:\/\/rolfbenker.com\/de\/fenster-und-tueren-aus-aluminium\/ventanas-aluminio-lapalma-2\/'><img width=\"1024\" height=\"768\" src=\"https:\/\/rolfbenker.com\/wp-content\/uploads\/2025\/03\/ventanas-aluminio-lapalma-1024x768.jpg\" class=\"attachment-large size-large\" alt=\"Ventanas y puertas de aluminio: un trabajo a medida en el paso\" srcset=\"https:\/\/rolfbenker.com\/wp-content\/uploads\/2025\/03\/ventanas-aluminio-lapalma-1024x768.jpg 1024w, https:\/\/rolfbenker.com\/wp-content\/uploads\/2025\/03\/ventanas-aluminio-lapalma-300x225.jpg 300w, https:\/\/rolfbenker.com\/wp-content\/uploads\/2025\/03\/ventanas-aluminio-lapalma-768x576.jpg 768w, https:\/\/rolfbenker.com\/wp-content\/uploads\/2025\/03\/ventanas-aluminio-lapalma-1536x1152.jpg 1536w, https:\/\/rolfbenker.com\/wp-content\/uploads\/2025\/03\/ventanas-aluminio-lapalma-370x278.jpg 370w, https:\/\/rolfbenker.com\/wp-content\/uploads\/2025\/03\/ventanas-aluminio-lapalma-1200x900.jpg 1200w, https:\/\/rolfbenker.com\/wp-content\/uploads\/2025\/03\/ventanas-aluminio-lapalma-360x270.jpg 360w, https:\/\/rolfbenker.com\/wp-content\/uploads\/2025\/03\/ventanas-aluminio-lapalma.jpg 1600w\" sizes=\"auto, (max-width: 1024px) 100vw, 1024px\" loading=\"lazy\" decoding=\"async\" fetchpriority=\"low\" title=\"\"><\/a>\n\t\t\t<\/dt><\/dl><br style=\"clear: both\" \/>\n\t\t<\/div>\n\n","protected":false},"excerpt":{"rendered":"<p>Bei Rolf Benker sind wir auf hochwertige Tischlerarbeiten spezialisiert und haben k\u00fcrzlich ein Projekt in einem privaten Anwesen abgeschlossen. In diesem Fall hat unser Team Aluminiumfenster und -t\u00fcren mit einem Zweikammersystem entworfen, gefertigt und installiert, wodurch eine \u00e4sthetische Optik und&#8230;<\/p>\n","protected":false},"author":1,"featured_media":3697,"comment_status":"closed","ping_status":"closed","sticky":false,"template":"","format":"standard","meta":{"footnotes":""},"categories":[61],"tags":[120,174],"class_list":["post-3700","post","type-post","status-publish","format-standard","has-post-thumbnail","hentry","category-ventanas-y-puertas-aluminio-de","tag-fenster-de","tag-tueren"],"_links":{"self":[{"href":"https:\/\/rolfbenker.com\/de\/wp-json\/wp\/v2\/posts\/3700","targetHints":{"allow":["GET"]}}],"collection":[{"href":"https:\/\/rolfbenker.com\/de\/wp-json\/wp\/v2\/posts"}],"about":[{"href":"https:\/\/rolfbenker.com\/de\/wp-json\/wp\/v2\/types\/post"}],"author":[{"embeddable":true,"href":"https:\/\/rolfbenker.com\/de\/wp-json\/wp\/v2\/users\/1"}],"replies":[{"embeddable":true,"href":"https:\/\/rolfbenker.com\/de\/wp-json\/wp\/v2\/comments?post=3700"}],"version-history":[{"count":3,"href":"https:\/\/rolfbenker.com\/de\/wp-json\/wp\/v2\/posts\/3700\/revisions"}],"predecessor-version":[{"id":3703,"href":"https:\/\/rolfbenker.com\/de\/wp-json\/wp\/v2\/posts\/3700\/revisions\/3703"}],"wp:featuredmedia":[{"embeddable":true,"href":"https:\/\/rolfbenker.com\/de\/wp-json\/wp\/v2\/media\/3697"}],"wp:attachment":[{"href":"https:\/\/rolfbenker.com\/de\/wp-json\/wp\/v2\/media?parent=3700"}],"wp:term":[{"taxonomy":"category","embeddable":true,"href":"https:\/\/rolfbenker.com\/de\/wp-json\/wp\/v2\/categories?post=3700"},{"taxonomy":"post_tag","embeddable":true,"href":"https:\/\/rolfbenker.com\/de\/wp-json\/wp\/v2\/tags?post=3700"}],"curies":[{"name":"wp","href":"https:\/\/api.w.org\/{rel}","templated":true}]}}