{"id":3717,"date":"2025-03-19T10:02:30","date_gmt":"2025-03-19T10:02:30","guid":{"rendered":"https:\/\/rolfbenker.com\/?p=3717"},"modified":"2025-03-17T14:45:37","modified_gmt":"2025-03-17T14:45:37","slug":"massgefertigte-innentueren-aus-massiver-eiche","status":"publish","type":"post","link":"https:\/\/rolfbenker.com\/de\/massgefertigte-innentueren-aus-massiver-eiche\/","title":{"rendered":"Ma\u00dfgefertigte Innent\u00fcren aus massiver Eiche"},"content":{"rendered":"<p>Bei Rolf Benker, einer Tischlerei auf der Insel La Palma, sind wir stolz auf jedes Projekt, das wir abschlie\u00dfen, und heute m\u00f6chten wir Ihnen eines unserer neuesten Projekte vorstellen: die Herstellung und Montage von Innent\u00fcren aus massiver Eiche f\u00fcr ein Privathaus.<\/p>\n<p>Jede dieser T\u00fcren wurde individuell angefertigt und passt sich perfekt den Bed\u00fcrfnissen und dem Geschmack des Kunden an. Die Verarbeitung von massivem Eichenholz garantiert nicht nur Haltbarkeit und St\u00e4rke, sondern verleiht jedem Raum im Haus auch W\u00e4rme und Eleganz.<\/p>\n<p>In unserer Werkstatt wird jedes St\u00fcck mit Liebe zum Detail entworfen, um eine makellose Verarbeitung zu gew\u00e4hrleisten, die die nat\u00fcrliche Sch\u00f6nheit des Holzes unterstreicht. Da es sich zudem um ein vollst\u00e4ndig individuelles Projekt handelt, konnte der Kunde das Design, die Verarbeitung und die Details ausw\u00e4hlen, die seinem Stil und seinen Bed\u00fcrfnissen am besten entsprachen.<\/p>\n<p>Wir bei Rolf Benker glauben daran, dass es wichtig ist, einzigartige und exklusive L\u00f6sungen f\u00fcr jedes Zuhause anzubieten. Wenn Sie auf der Suche nach ma\u00dfgefertigten Massivholzt\u00fcren oder anderen ma\u00dfgefertigten Tischlerarbeiten sind, z\u00f6gern Sie nicht, uns zu kontaktieren. Wir unterst\u00fctzen Sie gerne bei der Umsetzung Ihres Vorhabens.<\/p>\n\n\t\t<style type=\"text\/css\">\n\t\t\t#gallery-1 {\n\t\t\t\tmargin: auto;\n\t\t\t}\n\t\t\t#gallery-1 .gallery-item {\n\t\t\t\tfloat: left;\n\t\t\t\tmargin-top: 10px;\n\t\t\t\ttext-align: center;\n\t\t\t\twidth: 50%;\n\t\t\t}\n\t\t\t#gallery-1 img {\n\t\t\t\tborder: 2px solid #cfcfcf;\n\t\t\t}\n\t\t\t#gallery-1 .gallery-caption {\n\t\t\t\tmargin-left: 0;\n\t\t\t}\n\t\t\t\/* see gallery_shortcode() in wp-includes\/media.php *\/\n\t\t<\/style>\n\t\t<div id='gallery-1' class='gallery galleryid-3717 gallery-columns-2 gallery-size-large'><dl class='gallery-item'>\n\t\t\t<dt class='gallery-icon portrait'>\n\t\t\t\t<a href='https:\/\/rolfbenker.com\/de\/massgefertigte-innentueren-aus-massiver-eiche\/puertas-madera-rolfbenker-carpintero-2\/'><img width=\"768\" height=\"1024\" src=\"https:\/\/rolfbenker.com\/wp-content\/uploads\/2025\/03\/puertas-madera-rolfbenker-carpintero-768x1024.jpg\" class=\"attachment-large size-large\" alt=\"Puertas Interiores de Roble Macizo\" srcset=\"https:\/\/rolfbenker.com\/wp-content\/uploads\/2025\/03\/puertas-madera-rolfbenker-carpintero-768x1024.jpg 768w, https:\/\/rolfbenker.com\/wp-content\/uploads\/2025\/03\/puertas-madera-rolfbenker-carpintero-225x300.jpg 225w, https:\/\/rolfbenker.com\/wp-content\/uploads\/2025\/03\/puertas-madera-rolfbenker-carpintero-1152x1536.jpg 1152w, https:\/\/rolfbenker.com\/wp-content\/uploads\/2025\/03\/puertas-madera-rolfbenker-carpintero-270x360.jpg 270w, https:\/\/rolfbenker.com\/wp-content\/uploads\/2025\/03\/puertas-madera-rolfbenker-carpintero-360x480.jpg 360w, https:\/\/rolfbenker.com\/wp-content\/uploads\/2025\/03\/puertas-madera-rolfbenker-carpintero.jpg 1200w\" sizes=\"(max-width: 768px) 100vw, 768px\" decoding=\"async\" fetchpriority=\"high\" title=\"\" loading=\"lazy\"><\/a>\n\t\t\t<\/dt><\/dl><dl class='gallery-item'>\n\t\t\t<dt class='gallery-icon portrait'>\n\t\t\t\t<a href='https:\/\/rolfbenker.com\/de\/massgefertigte-innentueren-aus-massiver-eiche\/puertas-madera-roble-elpaso-2\/'><img width=\"768\" height=\"1024\" src=\"https:\/\/rolfbenker.com\/wp-content\/uploads\/2025\/03\/puertas-madera-roble-elpaso-768x1024.jpg\" class=\"attachment-large size-large\" alt=\"Puertas de madera de Roble Macizo\" srcset=\"https:\/\/rolfbenker.com\/wp-content\/uploads\/2025\/03\/puertas-madera-roble-elpaso-768x1024.jpg 768w, https:\/\/rolfbenker.com\/wp-content\/uploads\/2025\/03\/puertas-madera-roble-elpaso-225x300.jpg 225w, https:\/\/rolfbenker.com\/wp-content\/uploads\/2025\/03\/puertas-madera-roble-elpaso-1152x1536.jpg 1152w, https:\/\/rolfbenker.com\/wp-content\/uploads\/2025\/03\/puertas-madera-roble-elpaso-270x360.jpg 270w, https:\/\/rolfbenker.com\/wp-content\/uploads\/2025\/03\/puertas-madera-roble-elpaso-360x480.jpg 360w, https:\/\/rolfbenker.com\/wp-content\/uploads\/2025\/03\/puertas-madera-roble-elpaso.jpg 1200w\" sizes=\"auto, (max-width: 768px) 100vw, 768px\" loading=\"lazy\" decoding=\"async\" fetchpriority=\"low\" title=\"\"><\/a>\n\t\t\t<\/dt><\/dl><br style=\"clear: both\" \/><dl class='gallery-item'>\n\t\t\t<dt class='gallery-icon portrait'>\n\t\t\t\t<a href='https:\/\/rolfbenker.com\/de\/massgefertigte-innentueren-aus-massiver-eiche\/puertas-madera-elpaso-2\/'><img width=\"768\" height=\"1024\" src=\"https:\/\/rolfbenker.com\/wp-content\/uploads\/2025\/03\/puertas-madera-elpaso-768x1024.jpg\" class=\"attachment-large size-large\" alt=\"Puertas de madera de Roble Macizo\" srcset=\"https:\/\/rolfbenker.com\/wp-content\/uploads\/2025\/03\/puertas-madera-elpaso-768x1024.jpg 768w, https:\/\/rolfbenker.com\/wp-content\/uploads\/2025\/03\/puertas-madera-elpaso-225x300.jpg 225w, https:\/\/rolfbenker.com\/wp-content\/uploads\/2025\/03\/puertas-madera-elpaso-1152x1536.jpg 1152w, https:\/\/rolfbenker.com\/wp-content\/uploads\/2025\/03\/puertas-madera-elpaso-270x360.jpg 270w, https:\/\/rolfbenker.com\/wp-content\/uploads\/2025\/03\/puertas-madera-elpaso-360x480.jpg 360w, https:\/\/rolfbenker.com\/wp-content\/uploads\/2025\/03\/puertas-madera-elpaso.jpg 1200w\" sizes=\"auto, (max-width: 768px) 100vw, 768px\" loading=\"lazy\" decoding=\"async\" fetchpriority=\"low\" title=\"\"><\/a>\n\t\t\t<\/dt><\/dl><dl class='gallery-item'>\n\t\t\t<dt class='gallery-icon portrait'>\n\t\t\t\t<a href='https:\/\/rolfbenker.com\/de\/massgefertigte-innentueren-aus-massiver-eiche\/puertas-madera-roble-lapalma-2\/'><img width=\"768\" height=\"1024\" src=\"https:\/\/rolfbenker.com\/wp-content\/uploads\/2025\/03\/puertas-madera-roble-lapalma-768x1024.jpg\" class=\"attachment-large size-large\" alt=\"Puertas de madera de Roble Macizo\" srcset=\"https:\/\/rolfbenker.com\/wp-content\/uploads\/2025\/03\/puertas-madera-roble-lapalma-768x1024.jpg 768w, https:\/\/rolfbenker.com\/wp-content\/uploads\/2025\/03\/puertas-madera-roble-lapalma-225x300.jpg 225w, https:\/\/rolfbenker.com\/wp-content\/uploads\/2025\/03\/puertas-madera-roble-lapalma-1152x1536.jpg 1152w, https:\/\/rolfbenker.com\/wp-content\/uploads\/2025\/03\/puertas-madera-roble-lapalma-270x360.jpg 270w, https:\/\/rolfbenker.com\/wp-content\/uploads\/2025\/03\/puertas-madera-roble-lapalma-360x480.jpg 360w, https:\/\/rolfbenker.com\/wp-content\/uploads\/2025\/03\/puertas-madera-roble-lapalma.jpg 1200w\" sizes=\"auto, (max-width: 768px) 100vw, 768px\" loading=\"lazy\" decoding=\"async\" fetchpriority=\"low\" title=\"\"><\/a>\n\t\t\t<\/dt><\/dl><br style=\"clear: both\" \/>\n\t\t<\/div>\n\n","protected":false},"excerpt":{"rendered":"<p>Bei Rolf Benker, einer Tischlerei auf der Insel La Palma, sind wir stolz auf jedes Projekt, das wir abschlie\u00dfen, und heute m\u00f6chten wir Ihnen eines unserer neuesten Projekte vorstellen: die Herstellung und Montage von Innent\u00fcren aus massiver Eiche f\u00fcr ein&#8230;<\/p>\n","protected":false},"author":1,"featured_media":3712,"comment_status":"closed","ping_status":"closed","sticky":false,"template":"","format":"standard","meta":{"footnotes":""},"categories":[184],"tags":[],"class_list":["post-3717","post","type-post","status-publish","format-standard","has-post-thumbnail","hentry","category-puertas-madera-de"],"_links":{"self":[{"href":"https:\/\/rolfbenker.com\/de\/wp-json\/wp\/v2\/posts\/3717","targetHints":{"allow":["GET"]}}],"collection":[{"href":"https:\/\/rolfbenker.com\/de\/wp-json\/wp\/v2\/posts"}],"about":[{"href":"https:\/\/rolfbenker.com\/de\/wp-json\/wp\/v2\/types\/post"}],"author":[{"embeddable":true,"href":"https:\/\/rolfbenker.com\/de\/wp-json\/wp\/v2\/users\/1"}],"replies":[{"embeddable":true,"href":"https:\/\/rolfbenker.com\/de\/wp-json\/wp\/v2\/comments?post=3717"}],"version-history":[{"count":3,"href":"https:\/\/rolfbenker.com\/de\/wp-json\/wp\/v2\/posts\/3717\/revisions"}],"predecessor-version":[{"id":3720,"href":"https:\/\/rolfbenker.com\/de\/wp-json\/wp\/v2\/posts\/3717\/revisions\/3720"}],"wp:featuredmedia":[{"embeddable":true,"href":"https:\/\/rolfbenker.com\/de\/wp-json\/wp\/v2\/media\/3712"}],"wp:attachment":[{"href":"https:\/\/rolfbenker.com\/de\/wp-json\/wp\/v2\/media?parent=3717"}],"wp:term":[{"taxonomy":"category","embeddable":true,"href":"https:\/\/rolfbenker.com\/de\/wp-json\/wp\/v2\/categories?post=3717"},{"taxonomy":"post_tag","embeddable":true,"href":"https:\/\/rolfbenker.com\/de\/wp-json\/wp\/v2\/tags?post=3717"}],"curies":[{"name":"wp","href":"https:\/\/api.w.org\/{rel}","templated":true}]}}