{"id":3742,"date":"2025-03-21T08:00:47","date_gmt":"2025-03-21T08:00:47","guid":{"rendered":"https:\/\/rolfbenker.com\/work-in-progress-sauna-barril-en-pino-nordico\/"},"modified":"2025-03-21T08:05:41","modified_gmt":"2025-03-21T08:05:41","slug":"arbeit-in-fortschritt-fass-sauna-aus-nordischer-kiefer","status":"publish","type":"post","link":"https:\/\/rolfbenker.com\/de\/arbeit-in-fortschritt-fass-sauna-aus-nordischer-kiefer\/","title":{"rendered":"Arbeit in Fortschritt: Fass-Sauna aus nordischer Kiefer"},"content":{"rendered":"<p data-start=\"47\" data-end=\"432\">Bei <strong data-start=\"51\" data-end=\"89\">Rolf Benker Handwerkskunst in Holz<\/strong> verbinden sich die Leidenschaft f\u00fcr Holz und Design, um einzigartige St\u00fccke zu schaffen, die sich durch ihre Qualit\u00e4t und Funktionalit\u00e4t auszeichnen. In unserer Werkstatt suchen wir stets nach neuen Herausforderungen, und dieses Mal m\u00f6chten wir unser neuestes Entwicklungsprojekt mit Ihnen teilen: eine <strong data-start=\"393\" data-end=\"429\">Fass-Sauna aus nordischer Kiefer<\/strong>.<\/p>\n<p data-start=\"434\" data-end=\"864\">Dieses Design, inspiriert von der skandinavischen Tradition, verleiht nicht nur eine elegante und nat\u00fcrliche \u00c4sthetik, sondern optimiert auch die W\u00e4rmeverteilung im Inneren und sorgt f\u00fcr ein unvergleichliches Entspannungserlebnis. Dank der Wahl der <strong data-start=\"683\" data-end=\"704\">nordischen Kiefer<\/strong>, eines Holzes mit hoher Feuchtigkeitsbest\u00e4ndigkeit und hervorragenden thermischen Eigenschaften, gew\u00e4hrleisten wir die Langlebigkeit und Effizienz der Sauna.<\/p>\n<p data-start=\"866\" data-end=\"1199\">Derzeit befindet sich das Projekt in der Bauphase in unserer Werkstatt. Wir achten auf jedes Detail \u2013 von der Montage der einzelnen Elemente bis hin zur finalen Verarbeitung \u2013, um ein Produkt zu liefern, das h\u00f6chsten Qualit\u00e4tsstandards entspricht. Bald werden wir weitere Fortschritte und Details zur Installation mit Ihnen teilen.<\/p>\n<p data-start=\"1201\" data-end=\"1447\">Wenn Sie an dieser Art von Konstruktionen interessiert sind oder eine ma\u00dfgefertigte Sauna f\u00fcr Ihren Raum w\u00fcnschen, z\u00f6gern Sie nicht, uns zu kontaktieren. Bei <strong data-start=\"1359\" data-end=\"1397\">Rolf Benker Handwerkskunst in Holz<\/strong> verwandeln wir Holz in einzigartige Erlebnisse.<\/p>\n\n\t\t<style type=\"text\/css\">\n\t\t\t#gallery-1 {\n\t\t\t\tmargin: auto;\n\t\t\t}\n\t\t\t#gallery-1 .gallery-item {\n\t\t\t\tfloat: left;\n\t\t\t\tmargin-top: 10px;\n\t\t\t\ttext-align: center;\n\t\t\t\twidth: 33%;\n\t\t\t}\n\t\t\t#gallery-1 img {\n\t\t\t\tborder: 2px solid #cfcfcf;\n\t\t\t}\n\t\t\t#gallery-1 .gallery-caption {\n\t\t\t\tmargin-left: 0;\n\t\t\t}\n\t\t\t\/* see gallery_shortcode() in wp-includes\/media.php *\/\n\t\t<\/style>\n\t\t<div id='gallery-1' class='gallery galleryid-3742 gallery-columns-3 gallery-size-large'><dl class='gallery-item'>\n\t\t\t<dt class='gallery-icon landscape'>\n\t\t\t\t<a href='https:\/\/rolfbenker.com\/de\/arbeit-in-fortschritt-fass-sauna-aus-nordischer-kiefer\/sauna-pino-artesanal-rolfbenker-8\/'><img width=\"1024\" height=\"461\" src=\"https:\/\/rolfbenker.com\/wp-content\/uploads\/2025\/03\/sauna-pino-artesanal-rolfbenker-1024x461.jpg\" class=\"attachment-large size-large\" alt=\"Sauna barril en pino n\u00f3rdico, Rolf Benker, carpintero\" srcset=\"https:\/\/rolfbenker.com\/wp-content\/uploads\/2025\/03\/sauna-pino-artesanal-rolfbenker-1024x461.jpg 1024w, https:\/\/rolfbenker.com\/wp-content\/uploads\/2025\/03\/sauna-pino-artesanal-rolfbenker-300x135.jpg 300w, https:\/\/rolfbenker.com\/wp-content\/uploads\/2025\/03\/sauna-pino-artesanal-rolfbenker-768x346.jpg 768w, https:\/\/rolfbenker.com\/wp-content\/uploads\/2025\/03\/sauna-pino-artesanal-rolfbenker-1536x691.jpg 1536w, https:\/\/rolfbenker.com\/wp-content\/uploads\/2025\/03\/sauna-pino-artesanal-rolfbenker-370x167.jpg 370w, https:\/\/rolfbenker.com\/wp-content\/uploads\/2025\/03\/sauna-pino-artesanal-rolfbenker-1200x540.jpg 1200w, https:\/\/rolfbenker.com\/wp-content\/uploads\/2025\/03\/sauna-pino-artesanal-rolfbenker-360x162.jpg 360w, https:\/\/rolfbenker.com\/wp-content\/uploads\/2025\/03\/sauna-pino-artesanal-rolfbenker.jpg 2000w\" sizes=\"(max-width: 1024px) 100vw, 1024px\" decoding=\"async\" fetchpriority=\"high\" title=\"\" loading=\"lazy\"><\/a>\n\t\t\t<\/dt><\/dl><dl class='gallery-item'>\n\t\t\t<dt class='gallery-icon landscape'>\n\t\t\t\t<a href='https:\/\/rolfbenker.com\/de\/arbeit-in-fortschritt-fass-sauna-aus-nordischer-kiefer\/sauna-pino-artesanal-rolfbenker-5-2\/'><img width=\"1024\" height=\"461\" src=\"https:\/\/rolfbenker.com\/wp-content\/uploads\/2025\/03\/sauna-pino-artesanal-rolfbenker-5-1024x461.jpg\" class=\"attachment-large size-large\" alt=\"Sauna barril en pino n\u00f3rdico, Rolf Benker, carpintero\" srcset=\"https:\/\/rolfbenker.com\/wp-content\/uploads\/2025\/03\/sauna-pino-artesanal-rolfbenker-5-1024x461.jpg 1024w, https:\/\/rolfbenker.com\/wp-content\/uploads\/2025\/03\/sauna-pino-artesanal-rolfbenker-5-300x135.jpg 300w, https:\/\/rolfbenker.com\/wp-content\/uploads\/2025\/03\/sauna-pino-artesanal-rolfbenker-5-768x346.jpg 768w, https:\/\/rolfbenker.com\/wp-content\/uploads\/2025\/03\/sauna-pino-artesanal-rolfbenker-5-1536x691.jpg 1536w, https:\/\/rolfbenker.com\/wp-content\/uploads\/2025\/03\/sauna-pino-artesanal-rolfbenker-5-370x167.jpg 370w, https:\/\/rolfbenker.com\/wp-content\/uploads\/2025\/03\/sauna-pino-artesanal-rolfbenker-5-1200x540.jpg 1200w, https:\/\/rolfbenker.com\/wp-content\/uploads\/2025\/03\/sauna-pino-artesanal-rolfbenker-5-360x162.jpg 360w, https:\/\/rolfbenker.com\/wp-content\/uploads\/2025\/03\/sauna-pino-artesanal-rolfbenker-5.jpg 2000w\" sizes=\"auto, (max-width: 1024px) 100vw, 1024px\" loading=\"lazy\" decoding=\"async\" fetchpriority=\"low\" title=\"\"><\/a>\n\t\t\t<\/dt><\/dl><dl class='gallery-item'>\n\t\t\t<dt class='gallery-icon landscape'>\n\t\t\t\t<a href='https:\/\/rolfbenker.com\/de\/arbeit-in-fortschritt-fass-sauna-aus-nordischer-kiefer\/sauna-pino-artesanal-rolfbenker-4-2\/'><img width=\"1024\" height=\"461\" src=\"https:\/\/rolfbenker.com\/wp-content\/uploads\/2025\/03\/sauna-pino-artesanal-rolfbenker-4-1024x461.jpg\" class=\"attachment-large size-large\" alt=\"Sauna barril en pino n\u00f3rdico, Rolf Benker, carpintero\" srcset=\"https:\/\/rolfbenker.com\/wp-content\/uploads\/2025\/03\/sauna-pino-artesanal-rolfbenker-4-1024x461.jpg 1024w, https:\/\/rolfbenker.com\/wp-content\/uploads\/2025\/03\/sauna-pino-artesanal-rolfbenker-4-300x135.jpg 300w, https:\/\/rolfbenker.com\/wp-content\/uploads\/2025\/03\/sauna-pino-artesanal-rolfbenker-4-768x346.jpg 768w, https:\/\/rolfbenker.com\/wp-content\/uploads\/2025\/03\/sauna-pino-artesanal-rolfbenker-4-1536x691.jpg 1536w, https:\/\/rolfbenker.com\/wp-content\/uploads\/2025\/03\/sauna-pino-artesanal-rolfbenker-4-370x167.jpg 370w, https:\/\/rolfbenker.com\/wp-content\/uploads\/2025\/03\/sauna-pino-artesanal-rolfbenker-4-1200x540.jpg 1200w, https:\/\/rolfbenker.com\/wp-content\/uploads\/2025\/03\/sauna-pino-artesanal-rolfbenker-4-360x162.jpg 360w, https:\/\/rolfbenker.com\/wp-content\/uploads\/2025\/03\/sauna-pino-artesanal-rolfbenker-4.jpg 2000w\" sizes=\"auto, (max-width: 1024px) 100vw, 1024px\" loading=\"lazy\" decoding=\"async\" fetchpriority=\"low\" title=\"\"><\/a>\n\t\t\t<\/dt><\/dl><br style=\"clear: both\" \/>\n\t\t<\/div>\n\n<p><img loading=\"lazy\" decoding=\"async\" class=\"alignnone size-full wp-image-3728\" src=\"https:\/\/rolfbenker.com\/wp-content\/uploads\/2025\/03\/sauna-pino-artesanal-rolfbenker-6.jpg\" alt=\"Sauna barril en pino n\u00f3rdico, Rolf Benker, carpintero\" width=\"2048\" height=\"1344\" title=\"\" srcset=\"https:\/\/rolfbenker.com\/wp-content\/uploads\/2025\/03\/sauna-pino-artesanal-rolfbenker-6.jpg 2048w, https:\/\/rolfbenker.com\/wp-content\/uploads\/2025\/03\/sauna-pino-artesanal-rolfbenker-6-300x197.jpg 300w, https:\/\/rolfbenker.com\/wp-content\/uploads\/2025\/03\/sauna-pino-artesanal-rolfbenker-6-1024x672.jpg 1024w, https:\/\/rolfbenker.com\/wp-content\/uploads\/2025\/03\/sauna-pino-artesanal-rolfbenker-6-768x504.jpg 768w, https:\/\/rolfbenker.com\/wp-content\/uploads\/2025\/03\/sauna-pino-artesanal-rolfbenker-6-1536x1008.jpg 1536w, https:\/\/rolfbenker.com\/wp-content\/uploads\/2025\/03\/sauna-pino-artesanal-rolfbenker-6-370x243.jpg 370w, https:\/\/rolfbenker.com\/wp-content\/uploads\/2025\/03\/sauna-pino-artesanal-rolfbenker-6-1200x788.jpg 1200w, https:\/\/rolfbenker.com\/wp-content\/uploads\/2025\/03\/sauna-pino-artesanal-rolfbenker-6-360x236.jpg 360w\" sizes=\"auto, (max-width: 2048px) 100vw, 2048px\" \/ fetchpriority=\"low\"> <img loading=\"lazy\" decoding=\"async\" class=\"alignnone size-full wp-image-3730\" src=\"https:\/\/rolfbenker.com\/wp-content\/uploads\/2025\/03\/sauna-pino-artesanal-rolfbenker-3.jpg\" alt=\"Sauna barril en pino n\u00f3rdico, Rolf Benker, carpintero\" width=\"2048\" height=\"1444\" title=\"\" srcset=\"https:\/\/rolfbenker.com\/wp-content\/uploads\/2025\/03\/sauna-pino-artesanal-rolfbenker-3.jpg 2048w, https:\/\/rolfbenker.com\/wp-content\/uploads\/2025\/03\/sauna-pino-artesanal-rolfbenker-3-300x212.jpg 300w, https:\/\/rolfbenker.com\/wp-content\/uploads\/2025\/03\/sauna-pino-artesanal-rolfbenker-3-1024x722.jpg 1024w, https:\/\/rolfbenker.com\/wp-content\/uploads\/2025\/03\/sauna-pino-artesanal-rolfbenker-3-768x542.jpg 768w, https:\/\/rolfbenker.com\/wp-content\/uploads\/2025\/03\/sauna-pino-artesanal-rolfbenker-3-1536x1083.jpg 1536w, https:\/\/rolfbenker.com\/wp-content\/uploads\/2025\/03\/sauna-pino-artesanal-rolfbenker-3-370x261.jpg 370w, https:\/\/rolfbenker.com\/wp-content\/uploads\/2025\/03\/sauna-pino-artesanal-rolfbenker-3-1200x846.jpg 1200w, https:\/\/rolfbenker.com\/wp-content\/uploads\/2025\/03\/sauna-pino-artesanal-rolfbenker-3-360x254.jpg 360w\" sizes=\"auto, (max-width: 2048px) 100vw, 2048px\" \/ fetchpriority=\"low\"> <img loading=\"lazy\" decoding=\"async\" class=\"alignnone size-full wp-image-3722\" src=\"https:\/\/rolfbenker.com\/wp-content\/uploads\/2025\/03\/sauna-pino-artesanal-rolfbenker-7.jpg\" alt=\"Sauna barril en pino n\u00f3rdico, Rolf Benker, carpintero\" width=\"1800\" height=\"1874\" title=\"\" srcset=\"https:\/\/rolfbenker.com\/wp-content\/uploads\/2025\/03\/sauna-pino-artesanal-rolfbenker-7.jpg 1800w, https:\/\/rolfbenker.com\/wp-content\/uploads\/2025\/03\/sauna-pino-artesanal-rolfbenker-7-288x300.jpg 288w, https:\/\/rolfbenker.com\/wp-content\/uploads\/2025\/03\/sauna-pino-artesanal-rolfbenker-7-984x1024.jpg 984w, https:\/\/rolfbenker.com\/wp-content\/uploads\/2025\/03\/sauna-pino-artesanal-rolfbenker-7-768x800.jpg 768w, https:\/\/rolfbenker.com\/wp-content\/uploads\/2025\/03\/sauna-pino-artesanal-rolfbenker-7-1475x1536.jpg 1475w, https:\/\/rolfbenker.com\/wp-content\/uploads\/2025\/03\/sauna-pino-artesanal-rolfbenker-7-346x360.jpg 346w, https:\/\/rolfbenker.com\/wp-content\/uploads\/2025\/03\/sauna-pino-artesanal-rolfbenker-7-1200x1249.jpg 1200w, https:\/\/rolfbenker.com\/wp-content\/uploads\/2025\/03\/sauna-pino-artesanal-rolfbenker-7-360x375.jpg 360w\" sizes=\"auto, (max-width: 1800px) 100vw, 1800px\" \/ fetchpriority=\"low\"> <img loading=\"lazy\" decoding=\"async\" class=\"alignnone size-full wp-image-3726\" src=\"https:\/\/rolfbenker.com\/wp-content\/uploads\/2025\/03\/sauna-pino-artesanal-rolfbenker-2.jpg\" alt=\"Sauna barril en pino n\u00f3rdico, Rolf Benker, carpintero\" width=\"1665\" height=\"2048\" title=\"\" srcset=\"https:\/\/rolfbenker.com\/wp-content\/uploads\/2025\/03\/sauna-pino-artesanal-rolfbenker-2.jpg 1665w, https:\/\/rolfbenker.com\/wp-content\/uploads\/2025\/03\/sauna-pino-artesanal-rolfbenker-2-244x300.jpg 244w, https:\/\/rolfbenker.com\/wp-content\/uploads\/2025\/03\/sauna-pino-artesanal-rolfbenker-2-833x1024.jpg 833w, https:\/\/rolfbenker.com\/wp-content\/uploads\/2025\/03\/sauna-pino-artesanal-rolfbenker-2-768x945.jpg 768w, https:\/\/rolfbenker.com\/wp-content\/uploads\/2025\/03\/sauna-pino-artesanal-rolfbenker-2-1249x1536.jpg 1249w, https:\/\/rolfbenker.com\/wp-content\/uploads\/2025\/03\/sauna-pino-artesanal-rolfbenker-2-293x360.jpg 293w, https:\/\/rolfbenker.com\/wp-content\/uploads\/2025\/03\/sauna-pino-artesanal-rolfbenker-2-1200x1476.jpg 1200w, https:\/\/rolfbenker.com\/wp-content\/uploads\/2025\/03\/sauna-pino-artesanal-rolfbenker-2-360x443.jpg 360w\" sizes=\"auto, (max-width: 1665px) 100vw, 1665px\" \/ fetchpriority=\"low\"><\/p>\n","protected":false},"excerpt":{"rendered":"<p>Bei Rolf Benker Handwerkskunst in Holz verbinden sich die Leidenschaft f\u00fcr Holz und Design, um einzigartige St\u00fccke zu schaffen, die sich durch ihre Qualit\u00e4t und Funktionalit\u00e4t auszeichnen. In unserer Werkstatt suchen wir stets nach neuen Herausforderungen, und dieses Mal m\u00f6chten&#8230;<\/p>\n","protected":false},"author":1,"featured_media":3737,"comment_status":"closed","ping_status":"closed","sticky":false,"template":"","format":"standard","meta":{"footnotes":""},"categories":[66],"tags":[233],"class_list":["post-3742","post","type-post","status-publish","format-standard","has-post-thumbnail","hentry","category-diseno-de-muebles-de","tag-sauna-de"],"_links":{"self":[{"href":"https:\/\/rolfbenker.com\/de\/wp-json\/wp\/v2\/posts\/3742","targetHints":{"allow":["GET"]}}],"collection":[{"href":"https:\/\/rolfbenker.com\/de\/wp-json\/wp\/v2\/posts"}],"about":[{"href":"https:\/\/rolfbenker.com\/de\/wp-json\/wp\/v2\/types\/post"}],"author":[{"embeddable":true,"href":"https:\/\/rolfbenker.com\/de\/wp-json\/wp\/v2\/users\/1"}],"replies":[{"embeddable":true,"href":"https:\/\/rolfbenker.com\/de\/wp-json\/wp\/v2\/comments?post=3742"}],"version-history":[{"count":3,"href":"https:\/\/rolfbenker.com\/de\/wp-json\/wp\/v2\/posts\/3742\/revisions"}],"predecessor-version":[{"id":3745,"href":"https:\/\/rolfbenker.com\/de\/wp-json\/wp\/v2\/posts\/3742\/revisions\/3745"}],"wp:featuredmedia":[{"embeddable":true,"href":"https:\/\/rolfbenker.com\/de\/wp-json\/wp\/v2\/media\/3737"}],"wp:attachment":[{"href":"https:\/\/rolfbenker.com\/de\/wp-json\/wp\/v2\/media?parent=3742"}],"wp:term":[{"taxonomy":"category","embeddable":true,"href":"https:\/\/rolfbenker.com\/de\/wp-json\/wp\/v2\/categories?post=3742"},{"taxonomy":"post_tag","embeddable":true,"href":"https:\/\/rolfbenker.com\/de\/wp-json\/wp\/v2\/tags?post=3742"}],"curies":[{"name":"wp","href":"https:\/\/api.w.org\/{rel}","templated":true}]}}