{"id":3786,"date":"2025-05-16T12:18:03","date_gmt":"2025-05-16T12:18:03","guid":{"rendered":"https:\/\/rolfbenker.com\/diseno-e-instalacion-de-puertas-y-ventana-de-aluminio\/"},"modified":"2025-05-16T12:20:32","modified_gmt":"2025-05-16T12:20:32","slug":"gestaltung-und-einbau-von-aluminiumtueren-und-fenster","status":"publish","type":"post","link":"https:\/\/rolfbenker.com\/de\/gestaltung-und-einbau-von-aluminiumtueren-und-fenster\/","title":{"rendered":"Gestaltung und Einbau von Aluminiumt\u00fcren und -fenster"},"content":{"rendered":"<p>Bei Rolf Benker setzen wir weiterhin auf Qualit\u00e4t und Funktionalit\u00e4t in jedem unserer Projekte. K\u00fcrzlich haben wir einen Auftrag realisiert, der die Planung, Herstellung und Montage von vier einwandigen Aluminiumt\u00fcren umfasste. Diese wurden in einem eleganten Farbton \u201eBronze Grata Dunkel\u201c gefertigt \u2013 eine ideale Wahl f\u00fcr Witterungsbest\u00e4ndigkeit und modernes Design.<\/p>\n<p>Zwei dieser T\u00fcren wurden mit einem dekorativen und zugleich funktionalen Detail versehen: einem Sternenmuster aus L\u00fcftungsl\u00f6chern, das nicht nur optisch ansprechend ist, sondern auch f\u00fcr nat\u00fcrliche Bel\u00fcftung sorgt \u2013 perfekt f\u00fcr R\u00e4ume, die eine Luftzirkulation ben\u00f6tigen, ohne auf Sicherheit oder Stil zu verzichten.<\/p>\n<p>Zus\u00e4tzlich wurde ein feststehendes Fenster im selben Aluminiumprofil und Farbton eingebaut. Es bringt Licht in den Innenraum und sorgt gleichzeitig f\u00fcr eine harmonische Optik in Kombination mit den T\u00fcren. Diese L\u00f6sungen sind ideal f\u00fcr alle, die auf Langlebigkeit, geringen Wartungsaufwand und ein einheitliches Erscheinungsbild setzen.<\/p>\n<p>Alle Elemente wurden mit h\u00f6chster Sorgfalt montiert, um ein sauberes, pr\u00e4zises Ergebnis zu gew\u00e4hrleisten \u2013 ganz im Sinne unseres hohen Qualit\u00e4tsanspruchs.<\/p>\n<p>Wenn Sie den Austausch Ihrer T\u00fcren oder Fenster planen oder Beratung zur Verbesserung von Effizienz und Design Ihrer Bauelemente w\u00fcnschen, bieten wir bei Rolf Benker ma\u00dfgeschneiderte L\u00f6sungen, hochwertige Materialien und ein erfahrenes Team an Ihrer Seite.<\/p>\n<p><strong>Kontaktieren Sie uns \u2013 und gestalten Sie Ihre R\u00e4ume mit Vertrauen und Sicherheit neu.<\/strong><\/p>\n\n\t\t<style type=\"text\/css\">\n\t\t\t#gallery-1 {\n\t\t\t\tmargin: auto;\n\t\t\t}\n\t\t\t#gallery-1 .gallery-item {\n\t\t\t\tfloat: left;\n\t\t\t\tmargin-top: 10px;\n\t\t\t\ttext-align: center;\n\t\t\t\twidth: 50%;\n\t\t\t}\n\t\t\t#gallery-1 img {\n\t\t\t\tborder: 2px solid #cfcfcf;\n\t\t\t}\n\t\t\t#gallery-1 .gallery-caption {\n\t\t\t\tmargin-left: 0;\n\t\t\t}\n\t\t\t\/* see gallery_shortcode() in wp-includes\/media.php *\/\n\t\t<\/style>\n\t\t<div id='gallery-1' class='gallery galleryid-3786 gallery-columns-2 gallery-size-large'><dl class='gallery-item'>\n\t\t\t<dt class='gallery-icon portrait'>\n\t\t\t\t<a href='https:\/\/rolfbenker.com\/de\/gestaltung-und-einbau-von-aluminiumtueren-und-fenster\/rolf-benker-aluminio-5-2\/'><img width=\"576\" height=\"1024\" src=\"https:\/\/rolfbenker.com\/wp-content\/uploads\/2025\/05\/rolf-benker-aluminio-5-576x1024.jpeg\" class=\"attachment-large size-large\" alt=\"\" srcset=\"https:\/\/rolfbenker.com\/wp-content\/uploads\/2025\/05\/rolf-benker-aluminio-5-576x1024.jpeg 576w, https:\/\/rolfbenker.com\/wp-content\/uploads\/2025\/05\/rolf-benker-aluminio-5-169x300.jpeg 169w, https:\/\/rolfbenker.com\/wp-content\/uploads\/2025\/05\/rolf-benker-aluminio-5-768x1365.jpeg 768w, https:\/\/rolfbenker.com\/wp-content\/uploads\/2025\/05\/rolf-benker-aluminio-5-864x1536.jpeg 864w, https:\/\/rolfbenker.com\/wp-content\/uploads\/2025\/05\/rolf-benker-aluminio-5-203x360.jpeg 203w, https:\/\/rolfbenker.com\/wp-content\/uploads\/2025\/05\/rolf-benker-aluminio-5-360x640.jpeg 360w, https:\/\/rolfbenker.com\/wp-content\/uploads\/2025\/05\/rolf-benker-aluminio-5.jpeg 1026w\" sizes=\"(max-width: 576px) 100vw, 576px\" decoding=\"async\" fetchpriority=\"high\" title=\"\" loading=\"lazy\"><\/a>\n\t\t\t<\/dt><\/dl><dl class='gallery-item'>\n\t\t\t<dt class='gallery-icon portrait'>\n\t\t\t\t<a href='https:\/\/rolfbenker.com\/de\/gestaltung-und-einbau-von-aluminiumtueren-und-fenster\/rolf-benker-aluminio-3-2\/'><img width=\"576\" height=\"1024\" src=\"https:\/\/rolfbenker.com\/wp-content\/uploads\/2025\/05\/rolf-benker-aluminio-3-576x1024.jpeg\" class=\"attachment-large size-large\" alt=\"\" srcset=\"https:\/\/rolfbenker.com\/wp-content\/uploads\/2025\/05\/rolf-benker-aluminio-3-576x1024.jpeg 576w, https:\/\/rolfbenker.com\/wp-content\/uploads\/2025\/05\/rolf-benker-aluminio-3-169x300.jpeg 169w, https:\/\/rolfbenker.com\/wp-content\/uploads\/2025\/05\/rolf-benker-aluminio-3-768x1365.jpeg 768w, https:\/\/rolfbenker.com\/wp-content\/uploads\/2025\/05\/rolf-benker-aluminio-3-864x1536.jpeg 864w, https:\/\/rolfbenker.com\/wp-content\/uploads\/2025\/05\/rolf-benker-aluminio-3-203x360.jpeg 203w, https:\/\/rolfbenker.com\/wp-content\/uploads\/2025\/05\/rolf-benker-aluminio-3-360x640.jpeg 360w, https:\/\/rolfbenker.com\/wp-content\/uploads\/2025\/05\/rolf-benker-aluminio-3.jpeg 900w\" sizes=\"auto, (max-width: 576px) 100vw, 576px\" loading=\"lazy\" decoding=\"async\" fetchpriority=\"low\" title=\"\"><\/a>\n\t\t\t<\/dt><\/dl><br style=\"clear: both\" \/><dl class='gallery-item'>\n\t\t\t<dt class='gallery-icon portrait'>\n\t\t\t\t<a href='https:\/\/rolfbenker.com\/de\/gestaltung-und-einbau-von-aluminiumtueren-und-fenster\/rolf-benker-aluminio-4-2\/'><img width=\"576\" height=\"1024\" src=\"https:\/\/rolfbenker.com\/wp-content\/uploads\/2025\/05\/rolf-benker-aluminio-4-576x1024.jpeg\" class=\"attachment-large size-large\" alt=\"\" srcset=\"https:\/\/rolfbenker.com\/wp-content\/uploads\/2025\/05\/rolf-benker-aluminio-4-576x1024.jpeg 576w, https:\/\/rolfbenker.com\/wp-content\/uploads\/2025\/05\/rolf-benker-aluminio-4-169x300.jpeg 169w, https:\/\/rolfbenker.com\/wp-content\/uploads\/2025\/05\/rolf-benker-aluminio-4-768x1365.jpeg 768w, https:\/\/rolfbenker.com\/wp-content\/uploads\/2025\/05\/rolf-benker-aluminio-4-864x1536.jpeg 864w, https:\/\/rolfbenker.com\/wp-content\/uploads\/2025\/05\/rolf-benker-aluminio-4-203x360.jpeg 203w, https:\/\/rolfbenker.com\/wp-content\/uploads\/2025\/05\/rolf-benker-aluminio-4-360x640.jpeg 360w, https:\/\/rolfbenker.com\/wp-content\/uploads\/2025\/05\/rolf-benker-aluminio-4.jpeg 900w\" sizes=\"auto, (max-width: 576px) 100vw, 576px\" loading=\"lazy\" decoding=\"async\" fetchpriority=\"low\" title=\"\"><\/a>\n\t\t\t<\/dt><\/dl><dl class='gallery-item'>\n\t\t\t<dt class='gallery-icon portrait'>\n\t\t\t\t<a href='https:\/\/rolfbenker.com\/de\/gestaltung-und-einbau-von-aluminiumtueren-und-fenster\/rolf-benker-aluminio-2-2\/'><img width=\"576\" height=\"1024\" src=\"https:\/\/rolfbenker.com\/wp-content\/uploads\/2025\/05\/rolf-benker-aluminio-2-576x1024.jpeg\" class=\"attachment-large size-large\" alt=\"\" srcset=\"https:\/\/rolfbenker.com\/wp-content\/uploads\/2025\/05\/rolf-benker-aluminio-2-576x1024.jpeg 576w, https:\/\/rolfbenker.com\/wp-content\/uploads\/2025\/05\/rolf-benker-aluminio-2-169x300.jpeg 169w, https:\/\/rolfbenker.com\/wp-content\/uploads\/2025\/05\/rolf-benker-aluminio-2-768x1365.jpeg 768w, https:\/\/rolfbenker.com\/wp-content\/uploads\/2025\/05\/rolf-benker-aluminio-2-864x1536.jpeg 864w, https:\/\/rolfbenker.com\/wp-content\/uploads\/2025\/05\/rolf-benker-aluminio-2-203x360.jpeg 203w, https:\/\/rolfbenker.com\/wp-content\/uploads\/2025\/05\/rolf-benker-aluminio-2-360x640.jpeg 360w, https:\/\/rolfbenker.com\/wp-content\/uploads\/2025\/05\/rolf-benker-aluminio-2.jpeg 1026w\" sizes=\"auto, (max-width: 576px) 100vw, 576px\" loading=\"lazy\" decoding=\"async\" fetchpriority=\"low\" title=\"\"><\/a>\n\t\t\t<\/dt><\/dl><br style=\"clear: both\" \/>\n\t\t<\/div>\n\n","protected":false},"excerpt":{"rendered":"<p>Bei Rolf Benker setzen wir weiterhin auf Qualit\u00e4t und Funktionalit\u00e4t in jedem unserer Projekte. K\u00fcrzlich haben wir einen Auftrag realisiert, der die Planung, Herstellung und Montage von vier einwandigen Aluminiumt\u00fcren umfasste. Diese wurden in einem eleganten Farbton \u201eBronze Grata Dunkel\u201c&#8230;<\/p>\n","protected":false},"author":1,"featured_media":3784,"comment_status":"closed","ping_status":"closed","sticky":false,"template":"","format":"standard","meta":{"footnotes":""},"categories":[61],"tags":[],"class_list":["post-3786","post","type-post","status-publish","format-standard","has-post-thumbnail","hentry","category-ventanas-y-puertas-aluminio-de"],"_links":{"self":[{"href":"https:\/\/rolfbenker.com\/de\/wp-json\/wp\/v2\/posts\/3786","targetHints":{"allow":["GET"]}}],"collection":[{"href":"https:\/\/rolfbenker.com\/de\/wp-json\/wp\/v2\/posts"}],"about":[{"href":"https:\/\/rolfbenker.com\/de\/wp-json\/wp\/v2\/types\/post"}],"author":[{"embeddable":true,"href":"https:\/\/rolfbenker.com\/de\/wp-json\/wp\/v2\/users\/1"}],"replies":[{"embeddable":true,"href":"https:\/\/rolfbenker.com\/de\/wp-json\/wp\/v2\/comments?post=3786"}],"version-history":[{"count":3,"href":"https:\/\/rolfbenker.com\/de\/wp-json\/wp\/v2\/posts\/3786\/revisions"}],"predecessor-version":[{"id":3789,"href":"https:\/\/rolfbenker.com\/de\/wp-json\/wp\/v2\/posts\/3786\/revisions\/3789"}],"wp:featuredmedia":[{"embeddable":true,"href":"https:\/\/rolfbenker.com\/de\/wp-json\/wp\/v2\/media\/3784"}],"wp:attachment":[{"href":"https:\/\/rolfbenker.com\/de\/wp-json\/wp\/v2\/media?parent=3786"}],"wp:term":[{"taxonomy":"category","embeddable":true,"href":"https:\/\/rolfbenker.com\/de\/wp-json\/wp\/v2\/categories?post=3786"},{"taxonomy":"post_tag","embeddable":true,"href":"https:\/\/rolfbenker.com\/de\/wp-json\/wp\/v2\/tags?post=3786"}],"curies":[{"name":"wp","href":"https:\/\/api.w.org\/{rel}","templated":true}]}}