{"id":3910,"date":"2025-07-18T11:28:48","date_gmt":"2025-07-18T11:28:48","guid":{"rendered":"https:\/\/rolfbenker.com\/cerramiento-y-claraboya-para-un-hogar-luminoso\/"},"modified":"2025-07-18T11:32:32","modified_gmt":"2025-07-18T11:32:32","slug":"verglasung-und-oberlicht-fuer-ein-lichtdurchflutetes-zuhause","status":"publish","type":"post","link":"https:\/\/rolfbenker.com\/de\/verglasung-und-oberlicht-fuer-ein-lichtdurchflutetes-zuhause\/","title":{"rendered":"Verglasung und Oberlicht f\u00fcr ein lichtdurchflutetes Zuhause"},"content":{"rendered":"<p data-start=\"194\" data-end=\"573\">Bei Rolf Benker setzen wir weiterhin auf L\u00f6sungen, die \u00c4sthetik, Funktionalit\u00e4t und Komfort vereinen. Heute m\u00f6chten wir Ihnen unser neuestes Projekt auf der Insel <strong data-start=\"305\" data-end=\"317\">La Palma<\/strong> vorstellen: die Installation einer <strong data-start=\"353\" data-end=\"419\">wei\u00dfen Aluminiumverglasung mit drei Fl\u00fcgeln, darunter eine T\u00fcr<\/strong>, sowie eines <strong data-start=\"433\" data-end=\"491\">quadratischen Oberlichts aus Glas und wei\u00dfem Aluminium<\/strong>.<\/p>\n<h2 data-start=\"575\" data-end=\"629\"><strong data-start=\"580\" data-end=\"629\">Cerramiento de aluminio: dise\u00f1o y practicidad<\/strong><\/h2>\n<p data-start=\"630\" data-end=\"982\">El cerramiento instalado en la terraza ofrece una excelente integraci\u00f3n con la arquitectura existente. Fabricado en <strong data-start=\"746\" data-end=\"781\">aluminio blanco de alta calidad<\/strong>, garantiza resistencia frente a la corrosi\u00f3n y durabilidad, incluso en entornos costeros. Sus tres hojas, una de ellas puerta, proporcionan comodidad y facilidad de acceso, sin sacrificar la est\u00e9tica.<\/p>\n<p data-start=\"984\" data-end=\"1170\">Este tipo de instalaci\u00f3n no solo a\u00f1ade valor a la vivienda, sino que mejora el confort t\u00e9rmico y ac\u00fastico, manteniendo la luminosidad natural gracias al uso de amplios paneles de vidrio.<\/p>\n\n\t\t<style type=\"text\/css\">\n\t\t\t#gallery-1 {\n\t\t\t\tmargin: auto;\n\t\t\t}\n\t\t\t#gallery-1 .gallery-item {\n\t\t\t\tfloat: left;\n\t\t\t\tmargin-top: 10px;\n\t\t\t\ttext-align: center;\n\t\t\t\twidth: 50%;\n\t\t\t}\n\t\t\t#gallery-1 img {\n\t\t\t\tborder: 2px solid #cfcfcf;\n\t\t\t}\n\t\t\t#gallery-1 .gallery-caption {\n\t\t\t\tmargin-left: 0;\n\t\t\t}\n\t\t\t\/* see gallery_shortcode() in wp-includes\/media.php *\/\n\t\t<\/style>\n\t\t<div id='gallery-1' class='gallery galleryid-3910 gallery-columns-2 gallery-size-large'><dl class='gallery-item'>\n\t\t\t<dt class='gallery-icon landscape'>\n\t\t\t\t<a href='https:\/\/rolfbenker.com\/de\/verglasung-und-oberlicht-fuer-ein-lichtdurchflutetes-zuhause\/rolfbenker-carpinteriadealuminio-lapalma-7-2-2\/'><img width=\"1024\" height=\"771\" src=\"https:\/\/rolfbenker.com\/wp-content\/uploads\/2025\/07\/rolfbenker-carpinteriadealuminio-lapalma-7-1024x771.jpg\" class=\"attachment-large size-large\" alt=\"Rolf Benker, carpinteria de aluminio en La Palma\" srcset=\"https:\/\/rolfbenker.com\/wp-content\/uploads\/2025\/07\/rolfbenker-carpinteriadealuminio-lapalma-7-1024x771.jpg 1024w, https:\/\/rolfbenker.com\/wp-content\/uploads\/2025\/07\/rolfbenker-carpinteriadealuminio-lapalma-7-300x226.jpg 300w, https:\/\/rolfbenker.com\/wp-content\/uploads\/2025\/07\/rolfbenker-carpinteriadealuminio-lapalma-7-768x578.jpg 768w, https:\/\/rolfbenker.com\/wp-content\/uploads\/2025\/07\/rolfbenker-carpinteriadealuminio-lapalma-7-1536x1157.jpg 1536w, https:\/\/rolfbenker.com\/wp-content\/uploads\/2025\/07\/rolfbenker-carpinteriadealuminio-lapalma-7-370x279.jpg 370w, https:\/\/rolfbenker.com\/wp-content\/uploads\/2025\/07\/rolfbenker-carpinteriadealuminio-lapalma-7-1200x904.jpg 1200w, https:\/\/rolfbenker.com\/wp-content\/uploads\/2025\/07\/rolfbenker-carpinteriadealuminio-lapalma-7-360x271.jpg 360w, https:\/\/rolfbenker.com\/wp-content\/uploads\/2025\/07\/rolfbenker-carpinteriadealuminio-lapalma-7.jpg 2040w\" sizes=\"(max-width: 1024px) 100vw, 1024px\" decoding=\"async\" fetchpriority=\"high\" title=\"\" loading=\"lazy\"><\/a>\n\t\t\t<\/dt><\/dl><dl class='gallery-item'>\n\t\t\t<dt class='gallery-icon landscape'>\n\t\t\t\t<a href='https:\/\/rolfbenker.com\/de\/verglasung-und-oberlicht-fuer-ein-lichtdurchflutetes-zuhause\/rolfbenker-carpinteriadealuminio-lapalma-4-2-2\/'><img width=\"1024\" height=\"771\" src=\"https:\/\/rolfbenker.com\/wp-content\/uploads\/2025\/07\/rolfbenker-carpinteriadealuminio-lapalma-4-1024x771.jpg\" class=\"attachment-large size-large\" alt=\"Rolf Benker, carpinteria de aluminio en La Palma\" srcset=\"https:\/\/rolfbenker.com\/wp-content\/uploads\/2025\/07\/rolfbenker-carpinteriadealuminio-lapalma-4-1024x771.jpg 1024w, https:\/\/rolfbenker.com\/wp-content\/uploads\/2025\/07\/rolfbenker-carpinteriadealuminio-lapalma-4-300x226.jpg 300w, https:\/\/rolfbenker.com\/wp-content\/uploads\/2025\/07\/rolfbenker-carpinteriadealuminio-lapalma-4-768x578.jpg 768w, https:\/\/rolfbenker.com\/wp-content\/uploads\/2025\/07\/rolfbenker-carpinteriadealuminio-lapalma-4-1536x1157.jpg 1536w, https:\/\/rolfbenker.com\/wp-content\/uploads\/2025\/07\/rolfbenker-carpinteriadealuminio-lapalma-4-370x279.jpg 370w, https:\/\/rolfbenker.com\/wp-content\/uploads\/2025\/07\/rolfbenker-carpinteriadealuminio-lapalma-4-1200x904.jpg 1200w, https:\/\/rolfbenker.com\/wp-content\/uploads\/2025\/07\/rolfbenker-carpinteriadealuminio-lapalma-4-360x271.jpg 360w, https:\/\/rolfbenker.com\/wp-content\/uploads\/2025\/07\/rolfbenker-carpinteriadealuminio-lapalma-4.jpg 2040w\" sizes=\"auto, (max-width: 1024px) 100vw, 1024px\" loading=\"lazy\" decoding=\"async\" fetchpriority=\"low\" title=\"\"><\/a>\n\t\t\t<\/dt><\/dl><br style=\"clear: both\" \/>\n\t\t<\/div>\n\n<h2 data-start=\"1110\" data-end=\"1169\">Oberlicht: Nat\u00fcrliches Licht und Energieeinsparung<\/h2>\n<p data-start=\"1170\" data-end=\"1457\">Das quadratische Oberlicht aus Aluminium und Glas ist die perfekte L\u00f6sung, um das Innere des Hauses mit Tageslicht zu durchfluten. Dieses architektonische Element nutzt das nat\u00fcrliche Licht optimal aus, reduziert den Bedarf an k\u00fcnstlicher Beleuchtung und f\u00f6rdert so die Energieeffizienz.<\/p>\n<p data-start=\"1459\" data-end=\"1619\">Neben seinem \u00e4sthetischen Wert sorgt das Oberlicht f\u00fcr ein Gef\u00fchl von Weite und Wohlbefinden und verwandelt den Innenraum in eine warme und einladende Umgebung.<\/p>\n\n\t\t<style type=\"text\/css\">\n\t\t\t#gallery-2 {\n\t\t\t\tmargin: auto;\n\t\t\t}\n\t\t\t#gallery-2 .gallery-item {\n\t\t\t\tfloat: left;\n\t\t\t\tmargin-top: 10px;\n\t\t\t\ttext-align: center;\n\t\t\t\twidth: 33%;\n\t\t\t}\n\t\t\t#gallery-2 img {\n\t\t\t\tborder: 2px solid #cfcfcf;\n\t\t\t}\n\t\t\t#gallery-2 .gallery-caption {\n\t\t\t\tmargin-left: 0;\n\t\t\t}\n\t\t\t\/* see gallery_shortcode() in wp-includes\/media.php *\/\n\t\t<\/style>\n\t\t<div id='gallery-2' class='gallery galleryid-3910 gallery-columns-3 gallery-size-large'><dl class='gallery-item'>\n\t\t\t<dt class='gallery-icon landscape'>\n\t\t\t\t<a href='https:\/\/rolfbenker.com\/de\/verglasung-und-oberlicht-fuer-ein-lichtdurchflutetes-zuhause\/rolfbenker-carpinteriadealuminio-lapalma-1-2-2\/'><img width=\"1024\" height=\"771\" src=\"https:\/\/rolfbenker.com\/wp-content\/uploads\/2025\/07\/rolfbenker-carpinteriadealuminio-lapalma-1-1024x771.jpg\" class=\"attachment-large size-large\" alt=\"Rolf Benker, carpinteria de aluminio en La Palma\" srcset=\"https:\/\/rolfbenker.com\/wp-content\/uploads\/2025\/07\/rolfbenker-carpinteriadealuminio-lapalma-1-1024x771.jpg 1024w, https:\/\/rolfbenker.com\/wp-content\/uploads\/2025\/07\/rolfbenker-carpinteriadealuminio-lapalma-1-300x226.jpg 300w, https:\/\/rolfbenker.com\/wp-content\/uploads\/2025\/07\/rolfbenker-carpinteriadealuminio-lapalma-1-768x578.jpg 768w, https:\/\/rolfbenker.com\/wp-content\/uploads\/2025\/07\/rolfbenker-carpinteriadealuminio-lapalma-1-1536x1157.jpg 1536w, https:\/\/rolfbenker.com\/wp-content\/uploads\/2025\/07\/rolfbenker-carpinteriadealuminio-lapalma-1-370x279.jpg 370w, https:\/\/rolfbenker.com\/wp-content\/uploads\/2025\/07\/rolfbenker-carpinteriadealuminio-lapalma-1-1200x904.jpg 1200w, https:\/\/rolfbenker.com\/wp-content\/uploads\/2025\/07\/rolfbenker-carpinteriadealuminio-lapalma-1-360x271.jpg 360w, https:\/\/rolfbenker.com\/wp-content\/uploads\/2025\/07\/rolfbenker-carpinteriadealuminio-lapalma-1.jpg 2040w\" sizes=\"auto, (max-width: 1024px) 100vw, 1024px\" loading=\"lazy\" decoding=\"async\" fetchpriority=\"low\" title=\"\"><\/a>\n\t\t\t<\/dt><\/dl><dl class='gallery-item'>\n\t\t\t<dt class='gallery-icon landscape'>\n\t\t\t\t<a href='https:\/\/rolfbenker.com\/de\/verglasung-und-oberlicht-fuer-ein-lichtdurchflutetes-zuhause\/rolfbenker-carpinteriadealuminio-lapalma-2-2-2\/'><img width=\"1024\" height=\"771\" src=\"https:\/\/rolfbenker.com\/wp-content\/uploads\/2025\/07\/rolfbenker-carpinteriadealuminio-lapalma-2-1024x771.jpg\" class=\"attachment-large size-large\" alt=\"Rolf Benker, carpinteria de aluminio en La Palma\" srcset=\"https:\/\/rolfbenker.com\/wp-content\/uploads\/2025\/07\/rolfbenker-carpinteriadealuminio-lapalma-2-1024x771.jpg 1024w, https:\/\/rolfbenker.com\/wp-content\/uploads\/2025\/07\/rolfbenker-carpinteriadealuminio-lapalma-2-300x226.jpg 300w, https:\/\/rolfbenker.com\/wp-content\/uploads\/2025\/07\/rolfbenker-carpinteriadealuminio-lapalma-2-768x578.jpg 768w, https:\/\/rolfbenker.com\/wp-content\/uploads\/2025\/07\/rolfbenker-carpinteriadealuminio-lapalma-2-1536x1157.jpg 1536w, https:\/\/rolfbenker.com\/wp-content\/uploads\/2025\/07\/rolfbenker-carpinteriadealuminio-lapalma-2-370x279.jpg 370w, https:\/\/rolfbenker.com\/wp-content\/uploads\/2025\/07\/rolfbenker-carpinteriadealuminio-lapalma-2-1200x904.jpg 1200w, https:\/\/rolfbenker.com\/wp-content\/uploads\/2025\/07\/rolfbenker-carpinteriadealuminio-lapalma-2-360x271.jpg 360w, https:\/\/rolfbenker.com\/wp-content\/uploads\/2025\/07\/rolfbenker-carpinteriadealuminio-lapalma-2.jpg 2040w\" sizes=\"auto, (max-width: 1024px) 100vw, 1024px\" loading=\"lazy\" decoding=\"async\" fetchpriority=\"low\" title=\"\"><\/a>\n\t\t\t<\/dt><\/dl><dl class='gallery-item'>\n\t\t\t<dt class='gallery-icon landscape'>\n\t\t\t\t<a href='https:\/\/rolfbenker.com\/de\/verglasung-und-oberlicht-fuer-ein-lichtdurchflutetes-zuhause\/rolfbenker-carpinteriadealuminio-lapalma-3-2-2\/'><img width=\"1024\" height=\"771\" src=\"https:\/\/rolfbenker.com\/wp-content\/uploads\/2025\/07\/rolfbenker-carpinteriadealuminio-lapalma-3-1024x771.jpg\" class=\"attachment-large size-large\" alt=\"Rolf Benker, carpinteria de aluminio en La Palma\" srcset=\"https:\/\/rolfbenker.com\/wp-content\/uploads\/2025\/07\/rolfbenker-carpinteriadealuminio-lapalma-3-1024x771.jpg 1024w, https:\/\/rolfbenker.com\/wp-content\/uploads\/2025\/07\/rolfbenker-carpinteriadealuminio-lapalma-3-300x226.jpg 300w, https:\/\/rolfbenker.com\/wp-content\/uploads\/2025\/07\/rolfbenker-carpinteriadealuminio-lapalma-3-768x578.jpg 768w, https:\/\/rolfbenker.com\/wp-content\/uploads\/2025\/07\/rolfbenker-carpinteriadealuminio-lapalma-3-1536x1157.jpg 1536w, https:\/\/rolfbenker.com\/wp-content\/uploads\/2025\/07\/rolfbenker-carpinteriadealuminio-lapalma-3-370x279.jpg 370w, https:\/\/rolfbenker.com\/wp-content\/uploads\/2025\/07\/rolfbenker-carpinteriadealuminio-lapalma-3-1200x904.jpg 1200w, https:\/\/rolfbenker.com\/wp-content\/uploads\/2025\/07\/rolfbenker-carpinteriadealuminio-lapalma-3-360x271.jpg 360w, https:\/\/rolfbenker.com\/wp-content\/uploads\/2025\/07\/rolfbenker-carpinteriadealuminio-lapalma-3.jpg 2040w\" sizes=\"auto, (max-width: 1024px) 100vw, 1024px\" loading=\"lazy\" decoding=\"async\" fetchpriority=\"low\" title=\"\"><\/a>\n\t\t\t<\/dt><\/dl><br style=\"clear: both\" \/>\n\t\t<\/div>\n\n<h3 data-start=\"1626\" data-end=\"1655\">Vorteile dieser L\u00f6sungen:<\/h3>\n<ul data-start=\"1656\" data-end=\"1992\">\n<li data-start=\"1656\" data-end=\"1714\">\n<p data-start=\"1658\" data-end=\"1714\"><strong data-start=\"1658\" data-end=\"1684\">Mehr nat\u00fcrliches Licht<\/strong>, f\u00fcr komfortablere Wohnr\u00e4ume.<\/p>\n<\/li>\n<li data-start=\"1715\" data-end=\"1788\">\n<p data-start=\"1717\" data-end=\"1788\"><strong data-start=\"1717\" data-end=\"1738\">Energieeinsparung<\/strong> durch geringeren Einsatz k\u00fcnstlicher Beleuchtung.<\/p>\n<\/li>\n<li data-start=\"1789\" data-end=\"1880\">\n<p data-start=\"1791\" data-end=\"1880\"><strong data-start=\"1791\" data-end=\"1827\">Elegantes und langlebiges Design<\/strong>, mit widerstandsf\u00e4higen, pflegeleichten Materialien.<\/p>\n<\/li>\n<li data-start=\"1881\" data-end=\"1992\">\n<p data-start=\"1883\" data-end=\"1992\"><strong data-start=\"1883\" data-end=\"1940\">Verbesserte Bel\u00fcftung und Verbindung zum Au\u00dfenbereich<\/strong>, ohne Sicherheit oder Effizienz zu beeintr\u00e4chtigen.<\/p>\n<\/li>\n<\/ul>\n<p data-start=\"1994\" data-end=\"2280\">Bei Rolf Benker sind wir stolz darauf, ma\u00dfgeschneiderte L\u00f6sungen anzubieten, die Innovation und Qualit\u00e4t vereinen. Wenn Sie Ihrem Zuhause mit Verglasungen oder Oberlichtern ein neues Flair verleihen m\u00f6chten, <strong data-start=\"2202\" data-end=\"2280\"><a href=\"https:\/\/rolfbenker.com\/de\/kontakt\/\">kontaktieren<\/a> Sie uns und machen Sie das Licht zu Ihrem besten Verb\u00fcndeten!<\/strong><\/p>\n<p data-start=\"2053\" data-end=\"2280\"><img loading=\"lazy\" decoding=\"async\" class=\"alignnone size-full wp-image-3895\" src=\"https:\/\/rolfbenker.com\/wp-content\/uploads\/2025\/07\/rolfbenker-carpinteriadealuminio-lapalma-5.jpg\" alt=\"Rolf Benker, carpinteria de aluminio en La Palma\" width=\"1204\" height=\"1600\" title=\"\" srcset=\"https:\/\/rolfbenker.com\/wp-content\/uploads\/2025\/07\/rolfbenker-carpinteriadealuminio-lapalma-5.jpg 1204w, https:\/\/rolfbenker.com\/wp-content\/uploads\/2025\/07\/rolfbenker-carpinteriadealuminio-lapalma-5-226x300.jpg 226w, https:\/\/rolfbenker.com\/wp-content\/uploads\/2025\/07\/rolfbenker-carpinteriadealuminio-lapalma-5-771x1024.jpg 771w, https:\/\/rolfbenker.com\/wp-content\/uploads\/2025\/07\/rolfbenker-carpinteriadealuminio-lapalma-5-768x1021.jpg 768w, https:\/\/rolfbenker.com\/wp-content\/uploads\/2025\/07\/rolfbenker-carpinteriadealuminio-lapalma-5-1156x1536.jpg 1156w, https:\/\/rolfbenker.com\/wp-content\/uploads\/2025\/07\/rolfbenker-carpinteriadealuminio-lapalma-5-271x360.jpg 271w, https:\/\/rolfbenker.com\/wp-content\/uploads\/2025\/07\/rolfbenker-carpinteriadealuminio-lapalma-5-1200x1595.jpg 1200w, https:\/\/rolfbenker.com\/wp-content\/uploads\/2025\/07\/rolfbenker-carpinteriadealuminio-lapalma-5-360x478.jpg 360w\" sizes=\"auto, (max-width: 1204px) 100vw, 1204px\" \/ fetchpriority=\"low\"><\/p>\n","protected":false},"excerpt":{"rendered":"<p>Bei Rolf Benker setzen wir weiterhin auf L\u00f6sungen, die \u00c4sthetik, Funktionalit\u00e4t und Komfort vereinen. Heute m\u00f6chten wir Ihnen unser neuestes Projekt auf der Insel La Palma vorstellen: die Installation einer wei\u00dfen Aluminiumverglasung mit drei Fl\u00fcgeln, darunter eine T\u00fcr, sowie eines&#8230;<\/p>\n","protected":false},"author":1,"featured_media":3906,"comment_status":"closed","ping_status":"closed","sticky":false,"template":"","format":"standard","meta":{"footnotes":""},"categories":[61],"tags":[],"class_list":["post-3910","post","type-post","status-publish","format-standard","has-post-thumbnail","hentry","category-ventanas-y-puertas-aluminio-de"],"_links":{"self":[{"href":"https:\/\/rolfbenker.com\/de\/wp-json\/wp\/v2\/posts\/3910","targetHints":{"allow":["GET"]}}],"collection":[{"href":"https:\/\/rolfbenker.com\/de\/wp-json\/wp\/v2\/posts"}],"about":[{"href":"https:\/\/rolfbenker.com\/de\/wp-json\/wp\/v2\/types\/post"}],"author":[{"embeddable":true,"href":"https:\/\/rolfbenker.com\/de\/wp-json\/wp\/v2\/users\/1"}],"replies":[{"embeddable":true,"href":"https:\/\/rolfbenker.com\/de\/wp-json\/wp\/v2\/comments?post=3910"}],"version-history":[{"count":3,"href":"https:\/\/rolfbenker.com\/de\/wp-json\/wp\/v2\/posts\/3910\/revisions"}],"predecessor-version":[{"id":3914,"href":"https:\/\/rolfbenker.com\/de\/wp-json\/wp\/v2\/posts\/3910\/revisions\/3914"}],"wp:featuredmedia":[{"embeddable":true,"href":"https:\/\/rolfbenker.com\/de\/wp-json\/wp\/v2\/media\/3906"}],"wp:attachment":[{"href":"https:\/\/rolfbenker.com\/de\/wp-json\/wp\/v2\/media?parent=3910"}],"wp:term":[{"taxonomy":"category","embeddable":true,"href":"https:\/\/rolfbenker.com\/de\/wp-json\/wp\/v2\/categories?post=3910"},{"taxonomy":"post_tag","embeddable":true,"href":"https:\/\/rolfbenker.com\/de\/wp-json\/wp\/v2\/tags?post=3910"}],"curies":[{"name":"wp","href":"https:\/\/api.w.org\/{rel}","templated":true}]}}