{"id":3971,"date":"2025-09-01T07:52:27","date_gmt":"2025-09-01T07:52:27","guid":{"rendered":"https:\/\/rolfbenker.com\/pequeno-invernadero-en-acceso-a-vivienda\/"},"modified":"2025-09-01T08:06:05","modified_gmt":"2025-09-01T08:06:05","slug":"kleines-gewaechshaus-am-hauseingang","status":"publish","type":"post","link":"https:\/\/rolfbenker.com\/de\/kleines-gewaechshaus-am-hauseingang\/","title":{"rendered":"Kleines Gew\u00e4chshaus am Hauseingang"},"content":{"rendered":"<h2 data-start=\"55\" data-end=\"127\">Ein neuer, charmanter Wohnraum: Kleines Gew\u00e4chshaus am Hauseingang<\/h2>\n<p data-start=\"129\" data-end=\"443\">Bei <strong data-start=\"133\" data-end=\"174\">Rolf Benker, Schreinerei auf La Palma<\/strong>, wissen wir, dass kleine Details einen gro\u00dfen Unterschied im Wohnkomfort und in der Lebensqualit\u00e4t ausmachen k\u00f6nnen. Ein gutes Beispiel daf\u00fcr ist dieses <strong data-start=\"328\" data-end=\"376\">leicht und funktional gestaltete Gew\u00e4chshaus<\/strong>, das im Eingangsbereich eines Einfamilienhauses errichtet wurde.<\/p>\n<p data-start=\"445\" data-end=\"776\">Es handelt sich um eine kleine Bauma\u00dfnahme, die jedoch einen sehr positiven Einfluss auf den Alltag hat. Dank seiner Konstruktion aus <strong data-start=\"579\" data-end=\"639\">Glasscheiben in Kombination mit wei\u00dfen Aluminiumprofilen<\/strong> bietet dieser Raum nicht nur Schutz vor Wind und Regen, sondern erm\u00f6glicht es auch, den ganzen Tag \u00fcber nat\u00fcrliches Licht zu genie\u00dfen.<\/p>\n<p data-start=\"778\" data-end=\"816\">Zu den wichtigsten Vorteilen z\u00e4hlen:<\/p>\n<ul data-start=\"818\" data-end=\"1397\">\n<li data-start=\"818\" data-end=\"966\">\n<p data-start=\"820\" data-end=\"966\"><strong data-start=\"820\" data-end=\"840\">Mehr Wohnkomfort<\/strong>: verwandelt einen Durchgangsbereich in einen gem\u00fctlichen, hellen Ort \u2013 ideal zum Entspannen oder als zus\u00e4tzlicher Wohnraum.<\/p>\n<\/li>\n<li data-start=\"967\" data-end=\"1116\">\n<p data-start=\"969\" data-end=\"1116\"><strong data-start=\"969\" data-end=\"1005\">Modernes und \u00e4sthetisches Design<\/strong>: die Kombination von Glas und wei\u00dfem Aluminium verleiht Eleganz, Leichtigkeit und Harmonie mit der Umgebung.<\/p>\n<\/li>\n<li data-start=\"1117\" data-end=\"1269\">\n<p data-start=\"1119\" data-end=\"1269\"><strong data-start=\"1119\" data-end=\"1165\">Langlebigkeit und geringer Wartungsaufwand<\/strong>: die verwendeten Materialien sind \u00e4u\u00dferst best\u00e4ndig und behalten langfristig ihre ansprechende Optik.<\/p>\n<\/li>\n<li data-start=\"1270\" data-end=\"1397\">\n<p data-start=\"1272\" data-end=\"1397\"><strong data-start=\"1272\" data-end=\"1304\">Wertsteigerung der Immobilie<\/strong>: eine Verbesserung, die sowohl die Funktionalit\u00e4t als auch die Qualit\u00e4t des Hauses erh\u00f6ht.<\/p>\n<\/li>\n<\/ul>\n<p data-start=\"1399\" data-end=\"1700\">Dieses kleine Gew\u00e4chshaus zeigt, wie sich eine praktische L\u00f6sung in einen <strong data-start=\"1473\" data-end=\"1528\">echten Gewinn an Komfort und Wohlbefinden im Alltag<\/strong> verwandeln kann. Bei Rolf Benker arbeiten wir jedes Projekt individuell aus, passen uns den Bed\u00fcrfnissen unserer Kunden an und schaffen einzigartige R\u00e4ume mit Charakter.<\/p>\n<p data-start=\"1702\" data-end=\"1743\"><strong data-start=\"1702\" data-end=\"1741\">Kontaktieren Sie uns unverbindlich.<\/strong><\/p>\n\n\t\t<style type=\"text\/css\">\n\t\t\t#gallery-1 {\n\t\t\t\tmargin: auto;\n\t\t\t}\n\t\t\t#gallery-1 .gallery-item {\n\t\t\t\tfloat: left;\n\t\t\t\tmargin-top: 10px;\n\t\t\t\ttext-align: center;\n\t\t\t\twidth: 50%;\n\t\t\t}\n\t\t\t#gallery-1 img {\n\t\t\t\tborder: 2px solid #cfcfcf;\n\t\t\t}\n\t\t\t#gallery-1 .gallery-caption {\n\t\t\t\tmargin-left: 0;\n\t\t\t}\n\t\t\t\/* see gallery_shortcode() in wp-includes\/media.php *\/\n\t\t<\/style>\n\t\t<div id='gallery-1' class='gallery galleryid-3971 gallery-columns-2 gallery-size-full'><dl class='gallery-item'>\n\t\t\t<dt class='gallery-icon landscape'>\n\t\t\t\t<a href='https:\/\/rolfbenker.com\/de\/kleines-gewaechshaus-am-hauseingang\/invernadero-rolfbenker-carpinteria-aluminio-3-2\/'><img width=\"1600\" height=\"1204\" src=\"https:\/\/rolfbenker.com\/wp-content\/uploads\/2025\/09\/invernadero-rolfbenker-carpinteria-aluminio-3.jpg\" class=\"attachment-full size-full\" alt=\"Invernadero. Carpinteria de aluminio en La Palma\" srcset=\"https:\/\/rolfbenker.com\/wp-content\/uploads\/2025\/09\/invernadero-rolfbenker-carpinteria-aluminio-3.jpg 1600w, https:\/\/rolfbenker.com\/wp-content\/uploads\/2025\/09\/invernadero-rolfbenker-carpinteria-aluminio-3-300x226.jpg 300w, https:\/\/rolfbenker.com\/wp-content\/uploads\/2025\/09\/invernadero-rolfbenker-carpinteria-aluminio-3-1024x771.jpg 1024w, https:\/\/rolfbenker.com\/wp-content\/uploads\/2025\/09\/invernadero-rolfbenker-carpinteria-aluminio-3-768x578.jpg 768w, https:\/\/rolfbenker.com\/wp-content\/uploads\/2025\/09\/invernadero-rolfbenker-carpinteria-aluminio-3-1536x1156.jpg 1536w, https:\/\/rolfbenker.com\/wp-content\/uploads\/2025\/09\/invernadero-rolfbenker-carpinteria-aluminio-3-370x278.jpg 370w, https:\/\/rolfbenker.com\/wp-content\/uploads\/2025\/09\/invernadero-rolfbenker-carpinteria-aluminio-3-1200x903.jpg 1200w, https:\/\/rolfbenker.com\/wp-content\/uploads\/2025\/09\/invernadero-rolfbenker-carpinteria-aluminio-3-360x271.jpg 360w\" sizes=\"(max-width: 1600px) 100vw, 1600px\" decoding=\"async\" fetchpriority=\"high\" title=\"\" loading=\"lazy\"><\/a>\n\t\t\t<\/dt><\/dl><dl class='gallery-item'>\n\t\t\t<dt class='gallery-icon landscape'>\n\t\t\t\t<a href='https:\/\/rolfbenker.com\/de\/kleines-gewaechshaus-am-hauseingang\/invernadero-rolfbenker-carpinteria-aluminio-1-2\/'><img width=\"1600\" height=\"1204\" src=\"https:\/\/rolfbenker.com\/wp-content\/uploads\/2025\/09\/invernadero-rolfbenker-carpinteria-aluminio-1.jpg\" class=\"attachment-full size-full\" alt=\"Invernadero. Carpinteria de aluminio en La Palma\" srcset=\"https:\/\/rolfbenker.com\/wp-content\/uploads\/2025\/09\/invernadero-rolfbenker-carpinteria-aluminio-1.jpg 1600w, https:\/\/rolfbenker.com\/wp-content\/uploads\/2025\/09\/invernadero-rolfbenker-carpinteria-aluminio-1-300x226.jpg 300w, https:\/\/rolfbenker.com\/wp-content\/uploads\/2025\/09\/invernadero-rolfbenker-carpinteria-aluminio-1-1024x771.jpg 1024w, https:\/\/rolfbenker.com\/wp-content\/uploads\/2025\/09\/invernadero-rolfbenker-carpinteria-aluminio-1-768x578.jpg 768w, https:\/\/rolfbenker.com\/wp-content\/uploads\/2025\/09\/invernadero-rolfbenker-carpinteria-aluminio-1-1536x1156.jpg 1536w, https:\/\/rolfbenker.com\/wp-content\/uploads\/2025\/09\/invernadero-rolfbenker-carpinteria-aluminio-1-370x278.jpg 370w, https:\/\/rolfbenker.com\/wp-content\/uploads\/2025\/09\/invernadero-rolfbenker-carpinteria-aluminio-1-1200x903.jpg 1200w, https:\/\/rolfbenker.com\/wp-content\/uploads\/2025\/09\/invernadero-rolfbenker-carpinteria-aluminio-1-360x271.jpg 360w\" sizes=\"auto, (max-width: 1600px) 100vw, 1600px\" loading=\"lazy\" decoding=\"async\" fetchpriority=\"low\" title=\"\"><\/a>\n\t\t\t<\/dt><\/dl><br style=\"clear: both\" \/><dl class='gallery-item'>\n\t\t\t<dt class='gallery-icon landscape'>\n\t\t\t\t<a href='https:\/\/rolfbenker.com\/de\/kleines-gewaechshaus-am-hauseingang\/invernadero-rolfbenker-carpinteria-aluminio-4-2\/'><img width=\"1600\" height=\"1204\" src=\"https:\/\/rolfbenker.com\/wp-content\/uploads\/2025\/09\/invernadero-rolfbenker-carpinteria-aluminio-4.jpg\" class=\"attachment-full size-full\" alt=\"Invernadero. Carpinteria de aluminio en La Palma\" srcset=\"https:\/\/rolfbenker.com\/wp-content\/uploads\/2025\/09\/invernadero-rolfbenker-carpinteria-aluminio-4.jpg 1600w, https:\/\/rolfbenker.com\/wp-content\/uploads\/2025\/09\/invernadero-rolfbenker-carpinteria-aluminio-4-300x226.jpg 300w, https:\/\/rolfbenker.com\/wp-content\/uploads\/2025\/09\/invernadero-rolfbenker-carpinteria-aluminio-4-1024x771.jpg 1024w, https:\/\/rolfbenker.com\/wp-content\/uploads\/2025\/09\/invernadero-rolfbenker-carpinteria-aluminio-4-768x578.jpg 768w, https:\/\/rolfbenker.com\/wp-content\/uploads\/2025\/09\/invernadero-rolfbenker-carpinteria-aluminio-4-1536x1156.jpg 1536w, https:\/\/rolfbenker.com\/wp-content\/uploads\/2025\/09\/invernadero-rolfbenker-carpinteria-aluminio-4-370x278.jpg 370w, https:\/\/rolfbenker.com\/wp-content\/uploads\/2025\/09\/invernadero-rolfbenker-carpinteria-aluminio-4-1200x903.jpg 1200w, https:\/\/rolfbenker.com\/wp-content\/uploads\/2025\/09\/invernadero-rolfbenker-carpinteria-aluminio-4-360x271.jpg 360w\" sizes=\"auto, (max-width: 1600px) 100vw, 1600px\" loading=\"lazy\" decoding=\"async\" fetchpriority=\"low\" title=\"\"><\/a>\n\t\t\t<\/dt><\/dl><dl class='gallery-item'>\n\t\t\t<dt class='gallery-icon landscape'>\n\t\t\t\t<a href='https:\/\/rolfbenker.com\/de\/kleines-gewaechshaus-am-hauseingang\/invernadero-rolfbenker-carpinteria-aluminio-2-2\/'><img width=\"1600\" height=\"1204\" src=\"https:\/\/rolfbenker.com\/wp-content\/uploads\/2025\/09\/invernadero-rolfbenker-carpinteria-aluminio-2.jpg\" class=\"attachment-full size-full\" alt=\"Invernadero. Carpinteria de aluminio en La Palma\" srcset=\"https:\/\/rolfbenker.com\/wp-content\/uploads\/2025\/09\/invernadero-rolfbenker-carpinteria-aluminio-2.jpg 1600w, https:\/\/rolfbenker.com\/wp-content\/uploads\/2025\/09\/invernadero-rolfbenker-carpinteria-aluminio-2-300x226.jpg 300w, https:\/\/rolfbenker.com\/wp-content\/uploads\/2025\/09\/invernadero-rolfbenker-carpinteria-aluminio-2-1024x771.jpg 1024w, https:\/\/rolfbenker.com\/wp-content\/uploads\/2025\/09\/invernadero-rolfbenker-carpinteria-aluminio-2-768x578.jpg 768w, https:\/\/rolfbenker.com\/wp-content\/uploads\/2025\/09\/invernadero-rolfbenker-carpinteria-aluminio-2-1536x1156.jpg 1536w, https:\/\/rolfbenker.com\/wp-content\/uploads\/2025\/09\/invernadero-rolfbenker-carpinteria-aluminio-2-370x278.jpg 370w, https:\/\/rolfbenker.com\/wp-content\/uploads\/2025\/09\/invernadero-rolfbenker-carpinteria-aluminio-2-1200x903.jpg 1200w, https:\/\/rolfbenker.com\/wp-content\/uploads\/2025\/09\/invernadero-rolfbenker-carpinteria-aluminio-2-360x271.jpg 360w\" sizes=\"auto, (max-width: 1600px) 100vw, 1600px\" loading=\"lazy\" decoding=\"async\" fetchpriority=\"low\" title=\"\"><\/a>\n\t\t\t<\/dt><\/dl><br style=\"clear: both\" \/>\n\t\t<\/div>\n\n","protected":false},"excerpt":{"rendered":"<p>Ein neuer, charmanter Wohnraum: Kleines Gew\u00e4chshaus am Hauseingang Bei Rolf Benker, Schreinerei auf La Palma, wissen wir, dass kleine Details einen gro\u00dfen Unterschied im Wohnkomfort und in der Lebensqualit\u00e4t ausmachen k\u00f6nnen. Ein gutes Beispiel daf\u00fcr ist dieses leicht und funktional&#8230;<\/p>\n","protected":false},"author":1,"featured_media":3964,"comment_status":"closed","ping_status":"closed","sticky":false,"template":"","format":"standard","meta":{"footnotes":""},"categories":[57],"tags":[],"class_list":["post-3971","post","type-post","status-publish","format-standard","has-post-thumbnail","hentry","category-invernaderos-de"],"_links":{"self":[{"href":"https:\/\/rolfbenker.com\/de\/wp-json\/wp\/v2\/posts\/3971","targetHints":{"allow":["GET"]}}],"collection":[{"href":"https:\/\/rolfbenker.com\/de\/wp-json\/wp\/v2\/posts"}],"about":[{"href":"https:\/\/rolfbenker.com\/de\/wp-json\/wp\/v2\/types\/post"}],"author":[{"embeddable":true,"href":"https:\/\/rolfbenker.com\/de\/wp-json\/wp\/v2\/users\/1"}],"replies":[{"embeddable":true,"href":"https:\/\/rolfbenker.com\/de\/wp-json\/wp\/v2\/comments?post=3971"}],"version-history":[{"count":3,"href":"https:\/\/rolfbenker.com\/de\/wp-json\/wp\/v2\/posts\/3971\/revisions"}],"predecessor-version":[{"id":3974,"href":"https:\/\/rolfbenker.com\/de\/wp-json\/wp\/v2\/posts\/3971\/revisions\/3974"}],"wp:featuredmedia":[{"embeddable":true,"href":"https:\/\/rolfbenker.com\/de\/wp-json\/wp\/v2\/media\/3964"}],"wp:attachment":[{"href":"https:\/\/rolfbenker.com\/de\/wp-json\/wp\/v2\/media?parent=3971"}],"wp:term":[{"taxonomy":"category","embeddable":true,"href":"https:\/\/rolfbenker.com\/de\/wp-json\/wp\/v2\/categories?post=3971"},{"taxonomy":"post_tag","embeddable":true,"href":"https:\/\/rolfbenker.com\/de\/wp-json\/wp\/v2\/tags?post=3971"}],"curies":[{"name":"wp","href":"https:\/\/api.w.org\/{rel}","templated":true}]}}