{"id":4194,"date":"2026-03-10T08:00:17","date_gmt":"2026-03-10T08:00:17","guid":{"rendered":"https:\/\/rolfbenker.com\/?p=4194"},"modified":"2026-03-06T09:25:46","modified_gmt":"2026-03-06T09:25:46","slug":"installation-einer-glas-und-aluminiumueberdachung-fuer-einen-innenhof-auf-la-palma","status":"publish","type":"post","link":"https:\/\/rolfbenker.com\/de\/installation-einer-glas-und-aluminiumueberdachung-fuer-einen-innenhof-auf-la-palma\/","title":{"rendered":"Installation einer Glas- und Aluminium\u00fcberdachung f\u00fcr einen Innenhof auf La Palma"},"content":{"rendered":"<p data-start=\"0\" data-end=\"390\">Bei <strong data-start=\"4\" data-end=\"41\">Rolf Benker Carpinter\u00eda Artesanal<\/strong> realisieren wir weiterhin Projekte im Bereich <strong data-start=\"88\" data-end=\"154\">ma\u00dfgefertigte Tischlerarbeiten und Konstruktionen auf La Palma<\/strong>, bei denen wir Design, Funktionalit\u00e4t und hochwertige Materialien miteinander verbinden. In diesem Projekt pr\u00e4sentieren wir die <strong data-start=\"283\" data-end=\"389\">Installation einer Glas- und Aluminium\u00fcberdachung f\u00fcr den Innenhof eines privaten Hauses auf der Insel<\/strong>.<\/p>\n<p data-start=\"392\" data-end=\"576\">Ziel des Projekts war es, <strong data-start=\"418\" data-end=\"510\">einen Au\u00dfenbereich zu sch\u00fctzen und gleichzeitig den nat\u00fcrlichen Lichteinfall zu erhalten<\/strong>, um einen komfortablen und ganzj\u00e4hrig nutzbaren Raum zu schaffen.<\/p>\n<p data-start=\"578\" data-end=\"830\">Daf\u00fcr wurde eine <strong data-start=\"595\" data-end=\"642\">robuste und elegante Konstruktion entworfen<\/strong>, die Aluminiumprofile mit Glaspaneelen kombiniert. Die \u00dcberdachung f\u00fcgt sich harmonisch in die bestehende Architektur des Hauses ein und respektiert den traditionellen Stil der Immobilie.<\/p>\n<p data-start=\"832\" data-end=\"1076\">Die Installation wurde <strong data-start=\"855\" data-end=\"889\">vollst\u00e4ndig nach Ma\u00df gefertigt<\/strong>, wobei jedes Element exakt an die Abmessungen des Innenhofs angepasst wurde. So konnte eine perfekte Integration mit dem vorhandenen Dach und den bestehenden Mauern gew\u00e4hrleistet werden.<\/p>\n<h2 data-section-id=\"1t3436y\" data-start=\"1078\" data-end=\"1136\">Projekt einer Glas\u00fcberdachung f\u00fcr ein privates Wohnhaus<\/h2>\n<p data-start=\"1138\" data-end=\"1386\">Glas- und Aluminium\u00fcberdachungen werden zunehmend in <strong data-start=\"1191\" data-end=\"1260\">Innenh\u00f6fen, Terrassen und Au\u00dfenbereichen von H\u00e4usern auf La Palma<\/strong> eingesetzt. Sie erm\u00f6glichen es, einen Au\u00dfenbereich zu \u00fcberdachen, ohne Helligkeit oder das Gef\u00fchl von Offenheit zu verlieren.<\/p>\n<p data-start=\"1388\" data-end=\"1642\">In diesem Projekt wurde eine Struktur installiert, bei der <strong data-start=\"1447\" data-end=\"1512\">Glaspaneele mit tragenden Aluminium\u00adelementen kombiniert sind<\/strong>, wodurch eine stabile, elegante und widerstandsf\u00e4hige \u00dcberdachung entsteht, die den klimatischen Bedingungen der Insel standh\u00e4lt.<\/p>\n<p data-start=\"1644\" data-end=\"1784\">Das Ergebnis ist ein gesch\u00fctzter Au\u00dfenbereich, der gleichzeitig <strong data-start=\"1708\" data-end=\"1775\">die visuelle Verbindung zum Himmel und zur nat\u00fcrlichen Umgebung<\/strong> bewahrt.<\/p>\n<h2 data-section-id=\"1xdgt09\" data-start=\"1786\" data-end=\"1834\">Vorteile einer Glas- und Aluminium\u00fcberdachung<\/h2>\n<p data-start=\"1836\" data-end=\"1947\">Diese Art von \u00dcberdachung bietet zahlreiche Vorteile f\u00fcr H\u00e4user auf <strong data-start=\"1904\" data-end=\"1946\">La Palma und in sonnenreichen Regionen<\/strong>:<\/p>\n<ul>\n<li data-start=\"1951\" data-end=\"1992\">Sie erm\u00f6glicht <strong data-start=\"1966\" data-end=\"1992\">viel nat\u00fcrliches Licht<\/strong><\/li>\n<li data-start=\"1995\" data-end=\"2043\">Sie sch\u00fctzt vor <strong data-start=\"2011\" data-end=\"2043\">Regen, Wind und Feuchtigkeit<\/strong><\/li>\n<li data-start=\"2046\" data-end=\"2110\">Sie sorgt f\u00fcr <strong data-start=\"2060\" data-end=\"2110\">mehr Komfort im Innenhof oder auf der Terrasse<\/strong><\/li>\n<li data-start=\"2113\" data-end=\"2171\">Sie verbessert die <strong data-start=\"2132\" data-end=\"2171\">\u00c4sthetik und den Wert der Immobilie<\/strong><\/li>\n<li data-start=\"2174\" data-end=\"2231\">Sie erm\u00f6glicht eine <strong data-start=\"2194\" data-end=\"2231\">l\u00e4ngere Nutzung des Au\u00dfenbereichs<\/strong><\/li>\n<\/ul>\n<p data-start=\"2233\" data-end=\"2418\">Dar\u00fcber hinaus bietet das verwendete Glas <strong data-start=\"2275\" data-end=\"2322\">hohe Widerstandsf\u00e4higkeit und Langlebigkeit<\/strong>, w\u00e4hrend die Aluminiumstruktur <strong data-start=\"2354\" data-end=\"2403\">Stabilit\u00e4t und einen geringen Wartungsaufwand<\/strong> gew\u00e4hrleistet.<\/p>\n<h2 data-section-id=\"vaazvr\" data-start=\"2420\" data-end=\"2477\">Handwerkliche Tischlerarbeit und ma\u00dfgefertigte Details<\/h2>\n<p data-start=\"2479\" data-end=\"2624\">Einer der wichtigsten Aspekte dieses Projekts war die <strong data-start=\"2533\" data-end=\"2623\">Pr\u00e4zision der Ausf\u00fchrung und die harmonische Integration in die Architektur des Hauses<\/strong>.<\/p>\n<p data-start=\"2626\" data-end=\"2719\">Bei <strong data-start=\"2630\" data-end=\"2667\">Rolf Benker Carpinter\u00eda Artesanal<\/strong> achten wir auf jedes Detail des gesamten Prozesses:<\/p>\n<ul>\n<li data-start=\"2723\" data-end=\"2765\">Planung und Design angepasst an den Raum<\/li>\n<li data-start=\"2768\" data-end=\"2795\">ma\u00dfgefertigte Herstellung<\/li>\n<li data-start=\"2798\" data-end=\"2827\">professionelle Installation<\/li>\n<li data-start=\"2830\" data-end=\"2870\">langlebige und \u00e4sthetische Oberfl\u00e4chen<\/li>\n<\/ul>\n<p data-start=\"2872\" data-end=\"2991\">Das Ergebnis ist eine <strong data-start=\"2894\" data-end=\"2934\">funktionale und elegante \u00dcberdachung<\/strong>, die sich perfekt in die Architektur des Hauses einf\u00fcgt.<\/p>\n<h2 data-section-id=\"1ng7mnn\" data-start=\"2993\" data-end=\"3041\">Glas- und Aluminium\u00fcberdachungen auf La Palma<\/h2>\n<p data-start=\"3043\" data-end=\"3220\">Immer mehr Hausbesitzer auf der Insel entscheiden sich f\u00fcr <strong data-start=\"3102\" data-end=\"3157\">verglaste \u00dcberdachungen f\u00fcr Innenh\u00f6fe und Terrassen<\/strong>, eine ideale L\u00f6sung, um Au\u00dfenbereiche besser nutzen zu k\u00f6nnen.<\/p>\n<p data-start=\"3222\" data-end=\"3348\">Bei <strong data-start=\"3226\" data-end=\"3263\">Rolf Benker Carpinter\u00eda Artesanal<\/strong> realisieren wir individuelle Projekte auf der gesamten Insel <strong data-start=\"3325\" data-end=\"3337\">La Palma<\/strong>, darunter:<\/p>\n<ul>\n<li data-start=\"3352\" data-end=\"3386\">Glas- und Aluminium\u00fcberdachungen<\/li>\n<li data-start=\"3389\" data-end=\"3430\">Terrassen\u00fcberdachungen und Verglasungen<\/li>\n<li data-start=\"3433\" data-end=\"3468\">ma\u00dfgefertigte Au\u00dfenkonstruktionen<\/li>\n<li data-start=\"3471\" data-end=\"3518\">handwerkliche Tischlerarbeiten f\u00fcr Wohnh\u00e4user<\/li>\n<\/ul>\n<p data-start=\"3520\" data-end=\"3641\">Wenn Sie Ihr Zuhause mit einer <strong data-start=\"3551\" data-end=\"3598\">Glas- und Aluminium\u00fcberdachung auf La Palma<\/strong> verbessern m\u00f6chten, beraten wir Sie gerne.<\/p>\n<p data-start=\"3643\" data-end=\"3770\" data-is-last-node=\"\" data-is-only-node=\"\">\ud83d\udc49 <strong data-start=\"3646\" data-end=\"3740\">Kontaktieren Sie Rolf Benker Carpinter\u00eda Artesanal und erz\u00e4hlen Sie uns von Ihrem Projekt.<\/strong><br data-start=\"3740\" data-end=\"3743\" \/>\ud83d\udcde <strong data-start=\"3746\" data-end=\"3770\" data-is-last-node=\"\">Telefon: 664 797 435<\/strong><\/p>\n\n\t\t<style type=\"text\/css\">\n\t\t\t#gallery-1 {\n\t\t\t\tmargin: auto;\n\t\t\t}\n\t\t\t#gallery-1 .gallery-item {\n\t\t\t\tfloat: left;\n\t\t\t\tmargin-top: 10px;\n\t\t\t\ttext-align: center;\n\t\t\t\twidth: 33%;\n\t\t\t}\n\t\t\t#gallery-1 img {\n\t\t\t\tborder: 2px solid #cfcfcf;\n\t\t\t}\n\t\t\t#gallery-1 .gallery-caption {\n\t\t\t\tmargin-left: 0;\n\t\t\t}\n\t\t\t\/* see gallery_shortcode() in wp-includes\/media.php *\/\n\t\t<\/style>\n\t\t<div id='gallery-1' class='gallery galleryid-4194 gallery-columns-3 gallery-size-full'><dl class='gallery-item'>\n\t\t\t<dt class='gallery-icon landscape'>\n\t\t\t\t<a href='https:\/\/rolfbenker.com\/de\/installation-einer-glas-und-aluminiumueberdachung-fuer-einen-innenhof-auf-la-palma\/vista-superior-de-cubierta-de-vidrio-y-aluminio-en-patio-privado-en-la-palma\/'><img width=\"2048\" height=\"1536\" src=\"https:\/\/rolfbenker.com\/wp-content\/uploads\/2026\/03\/vista-superior-de-cubierta-de-vidrio-y-aluminio-en-patio-privado-en-La-Palma.jpeg\" class=\"attachment-full size-full\" alt=\"vista superior de cubierta de vidrio y aluminio en patio privado en La Palma\" aria-describedby=\"gallery-1-4197\" srcset=\"https:\/\/rolfbenker.com\/wp-content\/uploads\/2026\/03\/vista-superior-de-cubierta-de-vidrio-y-aluminio-en-patio-privado-en-La-Palma.jpeg 2048w, https:\/\/rolfbenker.com\/wp-content\/uploads\/2026\/03\/vista-superior-de-cubierta-de-vidrio-y-aluminio-en-patio-privado-en-La-Palma-300x225.jpeg 300w, https:\/\/rolfbenker.com\/wp-content\/uploads\/2026\/03\/vista-superior-de-cubierta-de-vidrio-y-aluminio-en-patio-privado-en-La-Palma-1024x768.jpeg 1024w, https:\/\/rolfbenker.com\/wp-content\/uploads\/2026\/03\/vista-superior-de-cubierta-de-vidrio-y-aluminio-en-patio-privado-en-La-Palma-768x576.jpeg 768w, https:\/\/rolfbenker.com\/wp-content\/uploads\/2026\/03\/vista-superior-de-cubierta-de-vidrio-y-aluminio-en-patio-privado-en-La-Palma-1536x1152.jpeg 1536w, https:\/\/rolfbenker.com\/wp-content\/uploads\/2026\/03\/vista-superior-de-cubierta-de-vidrio-y-aluminio-en-patio-privado-en-La-Palma-370x278.jpeg 370w, https:\/\/rolfbenker.com\/wp-content\/uploads\/2026\/03\/vista-superior-de-cubierta-de-vidrio-y-aluminio-en-patio-privado-en-La-Palma-1200x900.jpeg 1200w, https:\/\/rolfbenker.com\/wp-content\/uploads\/2026\/03\/vista-superior-de-cubierta-de-vidrio-y-aluminio-en-patio-privado-en-La-Palma-360x270.jpeg 360w\" sizes=\"(max-width: 2048px) 100vw, 2048px\" decoding=\"async\" fetchpriority=\"high\" title=\"\" loading=\"lazy\"><\/a>\n\t\t\t<\/dt>\n\t\t\t\t<dd class='wp-caption-text gallery-caption' id='gallery-1-4197'>\n\t\t\t\tvista superior de cubierta de vidrio y aluminio en patio privado en La Palma\n\t\t\t\t<\/dd><\/dl><dl class='gallery-item'>\n\t\t\t<dt class='gallery-icon landscape'>\n\t\t\t\t<a href='https:\/\/rolfbenker.com\/de\/installation-einer-glas-und-aluminiumueberdachung-fuer-einen-innenhof-auf-la-palma\/instalacion-de-techo-de-vidrio-y-aluminio-en-patio-de-casa-en-la-palma-2\/'><img width=\"2048\" height=\"1536\" src=\"https:\/\/rolfbenker.com\/wp-content\/uploads\/2026\/03\/instalacion-de-techo-de-vidrio-y-aluminio-en-patio-de-casa-en-La-Palma-2.jpeg\" class=\"attachment-full size-full\" alt=\"instalaci\u00f3n de techo de vidrio y aluminio en patio de casa en La Palma\" aria-describedby=\"gallery-1-4198\" srcset=\"https:\/\/rolfbenker.com\/wp-content\/uploads\/2026\/03\/instalacion-de-techo-de-vidrio-y-aluminio-en-patio-de-casa-en-La-Palma-2.jpeg 2048w, https:\/\/rolfbenker.com\/wp-content\/uploads\/2026\/03\/instalacion-de-techo-de-vidrio-y-aluminio-en-patio-de-casa-en-La-Palma-2-300x225.jpeg 300w, https:\/\/rolfbenker.com\/wp-content\/uploads\/2026\/03\/instalacion-de-techo-de-vidrio-y-aluminio-en-patio-de-casa-en-La-Palma-2-1024x768.jpeg 1024w, https:\/\/rolfbenker.com\/wp-content\/uploads\/2026\/03\/instalacion-de-techo-de-vidrio-y-aluminio-en-patio-de-casa-en-La-Palma-2-768x576.jpeg 768w, https:\/\/rolfbenker.com\/wp-content\/uploads\/2026\/03\/instalacion-de-techo-de-vidrio-y-aluminio-en-patio-de-casa-en-La-Palma-2-1536x1152.jpeg 1536w, https:\/\/rolfbenker.com\/wp-content\/uploads\/2026\/03\/instalacion-de-techo-de-vidrio-y-aluminio-en-patio-de-casa-en-La-Palma-2-370x278.jpeg 370w, https:\/\/rolfbenker.com\/wp-content\/uploads\/2026\/03\/instalacion-de-techo-de-vidrio-y-aluminio-en-patio-de-casa-en-La-Palma-2-1200x900.jpeg 1200w, https:\/\/rolfbenker.com\/wp-content\/uploads\/2026\/03\/instalacion-de-techo-de-vidrio-y-aluminio-en-patio-de-casa-en-La-Palma-2-360x270.jpeg 360w\" sizes=\"auto, (max-width: 2048px) 100vw, 2048px\" loading=\"lazy\" decoding=\"async\" fetchpriority=\"low\" title=\"\"><\/a>\n\t\t\t<\/dt>\n\t\t\t\t<dd class='wp-caption-text gallery-caption' id='gallery-1-4198'>\n\t\t\t\tinstalaci\u00f3n de techo de vidrio y aluminio en patio de casa en La Palma \n\t\t\t\t<\/dd><\/dl><dl class='gallery-item'>\n\t\t\t<dt class='gallery-icon landscape'>\n\t\t\t\t<a href='https:\/\/rolfbenker.com\/de\/installation-einer-glas-und-aluminiumueberdachung-fuer-einen-innenhof-auf-la-palma\/estructura-de-aluminio-con-paneles-de-vidrio-instalada-en-terraza-de-la-palma\/'><img width=\"2048\" height=\"1536\" src=\"https:\/\/rolfbenker.com\/wp-content\/uploads\/2026\/03\/estructura-de-aluminio-con-paneles-de-vidrio-instalada-en-terraza-de-La-Palma.jpeg\" class=\"attachment-full size-full\" alt=\"estructura de aluminio con paneles de vidrio instalada en terraza de La Palma\" aria-describedby=\"gallery-1-4199\" srcset=\"https:\/\/rolfbenker.com\/wp-content\/uploads\/2026\/03\/estructura-de-aluminio-con-paneles-de-vidrio-instalada-en-terraza-de-La-Palma.jpeg 2048w, https:\/\/rolfbenker.com\/wp-content\/uploads\/2026\/03\/estructura-de-aluminio-con-paneles-de-vidrio-instalada-en-terraza-de-La-Palma-300x225.jpeg 300w, https:\/\/rolfbenker.com\/wp-content\/uploads\/2026\/03\/estructura-de-aluminio-con-paneles-de-vidrio-instalada-en-terraza-de-La-Palma-1024x768.jpeg 1024w, https:\/\/rolfbenker.com\/wp-content\/uploads\/2026\/03\/estructura-de-aluminio-con-paneles-de-vidrio-instalada-en-terraza-de-La-Palma-768x576.jpeg 768w, https:\/\/rolfbenker.com\/wp-content\/uploads\/2026\/03\/estructura-de-aluminio-con-paneles-de-vidrio-instalada-en-terraza-de-La-Palma-1536x1152.jpeg 1536w, https:\/\/rolfbenker.com\/wp-content\/uploads\/2026\/03\/estructura-de-aluminio-con-paneles-de-vidrio-instalada-en-terraza-de-La-Palma-370x278.jpeg 370w, https:\/\/rolfbenker.com\/wp-content\/uploads\/2026\/03\/estructura-de-aluminio-con-paneles-de-vidrio-instalada-en-terraza-de-La-Palma-1200x900.jpeg 1200w, https:\/\/rolfbenker.com\/wp-content\/uploads\/2026\/03\/estructura-de-aluminio-con-paneles-de-vidrio-instalada-en-terraza-de-La-Palma-360x270.jpeg 360w\" sizes=\"auto, (max-width: 2048px) 100vw, 2048px\" loading=\"lazy\" decoding=\"async\" fetchpriority=\"low\" title=\"\"><\/a>\n\t\t\t<\/dt>\n\t\t\t\t<dd class='wp-caption-text gallery-caption' id='gallery-1-4199'>\n\t\t\t\testructura de aluminio con paneles de vidrio instalada en terraza de La Palma\n\t\t\t\t<\/dd><\/dl><br style=\"clear: both\" \/><dl class='gallery-item'>\n\t\t\t<dt class='gallery-icon landscape'>\n\t\t\t\t<a href='https:\/\/rolfbenker.com\/de\/installation-einer-glas-und-aluminiumueberdachung-fuer-einen-innenhof-auf-la-palma\/detalle-de-estructura-de-cubierta-acristalada-con-aluminio-en-vivienda-de-la-palma\/'><img width=\"2048\" height=\"1536\" src=\"https:\/\/rolfbenker.com\/wp-content\/uploads\/2026\/03\/detalle-de-estructura-de-cubierta-acristalada-con-aluminio-en-vivienda-de-La-Palma.jpeg\" class=\"attachment-full size-full\" alt=\"detalle de estructura de cubierta acristalada con aluminio en vivienda de La Palma\" aria-describedby=\"gallery-1-4200\" srcset=\"https:\/\/rolfbenker.com\/wp-content\/uploads\/2026\/03\/detalle-de-estructura-de-cubierta-acristalada-con-aluminio-en-vivienda-de-La-Palma.jpeg 2048w, https:\/\/rolfbenker.com\/wp-content\/uploads\/2026\/03\/detalle-de-estructura-de-cubierta-acristalada-con-aluminio-en-vivienda-de-La-Palma-300x225.jpeg 300w, https:\/\/rolfbenker.com\/wp-content\/uploads\/2026\/03\/detalle-de-estructura-de-cubierta-acristalada-con-aluminio-en-vivienda-de-La-Palma-1024x768.jpeg 1024w, https:\/\/rolfbenker.com\/wp-content\/uploads\/2026\/03\/detalle-de-estructura-de-cubierta-acristalada-con-aluminio-en-vivienda-de-La-Palma-768x576.jpeg 768w, https:\/\/rolfbenker.com\/wp-content\/uploads\/2026\/03\/detalle-de-estructura-de-cubierta-acristalada-con-aluminio-en-vivienda-de-La-Palma-1536x1152.jpeg 1536w, https:\/\/rolfbenker.com\/wp-content\/uploads\/2026\/03\/detalle-de-estructura-de-cubierta-acristalada-con-aluminio-en-vivienda-de-La-Palma-370x278.jpeg 370w, https:\/\/rolfbenker.com\/wp-content\/uploads\/2026\/03\/detalle-de-estructura-de-cubierta-acristalada-con-aluminio-en-vivienda-de-La-Palma-1200x900.jpeg 1200w, https:\/\/rolfbenker.com\/wp-content\/uploads\/2026\/03\/detalle-de-estructura-de-cubierta-acristalada-con-aluminio-en-vivienda-de-La-Palma-360x270.jpeg 360w\" sizes=\"auto, (max-width: 2048px) 100vw, 2048px\" loading=\"lazy\" decoding=\"async\" fetchpriority=\"low\" title=\"\"><\/a>\n\t\t\t<\/dt>\n\t\t\t\t<dd class='wp-caption-text gallery-caption' id='gallery-1-4200'>\n\t\t\t\tdetalle de estructura de cubierta acristalada con aluminio en vivienda de La Palma\n\t\t\t\t<\/dd><\/dl><dl class='gallery-item'>\n\t\t\t<dt class='gallery-icon landscape'>\n\t\t\t\t<a href='https:\/\/rolfbenker.com\/de\/installation-einer-glas-und-aluminiumueberdachung-fuer-einen-innenhof-auf-la-palma\/detalle-de-cubierta-acristalada-con-reflejo-del-cielo-en-vivienda-de-la-palma\/'><img width=\"2048\" height=\"1536\" src=\"https:\/\/rolfbenker.com\/wp-content\/uploads\/2026\/03\/detalle-de-cubierta-acristalada-con-reflejo-del-cielo-en-vivienda-de-La-Palma.jpeg\" class=\"attachment-full size-full\" alt=\"detalle de cubierta acristalada con reflejo del cielo en vivienda de La Palma\" aria-describedby=\"gallery-1-4201\" srcset=\"https:\/\/rolfbenker.com\/wp-content\/uploads\/2026\/03\/detalle-de-cubierta-acristalada-con-reflejo-del-cielo-en-vivienda-de-La-Palma.jpeg 2048w, https:\/\/rolfbenker.com\/wp-content\/uploads\/2026\/03\/detalle-de-cubierta-acristalada-con-reflejo-del-cielo-en-vivienda-de-La-Palma-300x225.jpeg 300w, https:\/\/rolfbenker.com\/wp-content\/uploads\/2026\/03\/detalle-de-cubierta-acristalada-con-reflejo-del-cielo-en-vivienda-de-La-Palma-1024x768.jpeg 1024w, https:\/\/rolfbenker.com\/wp-content\/uploads\/2026\/03\/detalle-de-cubierta-acristalada-con-reflejo-del-cielo-en-vivienda-de-La-Palma-768x576.jpeg 768w, https:\/\/rolfbenker.com\/wp-content\/uploads\/2026\/03\/detalle-de-cubierta-acristalada-con-reflejo-del-cielo-en-vivienda-de-La-Palma-1536x1152.jpeg 1536w, https:\/\/rolfbenker.com\/wp-content\/uploads\/2026\/03\/detalle-de-cubierta-acristalada-con-reflejo-del-cielo-en-vivienda-de-La-Palma-370x278.jpeg 370w, https:\/\/rolfbenker.com\/wp-content\/uploads\/2026\/03\/detalle-de-cubierta-acristalada-con-reflejo-del-cielo-en-vivienda-de-La-Palma-1200x900.jpeg 1200w, https:\/\/rolfbenker.com\/wp-content\/uploads\/2026\/03\/detalle-de-cubierta-acristalada-con-reflejo-del-cielo-en-vivienda-de-La-Palma-360x270.jpeg 360w\" sizes=\"auto, (max-width: 2048px) 100vw, 2048px\" loading=\"lazy\" decoding=\"async\" fetchpriority=\"low\" title=\"\"><\/a>\n\t\t\t<\/dt>\n\t\t\t\t<dd class='wp-caption-text gallery-caption' id='gallery-1-4201'>\n\t\t\t\tdetalle de cubierta acristalada con reflejo del cielo en vivienda de La Palma\n\t\t\t\t<\/dd><\/dl><dl class='gallery-item'>\n\t\t\t<dt class='gallery-icon landscape'>\n\t\t\t\t<a href='https:\/\/rolfbenker.com\/de\/installation-einer-glas-und-aluminiumueberdachung-fuer-einen-innenhof-auf-la-palma\/cubierta-de-vidrio-para-patio-exterior-en-vivienda-de-la-palma-2\/'><img width=\"2048\" height=\"1536\" src=\"https:\/\/rolfbenker.com\/wp-content\/uploads\/2026\/03\/cubierta-de-vidrio-para-patio-exterior-en-vivienda-de-La-Palma.jpeg\" class=\"attachment-full size-full\" alt=\"cubierta de vidrio para patio exterior en vivienda de La Palma\" aria-describedby=\"gallery-1-4195\" srcset=\"https:\/\/rolfbenker.com\/wp-content\/uploads\/2026\/03\/cubierta-de-vidrio-para-patio-exterior-en-vivienda-de-La-Palma.jpeg 2048w, https:\/\/rolfbenker.com\/wp-content\/uploads\/2026\/03\/cubierta-de-vidrio-para-patio-exterior-en-vivienda-de-La-Palma-300x225.jpeg 300w, https:\/\/rolfbenker.com\/wp-content\/uploads\/2026\/03\/cubierta-de-vidrio-para-patio-exterior-en-vivienda-de-La-Palma-1024x768.jpeg 1024w, https:\/\/rolfbenker.com\/wp-content\/uploads\/2026\/03\/cubierta-de-vidrio-para-patio-exterior-en-vivienda-de-La-Palma-768x576.jpeg 768w, https:\/\/rolfbenker.com\/wp-content\/uploads\/2026\/03\/cubierta-de-vidrio-para-patio-exterior-en-vivienda-de-La-Palma-1536x1152.jpeg 1536w, https:\/\/rolfbenker.com\/wp-content\/uploads\/2026\/03\/cubierta-de-vidrio-para-patio-exterior-en-vivienda-de-La-Palma-370x278.jpeg 370w, https:\/\/rolfbenker.com\/wp-content\/uploads\/2026\/03\/cubierta-de-vidrio-para-patio-exterior-en-vivienda-de-La-Palma-1200x900.jpeg 1200w, https:\/\/rolfbenker.com\/wp-content\/uploads\/2026\/03\/cubierta-de-vidrio-para-patio-exterior-en-vivienda-de-La-Palma-360x270.jpeg 360w\" sizes=\"auto, (max-width: 2048px) 100vw, 2048px\" loading=\"lazy\" decoding=\"async\" fetchpriority=\"low\" title=\"\"><\/a>\n\t\t\t<\/dt>\n\t\t\t\t<dd class='wp-caption-text gallery-caption' id='gallery-1-4195'>\n\t\t\t\tcubierta de vidrio para patio exterior en vivienda de La Palma\n\t\t\t\t<\/dd><\/dl><br style=\"clear: both\" \/>\n\t\t<\/div>\n\n<p data-start=\"3860\" data-end=\"3938\">\n","protected":false},"excerpt":{"rendered":"<p>Bei Rolf Benker Carpinter\u00eda Artesanal realisieren wir weiterhin Projekte im Bereich ma\u00dfgefertigte Tischlerarbeiten und Konstruktionen auf La Palma, bei denen wir Design, Funktionalit\u00e4t und hochwertige Materialien miteinander verbinden. In diesem Projekt pr\u00e4sentieren wir die Installation einer Glas- und Aluminium\u00fcberdachung f\u00fcr&#8230;<\/p>\n","protected":false},"author":1,"featured_media":4196,"comment_status":"closed","ping_status":"closed","sticky":false,"template":"","format":"standard","meta":{"footnotes":""},"categories":[35],"tags":[],"class_list":["post-4194","post","type-post","status-publish","format-standard","has-post-thumbnail","hentry","category-unkategorisiert"],"_links":{"self":[{"href":"https:\/\/rolfbenker.com\/de\/wp-json\/wp\/v2\/posts\/4194","targetHints":{"allow":["GET"]}}],"collection":[{"href":"https:\/\/rolfbenker.com\/de\/wp-json\/wp\/v2\/posts"}],"about":[{"href":"https:\/\/rolfbenker.com\/de\/wp-json\/wp\/v2\/types\/post"}],"author":[{"embeddable":true,"href":"https:\/\/rolfbenker.com\/de\/wp-json\/wp\/v2\/users\/1"}],"replies":[{"embeddable":true,"href":"https:\/\/rolfbenker.com\/de\/wp-json\/wp\/v2\/comments?post=4194"}],"version-history":[{"count":4,"href":"https:\/\/rolfbenker.com\/de\/wp-json\/wp\/v2\/posts\/4194\/revisions"}],"predecessor-version":[{"id":4207,"href":"https:\/\/rolfbenker.com\/de\/wp-json\/wp\/v2\/posts\/4194\/revisions\/4207"}],"wp:featuredmedia":[{"embeddable":true,"href":"https:\/\/rolfbenker.com\/de\/wp-json\/wp\/v2\/media\/4196"}],"wp:attachment":[{"href":"https:\/\/rolfbenker.com\/de\/wp-json\/wp\/v2\/media?parent=4194"}],"wp:term":[{"taxonomy":"category","embeddable":true,"href":"https:\/\/rolfbenker.com\/de\/wp-json\/wp\/v2\/categories?post=4194"},{"taxonomy":"post_tag","embeddable":true,"href":"https:\/\/rolfbenker.com\/de\/wp-json\/wp\/v2\/tags?post=4194"}],"curies":[{"name":"wp","href":"https:\/\/api.w.org\/{rel}","templated":true}]}}